{"id":151636,"date":"2026-03-06T17:02:37","date_gmt":"2026-03-06T15:02:37","guid":{"rendered":"https:\/\/www.burgosdeporte.com\/?p=151636"},"modified":"2026-03-07T17:58:32","modified_gmt":"2026-03-07T15:58:32","slug":"la-xi-vuelta-a-burgos-feminas-presenta-su-cartel-para-este-ano","status":"publish","type":"post","link":"https:\/\/www.burgosdeporte.com\/?p=151636","title":{"rendered":"La XI Vuelta a Burgos F\u00e9minas presenta su cartel para este a\u00f1o"},"content":{"rendered":"\n<p><strong><em>La prueba se suma al a\u00f1o del eclipse en la provincia y abre<\/em><\/strong> <strong><em>la cuenta atr\u00e1s para una nueva edici\u00f3n del Women\u2019s WorldTour<\/em><\/strong><\/p>\n\n\n\n<p class=\"has-text-align-right\">(<em>Imagen: IDJ Burgos<\/em>)<\/p>\n\n\n<div class=\"wp-block-image\">\n<figure class=\"aligncenter size-full is-resized\"><a href=\"https:\/\/www.tandemgyd.com\/\" target=\"_blank\" rel=\" noreferrer noopener\"><img loading=\"lazy\" decoding=\"async\" width=\"750\" height=\"265\" src=\"https:\/\/www.burgosdeporte.com\/wp-content\/uploads\/2025\/09\/tandem750x265.fw_.png\" alt=\"\" class=\"wp-image-144121\" style=\"aspect-ratio:2.8302401385284846;width:413px;height:auto\" srcset=\"https:\/\/www.burgosdeporte.com\/wp-content\/uploads\/2025\/09\/tandem750x265.fw_.png 750w, https:\/\/www.burgosdeporte.com\/wp-content\/uploads\/2025\/09\/tandem750x265.fw_-300x106.png 300w, https:\/\/www.burgosdeporte.com\/wp-content\/uploads\/2025\/09\/tandem750x265.fw_-150x53.png 150w, https:\/\/www.burgosdeporte.com\/wp-content\/uploads\/2025\/09\/tandem750x265.fw_-696x246.png 696w\" sizes=\"auto, (max-width: 750px) 100vw, 750px\" \/><\/a><\/figure>\n<\/div>\n\n\n<p>La Sala de Comisiones de la Diputaci\u00f3n de Burgos ha acogido esta ma\u00f1ana la presentaci\u00f3n oficial del cartel de la XI edici\u00f3n de la Vuelta a Burgos F\u00e9minas, una prueba que se celebrar\u00e1 del 21 al 24 de mayo de 2026 y que volver\u00e1 a situar a la provincia en el calendario internacional del ciclismo femenino.<\/p>\n\n\n\n<p>El acto ha contado con la intervenci\u00f3n de la portavoz de la Diputaci\u00f3n de Burgos, Inmaculada Sierra Vecilla, quien ha destacado el compromiso de la instituci\u00f3n provincial con el deporte femenino y el papel que la Vuelta a Burgos F\u00e9minas ha desempe\u00f1ado desde sus inicios para impulsar su visibilidad y crecimiento. La presentaci\u00f3n ha contado tambi\u00e9n con la presencia de la directora de la Vuelta Femenina, Sonia Mart\u00ednez  y el presidente del Instituto para el Deporte y la Juventud, \u00c1ngel Carret\u00f3n. <\/p>\n\n\n\n<figure class=\"wp-block-image size-full\"><img loading=\"lazy\" decoding=\"async\" width=\"1000\" height=\"616\" src=\"https:\/\/www.burgosdeporte.com\/wp-content\/uploads\/2026\/03\/PRESENTACION-VUELTA-FEMINAS-2026.jpg\" alt=\"\" class=\"wp-image-151645\" srcset=\"https:\/\/www.burgosdeporte.com\/wp-content\/uploads\/2026\/03\/PRESENTACION-VUELTA-FEMINAS-2026.jpg 1000w, https:\/\/www.burgosdeporte.com\/wp-content\/uploads\/2026\/03\/PRESENTACION-VUELTA-FEMINAS-2026-300x185.jpg 300w, https:\/\/www.burgosdeporte.com\/wp-content\/uploads\/2026\/03\/PRESENTACION-VUELTA-FEMINAS-2026-768x473.jpg 768w, https:\/\/www.burgosdeporte.com\/wp-content\/uploads\/2026\/03\/PRESENTACION-VUELTA-FEMINAS-2026-150x92.jpg 150w, https:\/\/www.burgosdeporte.com\/wp-content\/uploads\/2026\/03\/PRESENTACION-VUELTA-FEMINAS-2026-696x429.jpg 696w\" sizes=\"auto, (max-width: 1000px) 100vw, 1000px\" \/><figcaption class=\"wp-element-caption\">Un momento de la presentaci\u00f3n con la portavoz de la Diputaci\u00f3n,  Inmaculada Sierra, la directora de la Vuelta Sonia Mart\u00edonez, en el centro y el presidente del IDJ \u00c1ngel Carret\u00f3n. .- Foto: Ricardo Ord\u00f3\u00f1ez<\/figcaption><\/figure>\n\n\n\n<p>Sierra ha recordado que la presentaci\u00f3n del cartel llega adem\u00e1s en una semana especialmente significativa con motivo de la celebraci\u00f3n, en los pr\u00f3ximos d\u00edas, del D\u00eda Internacional de la Mujer. En su intervenci\u00f3n ha subrayado que el deporte femenino ha tenido que abrirse paso durante a\u00f1os con esfuerzo, talento y perseverancia, y ha puesto en valor el trabajo realizado por instituciones, federaciones, equipos y deportistas para alcanzar el momento de reconocimiento y crecimiento que vive actualmente.<\/p>\n\n\n\n<p>En este contexto, la portavoz ha se\u00f1alado que la provincia de Burgos fue pionera en Espa\u00f1a al apostar por una carrera femenina de ciclismo cuando a\u00fan eran muy pocas las competiciones que ofrec\u00edan a las mujeres un escenario profesional de primer nivel. Aquella apuesta, ha explicado, se ha consolidado con el paso de los a\u00f1os hasta convertir la Vuelta a Burgos F\u00e9minas en una prueba integrada en el calendario internacional que re\u00fane cada temporada a las mejores corredoras del mundo.<\/p>\n\n\n\n<p>M\u00e1s all\u00e1 del \u00e1mbito deportivo, Sierra tambi\u00e9n ha destacado la proyecci\u00f3n que la carrera ofrece a la provincia. Durante varios d\u00edas, Burgos se convierte en un escaparate internacional gracias a las retransmisiones, los medios de comunicaci\u00f3n y las redes sociales que muestran paisajes, pueblos y patrimonio a millones de espectadores. Adem\u00e1s, la prueba permite que numerosos municipios se conviertan en protagonistas del evento y refuerza el v\u00ednculo hist\u00f3rico entre la provincia y el ciclismo.<\/p>\n\n\n\n<p>La portavoz ha se\u00f1alado igualmente el valor inspirador que tiene la competici\u00f3n para las nuevas generaciones. Cada corredora que participa en la Vuelta a Burgos F\u00e9minas representa el esfuerzo, la superaci\u00f3n y el talento de muchas mujeres que han abierto camino en el deporte, y su presencia sirve de referencia para ni\u00f1as y j\u00f3venes que sue\u00f1an con dedicarse al ciclismo.<\/p>\n\n\n\n<p>El cartel presentado para esta und\u00e9cima edici\u00f3n, dise\u00f1ado por Sonia Garc\u00eda Lozano, incorpora un gui\u00f1o a uno de los acontecimientos naturales m\u00e1s destacados que vivir\u00e1 la provincia este a\u00f1o: el eclipse solar total que podr\u00e1 contemplarse el 12 de agosto de 2026 desde distintos puntos del territorio burgal\u00e9s.<\/p>\n\n\n\n<p>La XI Vuelta a Burgos F\u00e9minas formar\u00e1 parte, un a\u00f1o m\u00e1s, del calendario UCI Women\u2019s WorldTour, la m\u00e1xima categor\u00eda del ciclismo internacional femenino, al mismo nivel que las grandes rondas como el Tour de Francia, el Giro de Italia o la Vuelta a Espa\u00f1a.<\/p>\n\n\n\n<p>La competici\u00f3n se disputar\u00e1 en cuatro etapas que recorrer\u00e1n distintos puntos de la provincia. La primera jornada, el jueves 21 de mayo, partir\u00e1 y concluir\u00e1 en la ciudad de Burgos bajo la denominaci\u00f3n \u201cBurgos Eclipsa\u201d, en referencia al fen\u00f3meno astron\u00f3mico que podr\u00e1 observarse este verano en la provincia.<\/p>\n\n\n\n<p>La segunda etapa, el viernes 22 de mayo, llevar\u00e1 el nombre de \u201cPatrimonio Enol\u00f3gico\u201d. Saldr\u00e1 de Castrojeriz y finalizar\u00e1 en las Bodegas Vi\u00f1a Pedrosa, en Pedrosa de Duero, atravesando territorios vinculados a las denominaciones de origen Arlanza y Ribera del Duero.<\/p>\n\n\n\n<p>El s\u00e1bado 23 de mayo se disputar\u00e1 la tercera jornada, \u201cTerritorio Obarenes\u201d, con salida en Busto de Bureba y llegada en Medina de Pomar, una etapa que permitir\u00e1 descubrir una zona de gran atractivo para el turismo activo donde se combinan historia y paisajes naturales.<\/p>\n\n\n\n<p>La carrera se resolver\u00e1 el domingo 24 de mayo con la etapa \u201cCaminos en flor\u201d, que partir\u00e1 de Gumiel de Mercado y concluir\u00e1 en uno de los escenarios m\u00e1s emblem\u00e1ticos del ciclismo burgal\u00e9s: las Lagunas de Neila, en pleno entorno natural del Parque Natural de los Sabinares del Arlanza y Las Lagunas de Neila.<\/p>\n\n\n\n<p>Con la presentaci\u00f3n del cartel comienza as\u00ed la cuenta atr\u00e1s para una nueva edici\u00f3n de una prueba que, a\u00f1o tras a\u00f1o, contin\u00faa consolidando a Burgos como uno de los grandes referentes del ciclismo internacional femenino.<\/p>\n","protected":false},"excerpt":{"rendered":"<p>La prueba se suma al a\u00f1o del eclipse en la provincia y abre la cuenta atr\u00e1s para una nueva edici\u00f3n del Women\u2019s WorldTour (Imagen: IDJ Burgos) La Sala de Comisiones de la Diputaci\u00f3n de Burgos ha acogido esta ma\u00f1ana la presentaci\u00f3n oficial del cartel de la XI edici\u00f3n de la Vuelta a Burgos F\u00e9minas, una [&hellip;]<\/p>\n","protected":false},"author":10,"featured_media":151637,"comment_status":"closed","ping_status":"closed","sticky":false,"template":"","format":"standard","meta":{"_monsterinsights_skip_tracking":false,"_monsterinsights_sitenote_active":false,"_monsterinsights_sitenote_note":"","_monsterinsights_sitenote_category":0,"footnotes":""},"categories":[63],"tags":[1553,64,531],"class_list":{"0":"post-151636","1":"post","2":"type-post","3":"status-publish","4":"format-standard","5":"has-post-thumbnail","7":"category-ciclismo","8":"tag-actualidad-2","9":"tag-ciclismo","10":"tag-vueltaaburgosfeminas"},"views":43,"_links":{"self":[{"href":"https:\/\/www.burgosdeporte.com\/index.php?rest_route=\/wp\/v2\/posts\/151636","targetHints":{"allow":["GET"]}}],"collection":[{"href":"https:\/\/www.burgosdeporte.com\/index.php?rest_route=\/wp\/v2\/posts"}],"about":[{"href":"https:\/\/www.burgosdeporte.com\/index.php?rest_route=\/wp\/v2\/types\/post"}],"author":[{"embeddable":true,"href":"https:\/\/www.burgosdeporte.com\/index.php?rest_route=\/wp\/v2\/users\/10"}],"replies":[{"embeddable":true,"href":"https:\/\/www.burgosdeporte.com\/index.php?rest_route=%2Fwp%2Fv2%2Fcomments&post=151636"}],"version-history":[{"count":3,"href":"https:\/\/www.burgosdeporte.com\/index.php?rest_route=\/wp\/v2\/posts\/151636\/revisions"}],"predecessor-version":[{"id":151648,"href":"https:\/\/www.burgosdeporte.com\/index.php?rest_route=\/wp\/v2\/posts\/151636\/revisions\/151648"}],"wp:featuredmedia":[{"embeddable":true,"href":"https:\/\/www.burgosdeporte.com\/index.php?rest_route=\/wp\/v2\/media\/151637"}],"wp:attachment":[{"href":"https:\/\/www.burgosdeporte.com\/index.php?rest_route=%2Fwp%2Fv2%2Fmedia&parent=151636"}],"wp:term":[{"taxonomy":"category","embeddable":true,"href":"https:\/\/www.burgosdeporte.com\/index.php?rest_route=%2Fwp%2Fv2%2Fcategories&post=151636"},{"taxonomy":"post_tag","embeddable":true,"href":"https:\/\/www.burgosdeporte.com\/index.php?rest_route=%2Fwp%2Fv2%2Ftags&post=151636"}],"curies":[{"name":"wp","href":"https:\/\/api.w.org\/{rel}","templated":true}]}}