{"id":151628,"date":"2026-03-06T15:52:13","date_gmt":"2026-03-06T13:52:13","guid":{"rendered":"https:\/\/www.burgosdeporte.com\/?p=151628"},"modified":"2026-03-07T13:09:36","modified_gmt":"2026-03-07T11:09:36","slug":"el-burgos-cf-formara-parte-de-la-primera-jornada-retro-de-laliga","status":"publish","type":"post","link":"https:\/\/www.burgosdeporte.com\/?p=151628","title":{"rendered":"El Burgos CF formar\u00e1 parte de la primera Jornada Retro de LaLiga"},"content":{"rendered":"\n<p><strong><em>El club vestir\u00e1 una equipaci\u00f3n conmemorativa de uno de los momentos m\u00e1s importantes de su historia reciente en el choque ante el Real Sporting de la jornada 35, que se disputar\u00e1 en El Plant\u00edo entre el 10 y el 13 de abril<\/em><\/strong><\/p>\n\n\n\n<p class=\"has-text-align-right\">(<em>Fotograf\u00eda: Burgos CF<\/em>)<\/p>\n\n\n<div class=\"wp-block-image\">\n<figure class=\"aligncenter size-full\"><a href=\"https:\/\/castillafloristeria.com\/\" target=\"_blank\" rel=\" noreferrer noopener\"><img loading=\"lazy\" decoding=\"async\" width=\"300\" height=\"90\" src=\"https:\/\/www.burgosdeporte.com\/wp-content\/uploads\/2023\/10\/floristeria_castilla.fw_.png\" alt=\"\" class=\"wp-image-108421\" srcset=\"https:\/\/www.burgosdeporte.com\/wp-content\/uploads\/2023\/10\/floristeria_castilla.fw_.png 300w, https:\/\/www.burgosdeporte.com\/wp-content\/uploads\/2023\/10\/floristeria_castilla.fw_-150x45.png 150w\" sizes=\"auto, (max-width: 300px) 100vw, 300px\" \/><\/a><\/figure>\n<\/div>\n\n\n<p>El Burgos CF participar\u00e1 en la primera Jornada Retro de la historia de LaLiga, una acci\u00f3n in\u00e9dita en el f\u00fatbol profesional europeo en la que 38 clubes de LALIGA EA SPORTS y LALIGA HYPERMOTION saltar\u00e1n al terreno de juego con nuevas equipaciones inspiradas en ediciones ic\u00f3nicas de su pasado, acompa\u00f1ados tambi\u00e9n por los \u00e1rbitros, que vestir\u00e1n un dise\u00f1o especial a trav\u00e9s del Comit\u00e9 T\u00e9cnico de \u00c1rbitros (CTA) de la RFEF.<\/p>\n\n\n\n<p>La jornada elegida para llevar esta acci\u00f3n a cabo ser\u00e1 la 35, en la que el conjunto blanquinegro se enfrentar\u00e1 al Real Sporting de Gij\u00f3n en El Plant\u00edo entre el 10 y el 13 de abril vistiendo una equipaci\u00f3n inspirada en un momento hist\u00f3rico que marc\u00f3 uno de los hitos m\u00e1s importantes de la historia reciente del club. Esta camiseta especial saldr\u00e1 a la venta pr\u00f3ximamente y podr\u00e1 adquirise tanto en la tienda online como en las BCFTiendas de El Plant\u00edo y de la C\/ La\u00edn Calvo 42.<\/p>\n\n\n\n<p>La Jornada Retro LALIGA nace como una expresi\u00f3n tangible de \u201cun legado muy vivo\u201d, convirtiendo la historia de los clubes en una experiencia que se emociona, se celebra y tambi\u00e9n se viste sobre el terreno de juego. Las camisetas hist\u00f3ricas, reinterpretadas para la competici\u00f3n actual, act\u00faan como un puente entre generaciones, conectando los or\u00edgenes de la afici\u00f3n con la forma en la que hoy se vive el f\u00fatbol. Una iniciativa que une f\u00fatbol y moda en el propio terreno de juego, situando a LALIGA como la \u00fanica de las cinco grandes ligas europeas en impulsar una acci\u00f3n conjunta de estas caracter\u00edsticas.<\/p>\n\n\n\n<p>Durante la jornada 31 de LALIGA EA SPORTS y la jornada 35 de LALIGA HYPERMOTION 38 clubes de LALIGA se sumar\u00e1n a esta iniciativa, vistiendo nuevas equipaciones retro inspiradas en modelos hist\u00f3ricos de su trayectoria.<\/p>\n\n\n\n<p><strong>La colecci\u00f3n que nunca pasar\u00e1 de moda<\/strong><\/p>\n\n\n\n<p>La Jornada Retro LALIGA da forma a \u201cla colecci\u00f3n que nunca pasar\u00e1 de moda\u201d, una propuesta que convierte la historia de los clubes en tendencia contempor\u00e1nea. Las equipaciones participantes ser\u00e1n presentadas el pr\u00f3ximo jueves 19 de marzo en la MBFWMadrid, llevando el legado del f\u00fatbol espa\u00f1ol a uno de los principales escaparates internacionales de la industria creativa. Una uni\u00f3n natural entre f\u00fatbol y moda que trasciende el terreno de juego y sit\u00faa la identidad de los clubes en el centro de la conversaci\u00f3n cultural.<\/p>\n","protected":false},"excerpt":{"rendered":"<p>El club vestir\u00e1 una equipaci\u00f3n conmemorativa de uno de los momentos m\u00e1s importantes de su historia reciente en el choque ante el Real Sporting de la jornada 35, que se disputar\u00e1 en El Plant\u00edo entre el 10 y el 13 de abril (Fotograf\u00eda: Burgos CF) El Burgos CF participar\u00e1 en la primera Jornada Retro de [&hellip;]<\/p>\n","protected":false},"author":10,"featured_media":151629,"comment_status":"closed","ping_status":"closed","sticky":false,"template":"","format":"standard","meta":{"_monsterinsights_skip_tracking":false,"_monsterinsights_sitenote_active":false,"_monsterinsights_sitenote_note":"","_monsterinsights_sitenote_category":0,"footnotes":""},"categories":[4],"tags":[1553,29,32],"class_list":{"0":"post-151628","1":"post","2":"type-post","3":"status-publish","4":"format-standard","5":"has-post-thumbnail","7":"category-futbol","8":"tag-actualidad-2","9":"tag-burgoscf","10":"tag-futbol"},"views":110,"_links":{"self":[{"href":"https:\/\/www.burgosdeporte.com\/index.php?rest_route=\/wp\/v2\/posts\/151628","targetHints":{"allow":["GET"]}}],"collection":[{"href":"https:\/\/www.burgosdeporte.com\/index.php?rest_route=\/wp\/v2\/posts"}],"about":[{"href":"https:\/\/www.burgosdeporte.com\/index.php?rest_route=\/wp\/v2\/types\/post"}],"author":[{"embeddable":true,"href":"https:\/\/www.burgosdeporte.com\/index.php?rest_route=\/wp\/v2\/users\/10"}],"replies":[{"embeddable":true,"href":"https:\/\/www.burgosdeporte.com\/index.php?rest_route=%2Fwp%2Fv2%2Fcomments&post=151628"}],"version-history":[{"count":1,"href":"https:\/\/www.burgosdeporte.com\/index.php?rest_route=\/wp\/v2\/posts\/151628\/revisions"}],"predecessor-version":[{"id":151630,"href":"https:\/\/www.burgosdeporte.com\/index.php?rest_route=\/wp\/v2\/posts\/151628\/revisions\/151630"}],"wp:featuredmedia":[{"embeddable":true,"href":"https:\/\/www.burgosdeporte.com\/index.php?rest_route=\/wp\/v2\/media\/151629"}],"wp:attachment":[{"href":"https:\/\/www.burgosdeporte.com\/index.php?rest_route=%2Fwp%2Fv2%2Fmedia&parent=151628"}],"wp:term":[{"taxonomy":"category","embeddable":true,"href":"https:\/\/www.burgosdeporte.com\/index.php?rest_route=%2Fwp%2Fv2%2Fcategories&post=151628"},{"taxonomy":"post_tag","embeddable":true,"href":"https:\/\/www.burgosdeporte.com\/index.php?rest_route=%2Fwp%2Fv2%2Ftags&post=151628"}],"curies":[{"name":"wp","href":"https:\/\/api.w.org\/{rel}","templated":true}]}}