{"id":151595,"date":"2026-03-05T18:33:38","date_gmt":"2026-03-05T16:33:38","guid":{"rendered":"https:\/\/www.burgosdeporte.com\/?p=151595"},"modified":"2026-03-06T17:24:58","modified_gmt":"2026-03-06T15:24:58","slug":"el-burgos-cf-renueva-a-saul-del-cerro-hasta-2029","status":"publish","type":"post","link":"https:\/\/www.burgosdeporte.com\/?p=151595","title":{"rendered":"El Burgos CF renueva a Sa\u00fal del Cerro hasta 2029"},"content":{"rendered":"\n<p><strong><em>El canterano burgal\u00e9s continuar\u00e1 durante tres temporadas m\u00e1s en el club blanquinegro<\/em><\/strong><\/p>\n\n\n\n<p class=\"has-text-align-right\">(<em>Fotograf\u00eda: Burgos CF<\/em>)<\/p>\n\n\n<div class=\"wp-block-image\">\n<figure class=\"aligncenter size-full\"><a href=\"https:\/\/red.nissan.es\/ibermotor\/nissan\/tae-nissan?utm_source=burgosdeporte&amp;utm_medium=banner&amp;utm_campaign=burgosdeporte_nissa0tae_marzo26\" target=\"_blank\" rel=\" noreferrer noopener\"><img loading=\"lazy\" decoding=\"async\" width=\"300\" height=\"250\" src=\"https:\/\/www.burgosdeporte.com\/wp-content\/uploads\/2026\/03\/Nissan0TAE_hasta16marzo2026.jpg\" alt=\"\" class=\"wp-image-151579\" srcset=\"https:\/\/www.burgosdeporte.com\/wp-content\/uploads\/2026\/03\/Nissan0TAE_hasta16marzo2026.jpg 300w, https:\/\/www.burgosdeporte.com\/wp-content\/uploads\/2026\/03\/Nissan0TAE_hasta16marzo2026-150x125.jpg 150w\" sizes=\"auto, (max-width: 300px) 100vw, 300px\" \/><\/a><\/figure>\n<\/div>\n\n\n<p>Sa\u00fal del Cerro renueva con el Burgos CF hasta 2029. El prometedor canterano burgal\u00e9s se queda en el club de su ciudad por tres temporadas, adem\u00e1s de la actual. Con esta renovaci\u00f3n, el conjunto blanquinegro se asegura la continuidad de un jugador joven, con mucha proyecci\u00f3n y que demuestra una jerarqu\u00eda en defensa impropia para su edad.<\/p>\n\n\n\n<p>Del Cerro, que vive su primer a\u00f1o como futbolista de pleno derecho del primer equipo, sigue demostrando por qu\u00e9 es uno de los mayores talentos de La Factor\u00eda. El joven defensa de 21 a\u00f1os ha participado esta temporada como titular en los cuatro encuentros de Copa del Rey del Burgos CF, con dos de ellos ante equipos de Primera Divisi\u00f3n como el Valencia CF y el Getafe CF, en los que el canterano demostr\u00f3 jerarqu\u00eda y capacidad para competir en la \u00e9lite.<\/p>\n\n\n\n<p>Sa\u00fal, que tambi\u00e9n sali\u00f3 de inicio en el \u00faltimo partido liguero ante el Real Zaragoza, ha quemado etapas a un ritmo vertiginoso, debutando hace dos temporadas en LaLiga HyperMotion ante el Real Valladolid y viviendo una experiencia enriquecedora en la AD M\u00e9rida de 1\u00aa RFEF, equipo con el que disput\u00f3 el Play-Off de ascenso.<\/p>\n\n\n\n<p>Ahora, Sa\u00fal buscar\u00e1 sumar m\u00e1s minutos en el primer equipo blanquinegro y asentarse en la segunda categor\u00eda del f\u00fatbol espa\u00f1ol con tan solo 21 a\u00f1os.<\/p>\n","protected":false},"excerpt":{"rendered":"<p>El canterano burgal\u00e9s continuar\u00e1 durante tres temporadas m\u00e1s en el club blanquinegro (Fotograf\u00eda: Burgos CF) Sa\u00fal del Cerro renueva con el Burgos CF hasta 2029. El prometedor canterano burgal\u00e9s se queda en el club de su ciudad por tres temporadas, adem\u00e1s de la actual. Con esta renovaci\u00f3n, el conjunto blanquinegro se asegura la continuidad de [&hellip;]<\/p>\n","protected":false},"author":10,"featured_media":151596,"comment_status":"closed","ping_status":"closed","sticky":false,"template":"","format":"standard","meta":{"_monsterinsights_skip_tracking":false,"_monsterinsights_sitenote_active":false,"_monsterinsights_sitenote_note":"","_monsterinsights_sitenote_category":0,"footnotes":""},"categories":[4],"tags":[1553,29,32,2702],"class_list":{"0":"post-151595","1":"post","2":"type-post","3":"status-publish","4":"format-standard","5":"has-post-thumbnail","7":"category-futbol","8":"tag-actualidad-2","9":"tag-burgoscf","10":"tag-futbol","11":"tag-sauldelcerro-2"},"views":74,"_links":{"self":[{"href":"https:\/\/www.burgosdeporte.com\/index.php?rest_route=\/wp\/v2\/posts\/151595","targetHints":{"allow":["GET"]}}],"collection":[{"href":"https:\/\/www.burgosdeporte.com\/index.php?rest_route=\/wp\/v2\/posts"}],"about":[{"href":"https:\/\/www.burgosdeporte.com\/index.php?rest_route=\/wp\/v2\/types\/post"}],"author":[{"embeddable":true,"href":"https:\/\/www.burgosdeporte.com\/index.php?rest_route=\/wp\/v2\/users\/10"}],"replies":[{"embeddable":true,"href":"https:\/\/www.burgosdeporte.com\/index.php?rest_route=%2Fwp%2Fv2%2Fcomments&post=151595"}],"version-history":[{"count":1,"href":"https:\/\/www.burgosdeporte.com\/index.php?rest_route=\/wp\/v2\/posts\/151595\/revisions"}],"predecessor-version":[{"id":151597,"href":"https:\/\/www.burgosdeporte.com\/index.php?rest_route=\/wp\/v2\/posts\/151595\/revisions\/151597"}],"wp:featuredmedia":[{"embeddable":true,"href":"https:\/\/www.burgosdeporte.com\/index.php?rest_route=\/wp\/v2\/media\/151596"}],"wp:attachment":[{"href":"https:\/\/www.burgosdeporte.com\/index.php?rest_route=%2Fwp%2Fv2%2Fmedia&parent=151595"}],"wp:term":[{"taxonomy":"category","embeddable":true,"href":"https:\/\/www.burgosdeporte.com\/index.php?rest_route=%2Fwp%2Fv2%2Fcategories&post=151595"},{"taxonomy":"post_tag","embeddable":true,"href":"https:\/\/www.burgosdeporte.com\/index.php?rest_route=%2Fwp%2Fv2%2Ftags&post=151595"}],"curies":[{"name":"wp","href":"https:\/\/api.w.org\/{rel}","templated":true}]}}