{"id":151588,"date":"2026-03-05T18:23:59","date_gmt":"2026-03-05T16:23:59","guid":{"rendered":"https:\/\/www.burgosdeporte.com\/?p=151588"},"modified":"2026-03-06T16:05:16","modified_gmt":"2026-03-06T14:05:16","slug":"trece-oros-para-el-judo-burgales-en-los-regionales-infantil-y-cadete","status":"publish","type":"post","link":"https:\/\/www.burgosdeporte.com\/?p=151588","title":{"rendered":"Trece oros para el judo burgal\u00e9s en los regionales infantil y cadete"},"content":{"rendered":"\n<p><strong><em>Los burgaleses sumaron un total de 31 medallas en unas pruebas donde fueron protagonistas<\/em><\/strong><\/p>\n\n\n<div class=\"wp-block-image\">\n<figure class=\"aligncenter size-full is-resized\"><a href=\"https:\/\/www.hotelciudaddeburgos.com\/es\/\" target=\"_blank\" rel=\" noreferrer noopener\"><img loading=\"lazy\" decoding=\"async\" width=\"989\" height=\"431\" src=\"https:\/\/www.burgosdeporte.com\/wp-content\/uploads\/2025\/05\/LOGO-SPIRIT-HCB-NEGRO.png\" alt=\"\" class=\"wp-image-140419\" style=\"aspect-ratio:2.2946285279482748;width:328px;height:auto\" srcset=\"https:\/\/www.burgosdeporte.com\/wp-content\/uploads\/2025\/05\/LOGO-SPIRIT-HCB-NEGRO.png 989w, https:\/\/www.burgosdeporte.com\/wp-content\/uploads\/2025\/05\/LOGO-SPIRIT-HCB-NEGRO-300x131.png 300w, https:\/\/www.burgosdeporte.com\/wp-content\/uploads\/2025\/05\/LOGO-SPIRIT-HCB-NEGRO-768x335.png 768w, https:\/\/www.burgosdeporte.com\/wp-content\/uploads\/2025\/05\/LOGO-SPIRIT-HCB-NEGRO-150x65.png 150w, https:\/\/www.burgosdeporte.com\/wp-content\/uploads\/2025\/05\/LOGO-SPIRIT-HCB-NEGRO-696x303.png 696w\" sizes=\"auto, (max-width: 989px) 100vw, 989px\" \/><\/a><\/figure>\n<\/div>\n\n\n<p>Al judoka burgal\u00e9s Rub\u00e9n D\u00edez, del Club Grandmontagne (66 kg), actual Campe\u00f3n de Espa\u00f1a en categor\u00eda infantil y l\u00edder en el Ranking Nacional de la Real Federaci\u00f3n de Judo, se le unir\u00e1n otros trece judokas burgaleses como miembros de la Selecci\u00f3n de Castilla y Le\u00f3n, siendo de nuevo Burgos la Ciudad que m\u00e1s judokas aporta al combinado regional.<\/p>\n\n\n\n<p>Son nuevos Campeones de Castilla y Le\u00f3n de Judo los burgaleses:<\/p>\n\n\n\n<p>CAMPEONES DE CASTILLA Y LE\u00d3N, CATEGORIA INFANTIL (7)<\/p>\n\n\n\n<p>NOA BARAJAS.&nbsp; Grandmontagne&nbsp; 52&nbsp; kg<\/p>\n\n\n\n<p>BRUNO ALONSO.&nbsp;&nbsp; Grandmontagne 38&nbsp; kg<\/p>\n\n\n\n<p>ANGEL JURADO.&nbsp;&nbsp; Grandmontagne&nbsp; 42 kg<\/p>\n\n\n\n<p>GERMAN APARICIO.&nbsp;&nbsp; Elite&nbsp; 50&nbsp; kg<\/p>\n\n\n\n<p>MARIO DELGADO.&nbsp; Suzaku&nbsp; 55 kg<\/p>\n\n\n\n<p>JOSE LUIS PEREZ.&nbsp; Suzaku&nbsp; 60&nbsp; kg<\/p>\n\n\n\n<p>RODRIGO PORRES. Suzaku +66&nbsp; kg<\/p>\n\n\n\n<p>CAMPEONES DE CASTILLA Y LE\u00d3N, CATEGORIA CADETE (6)<\/p>\n\n\n\n<p>CARLA RODRIGUEZ. Estudiantes 40 kg<\/p>\n\n\n\n<p>LETIZIA ORTIZ. Grandmontagne&nbsp; 44 kg<\/p>\n\n\n\n<p>CELIA LABARGA. Grandmontagne&nbsp; 63 kg<\/p>\n\n\n\n<p>ALEJANDRO INCHAUSTI.&nbsp;&nbsp; Suzaku&nbsp; 66 kg<\/p>\n\n\n\n<p>RODRIGO FRANCES.&nbsp;&nbsp; Grandmontagne 73 kg<\/p>\n\n\n\n<p>ROMAN MART\u00cdN.&nbsp;&nbsp; Grandmontagne&nbsp; 90&nbsp; kg<\/p>\n\n\n\n<p>Estos trece deportistas, junto a Rub\u00e9n D\u00edez, formar\u00e1n parte del combinado de Castilla y Le\u00f3n en los Campeonatos de Espa\u00f1a de la Juventud que se disputar\u00e1n en Palma de Mallorca.<\/p>\n\n\n\n<p>Esto supone que un total de catorce judokas de los treinta y tres seleccionados por Castilla y Le\u00f3n son burgaleses. Un 42% del equipo, lo que evidencia un evidente dominio actual en el conjunto de estas categor\u00edas para los clubes locales en el entorno del Judo de Castilla y Le\u00f3n, d\u00e1ndose la circunstancia de que adem\u00e1s son nada menos que cuatro clubes locales, que consiguen al menos un representante en esta lista.<\/p>\n","protected":false},"excerpt":{"rendered":"<p>Los burgaleses sumaron un total de 31 medallas en unas pruebas donde fueron protagonistas Al judoka burgal\u00e9s Rub\u00e9n D\u00edez, del Club Grandmontagne (66 kg), actual Campe\u00f3n de Espa\u00f1a en categor\u00eda infantil y l\u00edder en el Ranking Nacional de la Real Federaci\u00f3n de Judo, se le unir\u00e1n otros trece judokas burgaleses como miembros de la Selecci\u00f3n [&hellip;]<\/p>\n","protected":false},"author":10,"featured_media":151589,"comment_status":"closed","ping_status":"closed","sticky":false,"template":"","format":"standard","meta":{"_monsterinsights_skip_tracking":false,"_monsterinsights_sitenote_active":false,"_monsterinsights_sitenote_note":"","_monsterinsights_sitenote_category":0,"footnotes":""},"categories":[134,15],"tags":[1553,133],"class_list":{"0":"post-151588","1":"post","2":"type-post","3":"status-publish","4":"format-standard","5":"has-post-thumbnail","7":"category-judo","8":"category-otros","9":"tag-actualidad-2","10":"tag-judo"},"views":119,"_links":{"self":[{"href":"https:\/\/www.burgosdeporte.com\/index.php?rest_route=\/wp\/v2\/posts\/151588","targetHints":{"allow":["GET"]}}],"collection":[{"href":"https:\/\/www.burgosdeporte.com\/index.php?rest_route=\/wp\/v2\/posts"}],"about":[{"href":"https:\/\/www.burgosdeporte.com\/index.php?rest_route=\/wp\/v2\/types\/post"}],"author":[{"embeddable":true,"href":"https:\/\/www.burgosdeporte.com\/index.php?rest_route=\/wp\/v2\/users\/10"}],"replies":[{"embeddable":true,"href":"https:\/\/www.burgosdeporte.com\/index.php?rest_route=%2Fwp%2Fv2%2Fcomments&post=151588"}],"version-history":[{"count":1,"href":"https:\/\/www.burgosdeporte.com\/index.php?rest_route=\/wp\/v2\/posts\/151588\/revisions"}],"predecessor-version":[{"id":151590,"href":"https:\/\/www.burgosdeporte.com\/index.php?rest_route=\/wp\/v2\/posts\/151588\/revisions\/151590"}],"wp:featuredmedia":[{"embeddable":true,"href":"https:\/\/www.burgosdeporte.com\/index.php?rest_route=\/wp\/v2\/media\/151589"}],"wp:attachment":[{"href":"https:\/\/www.burgosdeporte.com\/index.php?rest_route=%2Fwp%2Fv2%2Fmedia&parent=151588"}],"wp:term":[{"taxonomy":"category","embeddable":true,"href":"https:\/\/www.burgosdeporte.com\/index.php?rest_route=%2Fwp%2Fv2%2Fcategories&post=151588"},{"taxonomy":"post_tag","embeddable":true,"href":"https:\/\/www.burgosdeporte.com\/index.php?rest_route=%2Fwp%2Fv2%2Ftags&post=151588"}],"curies":[{"name":"wp","href":"https:\/\/api.w.org\/{rel}","templated":true}]}}