{"id":151582,"date":"2026-03-05T14:47:17","date_gmt":"2026-03-05T12:47:17","guid":{"rendered":"https:\/\/www.burgosdeporte.com\/?p=151582"},"modified":"2026-03-06T16:05:33","modified_gmt":"2026-03-06T14:05:33","slug":"positivo-inicio-de-temporada-autonomica-para-el-club-gimnasia-burgos","status":"publish","type":"post","link":"https:\/\/www.burgosdeporte.com\/?p=151582","title":{"rendered":"Positivo inicio de temporada auton\u00f3mica para el Club Gimnasia Burgos"},"content":{"rendered":"\n<p><strong><em>Las gimnastas de art\u00edstica femenina participaron en la primera fase de la competici\u00f3n<\/em><\/strong><\/p>\n\n\n<div class=\"wp-block-image\">\n<figure class=\"aligncenter size-full is-resized\"><a href=\"https:\/\/www.ferroplas.com\/\" target=\"_blank\" rel=\" noreferrer noopener\"><img loading=\"lazy\" decoding=\"async\" width=\"900\" height=\"412\" src=\"https:\/\/www.burgosdeporte.com\/wp-content\/uploads\/2025\/05\/Ferroplas-1.jpg\" alt=\"\" class=\"wp-image-140430\" style=\"aspect-ratio:2.1844224680599615;width:354px;height:auto\" srcset=\"https:\/\/www.burgosdeporte.com\/wp-content\/uploads\/2025\/05\/Ferroplas-1.jpg 900w, https:\/\/www.burgosdeporte.com\/wp-content\/uploads\/2025\/05\/Ferroplas-1-300x137.jpg 300w, https:\/\/www.burgosdeporte.com\/wp-content\/uploads\/2025\/05\/Ferroplas-1-768x352.jpg 768w, https:\/\/www.burgosdeporte.com\/wp-content\/uploads\/2025\/05\/Ferroplas-1-150x69.jpg 150w, https:\/\/www.burgosdeporte.com\/wp-content\/uploads\/2025\/05\/Ferroplas-1-696x319.jpg 696w\" sizes=\"auto, (max-width: 900px) 100vw, 900px\" \/><\/a><\/figure>\n<\/div>\n\n\n<p>Se celebr\u00f3 en el Polideportivo Los Nogales de Roa de Duero, la primera fase de la Liga auton\u00f3mica de Gimnasia Art\u00edstica en los aparatos de Salto y Paralelas, para dar inicio a la temporada de competiciones de gimnasia art\u00edstica femenina para las gimnastas del Club Gimnasia Burgos.<\/p>\n\n\n\n<p>21 gimnastas del CGB fueron las participantes en esta liga, todas ellas en la primera divisi\u00f3n de esta liga. Base 1: Ariadna Melchor, Elisa Mart\u00edn y Julia Ramos, en base 4: Valeria C\u00e1mara, Lola Salazar, Alba \u00c1lvarez y Ariadna Ortiz, en base 5: Olivia P\u00e9rez, Daniela Mart\u00ednez, Noem\u00ed Aguilera, Carmen Guti\u00e9rrez, Marina Andr\u00e9s, Mar\u00eda Miguel y Laia Montoya, en base 6; Abril L\u00f3pez, Alejandra Colina, Sara Mart\u00ednez e Irene Due\u00f1as, en base 7 Ainara Luis y en v\u00eda ol\u00edmpica 8 Alba Moreno.<\/p>\n\n\n\n<p>Estos fueron los resultados destacados por equipos:<\/p>\n\n\n\n<ul class=\"wp-block-list\">\n<li>1\u00ba divisi\u00f3n A: plata en paralelas, equipo formado por Alba Moreno, Ainara Luis, Abril L\u00f3pez y Sara Mart\u00ednez.<\/li>\n\n\n\n<li>1\u00b0 divisi\u00f3n B: bronce en paralelas, equipo formado por Daniela Mart\u00ednez, Noem\u00ed Aguilera, Valeria C\u00e1mara, Ariadna Melchor y Elisa Mart\u00edn.<\/li>\n<\/ul>\n\n\n\n<p>Por su parte, los resultados a nivel individual finalizaron de esta manera:<\/p>\n\n\n\n<p>Base 1: Ariadna Melchor, bronce en salto; Base 5: Daniela Mart\u00ednez, plata en paralelas, y Marina Andr\u00e9s, tercera en paralelas; Base 6: Irene Due\u00f1as, oro en salto, y Sara Mart\u00ednez, plata en paralelas; Base 7: Ainara Luis: tercera en paralelas; y V\u00eda Ol\u00edmpica 8: Alba Moreno: oro en paralelas y plata en salto.<\/p>\n\n\n\n<p>La prueba que les sirvi\u00f3 para arrancar la temporada con \u00e9xito, mostrar sus progresos e iniciar el periodo de competiciones donde sus gimnastas cambian de categor\u00eda con nuevos ejercicios.<\/p>\n\n\n\n<p>Su pr\u00f3xima cita ser\u00e1 el prestigioso Trofeo Real Grupo Cultural Covadonga que cumple su decimonovena edici\u00f3n y donde acudir\u00e1 el club Gimnasia Burgos con doce de sus gimnastas.<\/p>\n","protected":false},"excerpt":{"rendered":"<p>Las gimnastas de art\u00edstica femenina participaron en la primera fase de la competici\u00f3n Se celebr\u00f3 en el Polideportivo Los Nogales de Roa de Duero, la primera fase de la Liga auton\u00f3mica de Gimnasia Art\u00edstica en los aparatos de Salto y Paralelas, para dar inicio a la temporada de competiciones de gimnasia art\u00edstica femenina para las [&hellip;]<\/p>\n","protected":false},"author":10,"featured_media":151583,"comment_status":"closed","ping_status":"closed","sticky":false,"template":"","format":"standard","meta":{"_monsterinsights_skip_tracking":false,"_monsterinsights_sitenote_active":false,"_monsterinsights_sitenote_note":"","_monsterinsights_sitenote_category":0,"footnotes":""},"categories":[191,15],"tags":[1553,278,192],"class_list":{"0":"post-151582","1":"post","2":"type-post","3":"status-publish","4":"format-standard","5":"has-post-thumbnail","7":"category-gimnasia","8":"category-otros","9":"tag-actualidad-2","10":"tag-clubgimnasiaburgos","11":"tag-gimnasia"},"views":105,"_links":{"self":[{"href":"https:\/\/www.burgosdeporte.com\/index.php?rest_route=\/wp\/v2\/posts\/151582","targetHints":{"allow":["GET"]}}],"collection":[{"href":"https:\/\/www.burgosdeporte.com\/index.php?rest_route=\/wp\/v2\/posts"}],"about":[{"href":"https:\/\/www.burgosdeporte.com\/index.php?rest_route=\/wp\/v2\/types\/post"}],"author":[{"embeddable":true,"href":"https:\/\/www.burgosdeporte.com\/index.php?rest_route=\/wp\/v2\/users\/10"}],"replies":[{"embeddable":true,"href":"https:\/\/www.burgosdeporte.com\/index.php?rest_route=%2Fwp%2Fv2%2Fcomments&post=151582"}],"version-history":[{"count":1,"href":"https:\/\/www.burgosdeporte.com\/index.php?rest_route=\/wp\/v2\/posts\/151582\/revisions"}],"predecessor-version":[{"id":151584,"href":"https:\/\/www.burgosdeporte.com\/index.php?rest_route=\/wp\/v2\/posts\/151582\/revisions\/151584"}],"wp:featuredmedia":[{"embeddable":true,"href":"https:\/\/www.burgosdeporte.com\/index.php?rest_route=\/wp\/v2\/media\/151583"}],"wp:attachment":[{"href":"https:\/\/www.burgosdeporte.com\/index.php?rest_route=%2Fwp%2Fv2%2Fmedia&parent=151582"}],"wp:term":[{"taxonomy":"category","embeddable":true,"href":"https:\/\/www.burgosdeporte.com\/index.php?rest_route=%2Fwp%2Fv2%2Fcategories&post=151582"},{"taxonomy":"post_tag","embeddable":true,"href":"https:\/\/www.burgosdeporte.com\/index.php?rest_route=%2Fwp%2Fv2%2Ftags&post=151582"}],"curies":[{"name":"wp","href":"https:\/\/api.w.org\/{rel}","templated":true}]}}