{"id":151572,"date":"2026-03-04T18:12:00","date_gmt":"2026-03-04T16:12:00","guid":{"rendered":"https:\/\/www.burgosdeporte.com\/?p=151572"},"modified":"2026-03-05T18:34:40","modified_gmt":"2026-03-05T16:34:40","slug":"javi-hernandez-en-el-plantio-tenemos-que-ir-a-por-los-tres-puntos","status":"publish","type":"post","link":"https:\/\/www.burgosdeporte.com\/?p=151572","title":{"rendered":"Javi Hern\u00e1ndez: \u201cEn El Plant\u00edo, tenemos que ir a por los tres puntos\u201d"},"content":{"rendered":"\n<p><strong><em>El centrocampista del CD Mirand\u00e9s habla en la previa del derbi frente al Burgos CF<\/em><\/strong><\/p>\n\n\n<div class=\"wp-block-image\">\n<figure class=\"aligncenter size-full\"><a href=\"https:\/\/felixrubio.es\/\" target=\"_blank\" rel=\" noreferrer noopener\"><img loading=\"lazy\" decoding=\"async\" width=\"300\" height=\"90\" src=\"https:\/\/www.burgosdeporte.com\/wp-content\/uploads\/2023\/10\/Felix_rubio_2.gif\" alt=\"\" class=\"wp-image-108903\"\/><\/a><\/figure>\n<\/div>\n\n\n<p>El futbolista del Mirand\u00e9s, Javi Hern\u00e1ndez, ha comparecido este mi\u00e9rcoles ante los medios de comunicaci\u00f3n en la previa del derbi provincial que les medir\u00e1 al Burgos CF, este s\u00e1bado, desde las 18:30 horas, en El Plant\u00edo.<\/p>\n\n\n\n<p><strong>Derrota frente al Ceuta. <\/strong>\u201cFue un golpe duro, pero el equipo hizo las cosas muy bien. Hemos visto repetido el partido por secuencias y el partido estaba para ganarlo. Esa es la din\u00e1mica en la que tenemos que seguir y ganar cuanto antes. En El Plant\u00edo, tenemos que ir a por los tres puntos\u201d.<\/p>\n\n\n\n<p><strong>Mejorar el acierto<\/strong>. \u201cNo es lo mismo perder un partido mereci\u00e9ndolo. Creo que fuimos el equipo que m\u00e1s tir\u00f3 a puerta de toda Segunda, que fueron diez veces, y no metes gol. Hay veces que la pelota no quiere entrar y son cosas que pasan, pero la din\u00e1mica del equipo es muy buena y es por donde vamos a seguir tirando y confiando\u201d.<\/p>\n\n\n\n<p><strong>Derbi del s\u00e1bado. <\/strong>\u201cEs un partido important\u00edsimo para engancharnos ah\u00ed y el equipo est\u00e1 muy seguro de que vamos a ganar. Son partidos m\u00e1s bonitos de jugar, son diferentes. Recuerdo el a\u00f1o pasado en Huesca contra el Zaragoza que fue un partido diferente y aqu\u00ed lo va a ser seguro. Son partidos muy bonitos, donde la clasificaci\u00f3n no cuenta porque hay una rivalidad muy grande\u201d.<\/p>\n\n\n\n<p><strong>An\u00e1lisis del Burgos. <\/strong>\u201cEs un equipo que viene muy bien, est\u00e1 ah\u00ed arriba en la clasificaci\u00f3n, pero si ves nuestros \u00faltimos partidos, creo que hemos dado un salto muy grande. No me parece un rival superior a nosotros ahora mismo\u201d.<\/p>\n\n\n\n<p><strong>Ganar casi todo lo que queda<\/strong>. \u201cCreo que es un reto muy bonito tambi\u00e9n. Es verdad que tenemos esa exigencia, pero nosotros vamos a ir partido a partido, a ganar todos los partidos, porque es lo que tenemos que hacer ahora. Creo que la din\u00e1mica en la que estamos es muy buena. Podemos enganchar una racha de tres partidos seguidos ganando y reengancharnos muy f\u00e1cilmente\u201d.<\/p>\n\n\n\n<p><strong>Mirar los resultados de los rivales por la permanencia<\/strong>. \u201cPienso que tenemos que mirar lo que hacemos nosotros, que al final es lo que va a marcar nuestro futuro. Estamos enfocados en nosotros y nada m\u00e1s importa\u201d.<\/p>\n","protected":false},"excerpt":{"rendered":"<p>El centrocampista del CD Mirand\u00e9s habla en la previa del derbi frente al Burgos CF El futbolista del Mirand\u00e9s, Javi Hern\u00e1ndez, ha comparecido este mi\u00e9rcoles ante los medios de comunicaci\u00f3n en la previa del derbi provincial que les medir\u00e1 al Burgos CF, este s\u00e1bado, desde las 18:30 horas, en El Plant\u00edo. Derrota frente al Ceuta. [&hellip;]<\/p>\n","protected":false},"author":10,"featured_media":151573,"comment_status":"closed","ping_status":"closed","sticky":false,"template":"","format":"standard","meta":{"_monsterinsights_skip_tracking":false,"_monsterinsights_sitenote_active":false,"_monsterinsights_sitenote_note":"","_monsterinsights_sitenote_category":0,"footnotes":""},"categories":[4],"tags":[1553,12,32,2735],"class_list":{"0":"post-151572","1":"post","2":"type-post","3":"status-publish","4":"format-standard","5":"has-post-thumbnail","7":"category-futbol","8":"tag-actualidad-2","9":"tag-cdmirandes","10":"tag-futbol","11":"tag-javihernandez"},"views":59,"_links":{"self":[{"href":"https:\/\/www.burgosdeporte.com\/index.php?rest_route=\/wp\/v2\/posts\/151572","targetHints":{"allow":["GET"]}}],"collection":[{"href":"https:\/\/www.burgosdeporte.com\/index.php?rest_route=\/wp\/v2\/posts"}],"about":[{"href":"https:\/\/www.burgosdeporte.com\/index.php?rest_route=\/wp\/v2\/types\/post"}],"author":[{"embeddable":true,"href":"https:\/\/www.burgosdeporte.com\/index.php?rest_route=\/wp\/v2\/users\/10"}],"replies":[{"embeddable":true,"href":"https:\/\/www.burgosdeporte.com\/index.php?rest_route=%2Fwp%2Fv2%2Fcomments&post=151572"}],"version-history":[{"count":1,"href":"https:\/\/www.burgosdeporte.com\/index.php?rest_route=\/wp\/v2\/posts\/151572\/revisions"}],"predecessor-version":[{"id":151574,"href":"https:\/\/www.burgosdeporte.com\/index.php?rest_route=\/wp\/v2\/posts\/151572\/revisions\/151574"}],"wp:featuredmedia":[{"embeddable":true,"href":"https:\/\/www.burgosdeporte.com\/index.php?rest_route=\/wp\/v2\/media\/151573"}],"wp:attachment":[{"href":"https:\/\/www.burgosdeporte.com\/index.php?rest_route=%2Fwp%2Fv2%2Fmedia&parent=151572"}],"wp:term":[{"taxonomy":"category","embeddable":true,"href":"https:\/\/www.burgosdeporte.com\/index.php?rest_route=%2Fwp%2Fv2%2Fcategories&post=151572"},{"taxonomy":"post_tag","embeddable":true,"href":"https:\/\/www.burgosdeporte.com\/index.php?rest_route=%2Fwp%2Fv2%2Ftags&post=151572"}],"curies":[{"name":"wp","href":"https:\/\/api.w.org\/{rel}","templated":true}]}}