{"id":151551,"date":"2026-03-04T17:23:08","date_gmt":"2026-03-04T15:23:08","guid":{"rendered":"https:\/\/www.burgosdeporte.com\/?p=151551"},"modified":"2026-03-05T18:34:55","modified_gmt":"2026-03-05T16:34:55","slug":"curro-estamos-en-un-momento-clave-de-la-temporada-y-cada-punto-es-oro","status":"publish","type":"post","link":"https:\/\/www.burgosdeporte.com\/?p=151551","title":{"rendered":"Curro: \u00abEs un momento clave de la temporada y cada punto es oro\u00bb"},"content":{"rendered":"\n<h2 class=\"wp-block-heading\">El delantero del Burgos CF, Curro S\u00e1nchez, comparece ante los medios de comunicaci\u00f3n para valorar el pr\u00f3ximo derbi ante el Mirand\u00e9s en El Plant\u00edo.<\/h2>\n\n\n<div class=\"wp-block-image\">\n<figure class=\"aligncenter size-full\"><img loading=\"lazy\" decoding=\"async\" width=\"235\" height=\"180\" src=\"https:\/\/www.burgosdeporte.com\/wp-content\/uploads\/2023\/09\/Ferroplas.gif\" alt=\"\" class=\"wp-image-107975\"\/><\/figure>\n<\/div>\n\n\n<p>Curro S\u00e1nchez ha valorado este mi\u00e9rcoles el momento del equipo blanquinegro y el pr\u00f3ximo derbi que tiene por delante ante el Mirand\u00e9s el s\u00e1bado en El Plant\u00edo. <\/p>\n\n\n\n<p>Estas han sido sus declaraciones m\u00e1s destacadas: <\/p>\n\n\n\n<p><strong>MOMENTO DE CONFIANZA <\/strong><\/p>\n\n\n\n<p><em>\u201cLa victoria ante el Real Zaragoza del pasado fin de semana es muy importante porque fue fuera de casa y porque premia el estado de forma del equipo, que ven\u00eda haciendo buenos partidos en los que no obtuvimos el premio de los puntos. Nos refuerza la confianza de cara al derbi\u201d.<\/em><\/p>\n\n\n\n<p><strong>EL DERBI <\/strong><\/p>\n\n\n\n<p><em>\u201cEsta semana es especial. Los derbis contra el Mirand\u00e9s son muy importantes para nosotros y para la afici\u00f3n, m\u00e1s a\u00fan en casa, pero tambi\u00e9n hay que darles importancia a los tres puntos por nuestra situaci\u00f3n en la clasificaci\u00f3n, que nos permite mirar arriba. Estamos en un momento clave de la temporada y cada punto es oro, por lo que este fin de semana tenemos una motivaci\u00f3n doble\u201d.<\/em><\/p>\n\n\n\n<p><strong>EL MIRAND\u00c9S<\/strong><\/p>\n\n\n\n<p><em>\u201cEl Mirand\u00e9s est\u00e1 haciendo m\u00e9ritos en los \u00faltimos partidos para sacar m\u00e1s puntos de lo que est\u00e1 sacando. Tienen un buen equipo y merecen alg\u00fan punto m\u00e1s de los que llevan\u201d.<\/em><\/p>\n\n\n\n<p><strong>PASO A PASO<\/strong><\/p>\n\n\n\n<p><em>\u201cNo nos suele ir bien pensar demasiado en el futuro. Nosotros tenemos claro que tenemos que ir pasito a pasito, sin hacer mucho ruido. A partir de ah\u00ed, intentaremos cada d\u00eda competir al m\u00e1ximo y ganar partidos. Sabemos que estamos en un buen momento colectivo, en el que todos aportamos nuestro granito de arena al equipo y eso es clave para ir consiguiendo victorias\u201d.<\/em><\/p>\n\n\n\n<p><strong>EL PLANT\u00cdO Y LA AFICI\u00d3N<\/strong><\/p>\n\n\n\n<p><em>\u201cNo hace falta ni que lo diga, porque la afici\u00f3n siempre ha estado all\u00ed en partidos de este calibre. De todos modos, quiero hacer un llamamiento a la afici\u00f3n para que venga este s\u00e1bado a El Plant\u00edo. Les necesitamos, les sentimos cuando est\u00e1n con nosotros y nos dan fuerzas cuando aprietan. Es muy importante que est\u00e9n con nosotros en el derbi y nos apoyen hasta el final, porque les necesitamos\u201d.<\/em><\/p>\n\n\n\n<p><strong>EL GOL<\/strong><\/p>\n\n\n\n<p>\u201cObviamente, me gustar\u00eda hacer m\u00e1s goles. Este a\u00f1o no me estoy encontrando tanto con el gol, pero cada d\u00eda me encuentro mejor con el equipo. Ahora pienso m\u00e1s en el colectivo y prefiero que el equipo crezca a nivel ofensivo, aunque eso signifique que no pise tanto \u00e1rea. El equipo est\u00e1 funcionando bien de esta manera y yo estoy contento con ello\u201d.<\/p>\n\n\n\n<p><strong>LOS ARBITRAJES<\/strong><\/p>\n\n\n\n<p><em>\u201cNo me gusta mucho hablar de los \u00e1rbitros. Todos sabemos que tienen un papel muy dif\u00edcil, pero es cierto que, \u00faltimamente, las situaciones grises no est\u00e1n cayendo de nuestro lado. Hay cosas que tienen que cambiar. En el primer gol de Kevin Appin nadie siente que haya sucedido nada, ni si quiera los jugadores del Zaragoza se quejan. Creo que hay que naturalizar ciertas situaciones. Es cierto que a veces da la sensaci\u00f3n de que los propios \u00e1rbitros no tienen el mismo criterio en algunas jugadas. Esperemos que cambie la situaci\u00f3n actual para beneficio de todos y que no tengamos tan mala suerte en las jugadas grises\u201d.<\/em><\/p>\n","protected":false},"excerpt":{"rendered":"<p>El delantero del Burgos CF, Curro S\u00e1nchez, comparece ante los medios de comunicaci\u00f3n para valorar el pr\u00f3ximo derbi ante el Mirand\u00e9s en El Plant\u00edo. Curro S\u00e1nchez ha valorado este mi\u00e9rcoles el momento del equipo blanquinegro y el pr\u00f3ximo derbi que tiene por delante ante el Mirand\u00e9s el s\u00e1bado en El Plant\u00edo. Estas han sido sus [&hellip;]<\/p>\n","protected":false},"author":10,"featured_media":151553,"comment_status":"closed","ping_status":"closed","sticky":false,"template":"","format":"standard","meta":{"_monsterinsights_skip_tracking":false,"_monsterinsights_sitenote_active":false,"_monsterinsights_sitenote_note":"","_monsterinsights_sitenote_category":0,"footnotes":""},"categories":[4],"tags":[1553,29,86],"class_list":{"0":"post-151551","1":"post","2":"type-post","3":"status-publish","4":"format-standard","5":"has-post-thumbnail","7":"category-futbol","8":"tag-actualidad-2","9":"tag-burgoscf","10":"tag-currosanchez"},"views":53,"_links":{"self":[{"href":"https:\/\/www.burgosdeporte.com\/index.php?rest_route=\/wp\/v2\/posts\/151551","targetHints":{"allow":["GET"]}}],"collection":[{"href":"https:\/\/www.burgosdeporte.com\/index.php?rest_route=\/wp\/v2\/posts"}],"about":[{"href":"https:\/\/www.burgosdeporte.com\/index.php?rest_route=\/wp\/v2\/types\/post"}],"author":[{"embeddable":true,"href":"https:\/\/www.burgosdeporte.com\/index.php?rest_route=\/wp\/v2\/users\/10"}],"replies":[{"embeddable":true,"href":"https:\/\/www.burgosdeporte.com\/index.php?rest_route=%2Fwp%2Fv2%2Fcomments&post=151551"}],"version-history":[{"count":4,"href":"https:\/\/www.burgosdeporte.com\/index.php?rest_route=\/wp\/v2\/posts\/151551\/revisions"}],"predecessor-version":[{"id":151561,"href":"https:\/\/www.burgosdeporte.com\/index.php?rest_route=\/wp\/v2\/posts\/151551\/revisions\/151561"}],"wp:featuredmedia":[{"embeddable":true,"href":"https:\/\/www.burgosdeporte.com\/index.php?rest_route=\/wp\/v2\/media\/151553"}],"wp:attachment":[{"href":"https:\/\/www.burgosdeporte.com\/index.php?rest_route=%2Fwp%2Fv2%2Fmedia&parent=151551"}],"wp:term":[{"taxonomy":"category","embeddable":true,"href":"https:\/\/www.burgosdeporte.com\/index.php?rest_route=%2Fwp%2Fv2%2Fcategories&post=151551"},{"taxonomy":"post_tag","embeddable":true,"href":"https:\/\/www.burgosdeporte.com\/index.php?rest_route=%2Fwp%2Fv2%2Ftags&post=151551"}],"curies":[{"name":"wp","href":"https:\/\/api.w.org\/{rel}","templated":true}]}}