{"id":151355,"date":"2026-02-27T13:32:35","date_gmt":"2026-02-27T11:32:35","guid":{"rendered":"https:\/\/www.burgosdeporte.com\/?p=151355"},"modified":"2026-02-27T17:14:26","modified_gmt":"2026-02-27T15:14:26","slug":"el-gimnasta-adrian-perez-convocado-con-el-equipo-nacional-junior","status":"publish","type":"post","link":"https:\/\/www.burgosdeporte.com\/?p=151355","title":{"rendered":"El gimnasta Adri\u00e1n P\u00e9rez, convocado con el equipo nacional j\u00fanior"},"content":{"rendered":"\n<p><strong><em>El deportista del Club Gimnasta Burgos participar\u00e1 en la Dutch Cup de Alkmaar en Holanda<\/em><\/strong><\/p>\n\n\n<div class=\"wp-block-image\">\n<figure class=\"aligncenter size-full\"><a href=\"https:\/\/castillafloristeria.com\/\" target=\"_blank\" rel=\" noreferrer noopener\"><img loading=\"lazy\" decoding=\"async\" width=\"300\" height=\"90\" src=\"https:\/\/www.burgosdeporte.com\/wp-content\/uploads\/2023\/10\/floristeria_castilla.fw_.png\" alt=\"\" class=\"wp-image-108421\" srcset=\"https:\/\/www.burgosdeporte.com\/wp-content\/uploads\/2023\/10\/floristeria_castilla.fw_.png 300w, https:\/\/www.burgosdeporte.com\/wp-content\/uploads\/2023\/10\/floristeria_castilla.fw_-150x45.png 150w\" sizes=\"auto, (max-width: 300px) 100vw, 300px\" \/><\/a><\/figure>\n<\/div>\n\n\n<p>El Club Gimnasta Burgos ha dado a conocer la convocatoria de Adri\u00e1n P\u00e9rez con el equipo nacional j\u00fanior para competir los d\u00edas 14 y 15 de marzo en la Dutch Cup de Alkmaar (Holanda).<\/p>\n\n\n\n<p>El gimnasta del Club Gimnasia Burgos ha sido designado por el seleccionador nacional de trampol\u00edn para participar en dicha competici\u00f3n en la modalidad de trampol\u00edn y en la modalidad de sincronismo.<\/p>\n\n\n\n<p>En la modalidad de sincronismo competir\u00e1 con su pareja del club Ruditramp Manuel Oliva, con quien compiti\u00f3 en el pasado mundial obteniendo una excelente octava posici\u00f3n.<\/p>\n\n\n\n<p>Desde el CGB, han querido \u201cfelicitar al gimnasta y al equipo t\u00e9cnico por este importante logro\u201d.<\/p>\n","protected":false},"excerpt":{"rendered":"<p>El deportista del Club Gimnasta Burgos participar\u00e1 en la Dutch Cup de Alkmaar en Holanda El Club Gimnasta Burgos ha dado a conocer la convocatoria de Adri\u00e1n P\u00e9rez con el equipo nacional j\u00fanior para competir los d\u00edas 14 y 15 de marzo en la Dutch Cup de Alkmaar (Holanda). El gimnasta del Club Gimnasia Burgos [&hellip;]<\/p>\n","protected":false},"author":10,"featured_media":151356,"comment_status":"closed","ping_status":"closed","sticky":false,"template":"","format":"standard","meta":{"_monsterinsights_skip_tracking":false,"_monsterinsights_sitenote_active":false,"_monsterinsights_sitenote_note":"","_monsterinsights_sitenote_category":0,"footnotes":""},"categories":[191,15],"tags":[1553,278,192],"class_list":{"0":"post-151355","1":"post","2":"type-post","3":"status-publish","4":"format-standard","5":"has-post-thumbnail","7":"category-gimnasia","8":"category-otros","9":"tag-actualidad-2","10":"tag-clubgimnasiaburgos","11":"tag-gimnasia"},"views":81,"_links":{"self":[{"href":"https:\/\/www.burgosdeporte.com\/index.php?rest_route=\/wp\/v2\/posts\/151355","targetHints":{"allow":["GET"]}}],"collection":[{"href":"https:\/\/www.burgosdeporte.com\/index.php?rest_route=\/wp\/v2\/posts"}],"about":[{"href":"https:\/\/www.burgosdeporte.com\/index.php?rest_route=\/wp\/v2\/types\/post"}],"author":[{"embeddable":true,"href":"https:\/\/www.burgosdeporte.com\/index.php?rest_route=\/wp\/v2\/users\/10"}],"replies":[{"embeddable":true,"href":"https:\/\/www.burgosdeporte.com\/index.php?rest_route=%2Fwp%2Fv2%2Fcomments&post=151355"}],"version-history":[{"count":1,"href":"https:\/\/www.burgosdeporte.com\/index.php?rest_route=\/wp\/v2\/posts\/151355\/revisions"}],"predecessor-version":[{"id":151357,"href":"https:\/\/www.burgosdeporte.com\/index.php?rest_route=\/wp\/v2\/posts\/151355\/revisions\/151357"}],"wp:featuredmedia":[{"embeddable":true,"href":"https:\/\/www.burgosdeporte.com\/index.php?rest_route=\/wp\/v2\/media\/151356"}],"wp:attachment":[{"href":"https:\/\/www.burgosdeporte.com\/index.php?rest_route=%2Fwp%2Fv2%2Fmedia&parent=151355"}],"wp:term":[{"taxonomy":"category","embeddable":true,"href":"https:\/\/www.burgosdeporte.com\/index.php?rest_route=%2Fwp%2Fv2%2Fcategories&post=151355"},{"taxonomy":"post_tag","embeddable":true,"href":"https:\/\/www.burgosdeporte.com\/index.php?rest_route=%2Fwp%2Fv2%2Ftags&post=151355"}],"curies":[{"name":"wp","href":"https:\/\/api.w.org\/{rel}","templated":true}]}}