{"id":151267,"date":"2026-02-25T14:28:54","date_gmt":"2026-02-25T12:28:54","guid":{"rendered":"https:\/\/www.burgosdeporte.com\/?p=151267"},"modified":"2026-02-26T15:51:10","modified_gmt":"2026-02-26T13:51:10","slug":"el-nadador-beltran-gomez-oliveiros-perez-convocado-por-la-federacion","status":"publish","type":"post","link":"https:\/\/www.burgosdeporte.com\/?p=151267","title":{"rendered":"El nadador Beltr\u00e1n G\u00f3mez-Oliveiros P\u00e9rez, convocado por la Federaci\u00f3n"},"content":{"rendered":"\n<p><strong><em>El deportista del CN Castilla acudir\u00e1 al Campeonato de Espa\u00f1a de nataci\u00f3n alev\u00edn por comunidades aut\u00f3nomas<\/em><\/strong><\/p>\n\n\n<div class=\"wp-block-image\">\n<figure class=\"aligncenter size-full\"><a href=\"https:\/\/castillafloristeria.com\/\" target=\"_blank\" rel=\" noreferrer noopener\"><img loading=\"lazy\" decoding=\"async\" width=\"300\" height=\"90\" src=\"https:\/\/www.burgosdeporte.com\/wp-content\/uploads\/2023\/10\/floristeria_castilla.fw_.png\" alt=\"\" class=\"wp-image-108421\" srcset=\"https:\/\/www.burgosdeporte.com\/wp-content\/uploads\/2023\/10\/floristeria_castilla.fw_.png 300w, https:\/\/www.burgosdeporte.com\/wp-content\/uploads\/2023\/10\/floristeria_castilla.fw_-150x45.png 150w\" sizes=\"auto, (max-width: 300px) 100vw, 300px\" \/><\/a><\/figure>\n<\/div>\n\n\n<p>El nadador del CN Castilla, Beltr\u00e1n G\u00f3mez-Oliveiros P\u00e9rez, ha sido convocado por la Federaci\u00f3n de Castilla y Le\u00f3n para formar parte de la selecci\u00f3n auton\u00f3mica, formada por un total de 16 nadadores (8 femenino y 8 masculino), que participar\u00e1 en el XII Campeonato de Espa\u00f1a por selecciones auton\u00f3micas que se celebrar\u00e1 en M\u00e1laga del 27 febrero al 1 de marzo.<\/p>\n\n\n\n<p>A esta competici\u00f3n se acercar\u00e1n las 17 comunidades aut\u00f3nomas, con un total de 369 nadadores (184 chicos y 185chicas). Se nadar\u00e1n 43 pruebas entre individuales y relevos.<\/p>\n\n\n\n<p>El nadador burgal\u00e9s Beltr\u00e1n G\u00f3mez-Oliveiros P\u00e9rez nadar\u00e1 en las siguientes pruebas: 800 libre, 200 mariposa, 400 estilos y 100 estilos.<\/p>\n","protected":false},"excerpt":{"rendered":"<p>El deportista del CN Castilla acudir\u00e1 al Campeonato de Espa\u00f1a de nataci\u00f3n alev\u00edn por comunidades aut\u00f3nomas El nadador del CN Castilla, Beltr\u00e1n G\u00f3mez-Oliveiros P\u00e9rez, ha sido convocado por la Federaci\u00f3n de Castilla y Le\u00f3n para formar parte de la selecci\u00f3n auton\u00f3mica, formada por un total de 16 nadadores (8 femenino y 8 masculino), que participar\u00e1 [&hellip;]<\/p>\n","protected":false},"author":10,"featured_media":151268,"comment_status":"closed","ping_status":"closed","sticky":false,"template":"","format":"standard","meta":{"_monsterinsights_skip_tracking":false,"_monsterinsights_sitenote_active":false,"_monsterinsights_sitenote_note":"","_monsterinsights_sitenote_category":0,"footnotes":""},"categories":[205,15],"tags":[1553,204,206],"class_list":{"0":"post-151267","1":"post","2":"type-post","3":"status-publish","4":"format-standard","5":"has-post-thumbnail","7":"category-natacion","8":"category-otros","9":"tag-actualidad-2","10":"tag-cncastilla","11":"tag-natacion"},"views":53,"_links":{"self":[{"href":"https:\/\/www.burgosdeporte.com\/index.php?rest_route=\/wp\/v2\/posts\/151267","targetHints":{"allow":["GET"]}}],"collection":[{"href":"https:\/\/www.burgosdeporte.com\/index.php?rest_route=\/wp\/v2\/posts"}],"about":[{"href":"https:\/\/www.burgosdeporte.com\/index.php?rest_route=\/wp\/v2\/types\/post"}],"author":[{"embeddable":true,"href":"https:\/\/www.burgosdeporte.com\/index.php?rest_route=\/wp\/v2\/users\/10"}],"replies":[{"embeddable":true,"href":"https:\/\/www.burgosdeporte.com\/index.php?rest_route=%2Fwp%2Fv2%2Fcomments&post=151267"}],"version-history":[{"count":1,"href":"https:\/\/www.burgosdeporte.com\/index.php?rest_route=\/wp\/v2\/posts\/151267\/revisions"}],"predecessor-version":[{"id":151269,"href":"https:\/\/www.burgosdeporte.com\/index.php?rest_route=\/wp\/v2\/posts\/151267\/revisions\/151269"}],"wp:featuredmedia":[{"embeddable":true,"href":"https:\/\/www.burgosdeporte.com\/index.php?rest_route=\/wp\/v2\/media\/151268"}],"wp:attachment":[{"href":"https:\/\/www.burgosdeporte.com\/index.php?rest_route=%2Fwp%2Fv2%2Fmedia&parent=151267"}],"wp:term":[{"taxonomy":"category","embeddable":true,"href":"https:\/\/www.burgosdeporte.com\/index.php?rest_route=%2Fwp%2Fv2%2Fcategories&post=151267"},{"taxonomy":"post_tag","embeddable":true,"href":"https:\/\/www.burgosdeporte.com\/index.php?rest_route=%2Fwp%2Fv2%2Ftags&post=151267"}],"curies":[{"name":"wp","href":"https:\/\/api.w.org\/{rel}","templated":true}]}}