{"id":151193,"date":"2026-02-23T15:01:07","date_gmt":"2026-02-23T13:01:07","guid":{"rendered":"https:\/\/www.burgosdeporte.com\/?p=151193"},"modified":"2026-02-24T15:21:45","modified_gmt":"2026-02-24T13:21:45","slug":"el-palista-sergio-mendez-subcampeon-infantil-en-el-estatal","status":"publish","type":"post","link":"https:\/\/www.burgosdeporte.com\/?p=151193","title":{"rendered":"El palista Sergio M\u00e9ndez, subcampe\u00f3n infantil en el Estatal"},"content":{"rendered":"\n<p><strong><em>Extraordinaria plata del joven canterano del UBU TPF Burgos 2031<\/em><\/strong><\/p>\n\n\n<div class=\"wp-block-image\">\n<figure class=\"aligncenter size-full is-resized\"><a href=\"https:\/\/www.hotelciudaddeburgos.com\/\" target=\"_blank\" rel=\" noreferrer noopener\"><img loading=\"lazy\" decoding=\"async\" width=\"989\" height=\"431\" src=\"https:\/\/www.burgosdeporte.com\/wp-content\/uploads\/2025\/05\/LOGO-SPIRIT-HCB-NEGRO.png\" alt=\"\" class=\"wp-image-140419\" style=\"aspect-ratio:2.2946285279482748;width:305px;height:auto\" srcset=\"https:\/\/www.burgosdeporte.com\/wp-content\/uploads\/2025\/05\/LOGO-SPIRIT-HCB-NEGRO.png 989w, https:\/\/www.burgosdeporte.com\/wp-content\/uploads\/2025\/05\/LOGO-SPIRIT-HCB-NEGRO-300x131.png 300w, https:\/\/www.burgosdeporte.com\/wp-content\/uploads\/2025\/05\/LOGO-SPIRIT-HCB-NEGRO-768x335.png 768w, https:\/\/www.burgosdeporte.com\/wp-content\/uploads\/2025\/05\/LOGO-SPIRIT-HCB-NEGRO-150x65.png 150w, https:\/\/www.burgosdeporte.com\/wp-content\/uploads\/2025\/05\/LOGO-SPIRIT-HCB-NEGRO-696x303.png 696w\" sizes=\"auto, (max-width: 989px) 100vw, 989px\" \/><\/a><\/figure>\n<\/div>\n\n\n<p>Una nueva medalla, esta vez en la categor\u00eda infantil masculina, se trajo la cantera burgalesa en el Torneo Estatal que se ha celebrado en el Palau d\u00b4Sports de Tarragona, y lo hizo el palista de 14 a\u00f1os, Sergio M\u00e9ndez, tras una competici\u00f3n casi inmaculada.<\/p>\n\n\n\n<p>Sergio part\u00eda como cabeza de serie n\u00famero cuatro y fue demostrando partido tras partido que ser\u00eda un complicado rival para todos sus oponentes. En la fase de grupos, el burgal\u00e9s venci\u00f3 de forma clara todos sus partidos, cuatro, para colarse directamente en el cuadro final, en la ronda de octavos de final. En este choque se deshizo en tres sets del vasco Irei G\u00f3mez (Beraun Errenter\u00eda).<\/p>\n\n\n\n<p>En cuartos de final, un duro enfrentamiento que se resolvi\u00f3 en el quinto y definitivo ante el gallego Mateo Lois ( Arteal Santiago ) meti\u00f3 a Sergio en semifinales, donde le esperaba el andaluz Marcos G\u00f3mez ( Cajasur Priego de C\u00f3rdoba ), al que de nuevo, derrot\u00f3 por 3\/1, en una magn\u00edfica actuaci\u00f3n y meti\u00e9ndose de forma m\u00e1s que merecida en la final.<\/p>\n\n\n\n<p>En el \u00faltimo partido de este Torneo Estatal 2026, Sergio estuvo un tanto nervioso y no pudo desarrollar el gran juego de derecha que le hab\u00eda llevado hasta all\u00ed. El catal\u00e1n Roger Quesada ( Badalona Tennis Taula ) le venc\u00eda en tres sets y, por lo tanto, el burgal\u00e9s se colgaba la medalla de plata y la clasificaci\u00f3n para el Top 8 de Maestros Nacional.<\/p>\n\n\n\n<p>Cabe rese\u00f1ar en la categor\u00eda femenina, los octavos de final de Mar\u00eda M\u00e9ndez ( cadete ), Esther Hasek ( infantil ) y los 1\/16 de final de Alicia Doncel ( alev\u00edn ).<\/p>\n","protected":false},"excerpt":{"rendered":"<p>Extraordinaria plata del joven canterano del UBU TPF Burgos 2031 Una nueva medalla, esta vez en la categor\u00eda infantil masculina, se trajo la cantera burgalesa en el Torneo Estatal que se ha celebrado en el Palau d\u00b4Sports de Tarragona, y lo hizo el palista de 14 a\u00f1os, Sergio M\u00e9ndez, tras una competici\u00f3n casi inmaculada. Sergio [&hellip;]<\/p>\n","protected":false},"author":10,"featured_media":151194,"comment_status":"closed","ping_status":"closed","sticky":false,"template":"","format":"standard","meta":{"_monsterinsights_skip_tracking":false,"_monsterinsights_sitenote_active":false,"_monsterinsights_sitenote_note":"","_monsterinsights_sitenote_category":0,"footnotes":""},"categories":[97],"tags":[1553,96,2040,98],"class_list":{"0":"post-151193","1":"post","2":"type-post","3":"status-publish","4":"format-standard","5":"has-post-thumbnail","7":"category-tenis-de-mesa","8":"tag-actualidad-2","9":"tag-burgostenisdemesa","10":"tag-sergiomendez","11":"tag-tenisdemesa"},"views":39,"_links":{"self":[{"href":"https:\/\/www.burgosdeporte.com\/index.php?rest_route=\/wp\/v2\/posts\/151193","targetHints":{"allow":["GET"]}}],"collection":[{"href":"https:\/\/www.burgosdeporte.com\/index.php?rest_route=\/wp\/v2\/posts"}],"about":[{"href":"https:\/\/www.burgosdeporte.com\/index.php?rest_route=\/wp\/v2\/types\/post"}],"author":[{"embeddable":true,"href":"https:\/\/www.burgosdeporte.com\/index.php?rest_route=\/wp\/v2\/users\/10"}],"replies":[{"embeddable":true,"href":"https:\/\/www.burgosdeporte.com\/index.php?rest_route=%2Fwp%2Fv2%2Fcomments&post=151193"}],"version-history":[{"count":2,"href":"https:\/\/www.burgosdeporte.com\/index.php?rest_route=\/wp\/v2\/posts\/151193\/revisions"}],"predecessor-version":[{"id":151197,"href":"https:\/\/www.burgosdeporte.com\/index.php?rest_route=\/wp\/v2\/posts\/151193\/revisions\/151197"}],"wp:featuredmedia":[{"embeddable":true,"href":"https:\/\/www.burgosdeporte.com\/index.php?rest_route=\/wp\/v2\/media\/151194"}],"wp:attachment":[{"href":"https:\/\/www.burgosdeporte.com\/index.php?rest_route=%2Fwp%2Fv2%2Fmedia&parent=151193"}],"wp:term":[{"taxonomy":"category","embeddable":true,"href":"https:\/\/www.burgosdeporte.com\/index.php?rest_route=%2Fwp%2Fv2%2Fcategories&post=151193"},{"taxonomy":"post_tag","embeddable":true,"href":"https:\/\/www.burgosdeporte.com\/index.php?rest_route=%2Fwp%2Fv2%2Ftags&post=151193"}],"curies":[{"name":"wp","href":"https:\/\/api.w.org\/{rel}","templated":true}]}}