{"id":151089,"date":"2026-02-21T01:12:47","date_gmt":"2026-02-20T23:12:47","guid":{"rendered":"https:\/\/www.burgosdeporte.com\/?p=151089"},"modified":"2026-02-23T02:19:31","modified_gmt":"2026-02-23T00:19:31","slug":"41-27-el-villa-de-aranda-no-tuvo-opciones-ante-el-barca","status":"publish","type":"post","link":"https:\/\/www.burgosdeporte.com\/?p=151089","title":{"rendered":"41- 27. El Villa de Aranda no tuvo opciones ante el Bar\u00e7a"},"content":{"rendered":"\n<h2 class=\"wp-block-heading\">El conjunto catal\u00e1n supera a un valiente Tubos Aranda Villa de Aranda que ya se centra en el duelo frente a Guadalajara del pr\u00f3ximo s\u00e1bado (18:00 h) en el Santiago Mangu\u00e1n.<\/h2>\n\n\n\n<p>El Tubos Aranda Villa de Aranda regres\u00f3 del Palau Blaugrana sin conseguir un buen resultado. No hubo sorpresa. La 18\u00aa jornada de Liga NEXUS Energ\u00eda ASOBAL ya es historia para la entidad amarilla tras la previsible y esperada derrota de los de Javi M\u00e1rquez. <\/p>\n\n\n\n<p>La primera parte dej\u00f3 ver a un\u00a0Villa de Aranda valiente\u00a0que logr\u00f3 ponerse por delante\u00a06-7\u00a0a los diez minutos. Bonita tarjeta de presentaci\u00f3n ante el l\u00edder del campeonato. Lleg\u00f3 la reacci\u00f3n azulgrana para poner orden en el encuentro y mandar el partido (13-8) a falta de diez minutos para el final. El tramo final llevar\u00eda el partido al\u00a023-12\u00a0final.<\/p>\n\n\n\n<p>En la segunda parte sirvi\u00f3 para confirmar la superioridad de los de Ortega ante un Villa de Aranda que quiso ordenarse para poder recuperar sensaciones. Al final, derrota por\u00a041-27.<\/p>\n\n\n\n<p>Ahora tras el regreso de la Ciudad Condal descanso para los de Javi M\u00e1rquez a la capital de las Tierras de Duero, donde a partir del pr\u00f3ximo lunes comenzar\u00e1n a preparar el duelo de la\u00a019\u00aa jornada\u00a0con la visita de\u00a0Guadalajara\u00a0(s\u00e1b. 18:00 h) al\u00a0Santiago Mangu\u00e1n. Duelo de rivales directos por la permanencia una a\u00f1o m\u00e1s en Liga ASOBAL.<\/p>\n\n\n\n<h3 class=\"wp-block-heading\"><strong>Campus de verano, alb\u00fam de cromos ASOBAL y charla AECC<\/strong><\/h3>\n\n\n\n<p>Al margen de la actividad del primer equipo, la actualidad del club sigue en efervescencia constante. As\u00ed, m\u00e1s all\u00e1 de la puesta a la venta de la nueva\u00a0colecci\u00f3n de cromos de la Liga ASOBAL\u00a0\u2013 con sorteo inclu\u00eddo de DUERO Deporte- el club ya ha anunciado las fechas de su pr\u00f3ximo Campus de Verano para el mes de junio (13-18 julio).<\/p>\n\n\n\n<p>Adem\u00e1s, dentro de las acciones promocionales y de sensibilizaci\u00f3n del club con la sociedad arandina. El pr\u00f3ximo lunes la plantilla recibir\u00e1 una visita muy especial. Con motivo de la colaboraci\u00f3n directa con la\u00a0delegaci\u00f3n arandina de la AECC, el\u00a0Villa de Aranda recibir\u00e1 la visita de una paciente oncol\u00f3gica que compartir\u00e1 con todos los miembros del equipo\u00a0su experiencia. Un gesto enmarcado dentro de las acciones programadas en torno al reciente D\u00eda Mundial en la lucha contra el C\u00e1ncer.<\/p>\n","protected":false},"excerpt":{"rendered":"<p>El conjunto catal\u00e1n supera a un valiente Tubos Aranda Villa de Aranda que ya se centra en el duelo frente a Guadalajara del pr\u00f3ximo s\u00e1bado (18:00 h) en el Santiago Mangu\u00e1n. El Tubos Aranda Villa de Aranda regres\u00f3 del Palau Blaugrana sin conseguir un buen resultado. No hubo sorpresa. La 18\u00aa jornada de Liga NEXUS [&hellip;]<\/p>\n","protected":false},"author":24,"featured_media":151090,"comment_status":"closed","ping_status":"closed","sticky":false,"template":"","format":"standard","meta":{"_monsterinsights_skip_tracking":false,"_monsterinsights_sitenote_active":false,"_monsterinsights_sitenote_note":"","_monsterinsights_sitenote_category":0,"footnotes":""},"categories":[118],"tags":[1553,2081,719,1826,2242],"class_list":{"0":"post-151089","1":"post","2":"type-post","3":"status-publish","4":"format-standard","5":"has-post-thumbnail","7":"category-balonmano","8":"tag-actualidad-2","9":"tag-asobal","10":"tag-balonmanovilladearanda","11":"tag-duerodeporte","12":"tag-tubosarandavilladearanda"},"views":41,"_links":{"self":[{"href":"https:\/\/www.burgosdeporte.com\/index.php?rest_route=\/wp\/v2\/posts\/151089","targetHints":{"allow":["GET"]}}],"collection":[{"href":"https:\/\/www.burgosdeporte.com\/index.php?rest_route=\/wp\/v2\/posts"}],"about":[{"href":"https:\/\/www.burgosdeporte.com\/index.php?rest_route=\/wp\/v2\/types\/post"}],"author":[{"embeddable":true,"href":"https:\/\/www.burgosdeporte.com\/index.php?rest_route=\/wp\/v2\/users\/24"}],"replies":[{"embeddable":true,"href":"https:\/\/www.burgosdeporte.com\/index.php?rest_route=%2Fwp%2Fv2%2Fcomments&post=151089"}],"version-history":[{"count":1,"href":"https:\/\/www.burgosdeporte.com\/index.php?rest_route=\/wp\/v2\/posts\/151089\/revisions"}],"predecessor-version":[{"id":151091,"href":"https:\/\/www.burgosdeporte.com\/index.php?rest_route=\/wp\/v2\/posts\/151089\/revisions\/151091"}],"wp:featuredmedia":[{"embeddable":true,"href":"https:\/\/www.burgosdeporte.com\/index.php?rest_route=\/wp\/v2\/media\/151090"}],"wp:attachment":[{"href":"https:\/\/www.burgosdeporte.com\/index.php?rest_route=%2Fwp%2Fv2%2Fmedia&parent=151089"}],"wp:term":[{"taxonomy":"category","embeddable":true,"href":"https:\/\/www.burgosdeporte.com\/index.php?rest_route=%2Fwp%2Fv2%2Fcategories&post=151089"},{"taxonomy":"post_tag","embeddable":true,"href":"https:\/\/www.burgosdeporte.com\/index.php?rest_route=%2Fwp%2Fv2%2Ftags&post=151089"}],"curies":[{"name":"wp","href":"https:\/\/api.w.org\/{rel}","templated":true}]}}