{"id":151051,"date":"2026-02-20T14:39:56","date_gmt":"2026-02-20T12:39:56","guid":{"rendered":"https:\/\/www.burgosdeporte.com\/?p=151051"},"modified":"2026-02-21T21:38:10","modified_gmt":"2026-02-21T19:38:10","slug":"el-cn-castilla-acude-al-regional-absoluto-y-junior-de-invierno","status":"publish","type":"post","link":"https:\/\/www.burgosdeporte.com\/?p=151051","title":{"rendered":"El CN Castilla acude al regional absoluto y j\u00fanior de invierno"},"content":{"rendered":"\n<p><strong><em>Los nadadores burgaleses competir\u00e1n este fin de semana en Valladolid<\/em><\/strong><\/p>\n\n\n<div class=\"wp-block-image\">\n<figure class=\"aligncenter size-full\"><a href=\"https:\/\/www.grupodesantiago.es\/promocion\/mes-del-profesional-4022?utm_source=burgosdeporte&amp;utm_medium=banner&amp;utm_campaign=budeporte_mesprofesional_feb26\" target=\"_blank\" rel=\" noreferrer noopener\"><img loading=\"lazy\" decoding=\"async\" width=\"300\" height=\"250\" src=\"https:\/\/www.burgosdeporte.com\/wp-content\/uploads\/2026\/02\/BuDeporte_MesProfesional_Febrero2026.gif\" alt=\"\" class=\"wp-image-150328\"\/><\/a><\/figure>\n<\/div>\n\n\n<p>Este fin de semana 21 y 22 de febrero se celebra en Valladolid, en la piscina CEAR R\u00edo Esgueva de 50m, el campeonato regional de invierno de las categor\u00edas J\u00fanior y Absoluto, un torneo que contar\u00e1 con la presencia del CN Castilla.<\/p>\n\n\n\n<p>Acuden a \u00e9l 19 clubes de toda la comunidad, con un total de 344 nadadores. Por parte del club burgal\u00e9s, participar\u00e1n 37 deportistas: 16 chicas y 21 chicos de categor\u00edas&nbsp; absoluto, j\u00fanior e infantil, esta \u00faltima puede competir en el absoluto.<\/p>\n\n\n\n<p>Se desarrollar\u00e1 entre los dos d\u00edas, con cuatro jornadas maratonianas de 8:15 a 20:00 horas. Habr\u00e1 un total de 48 pruebas entre las individuales y los relevos.<\/p>\n","protected":false},"excerpt":{"rendered":"<p>Los nadadores burgaleses competir\u00e1n este fin de semana en Valladolid Este fin de semana 21 y 22 de febrero se celebra en Valladolid, en la piscina CEAR R\u00edo Esgueva de 50m, el campeonato regional de invierno de las categor\u00edas J\u00fanior y Absoluto, un torneo que contar\u00e1 con la presencia del CN Castilla. Acuden a \u00e9l [&hellip;]<\/p>\n","protected":false},"author":10,"featured_media":151052,"comment_status":"closed","ping_status":"closed","sticky":false,"template":"","format":"standard","meta":{"_monsterinsights_skip_tracking":false,"_monsterinsights_sitenote_active":false,"_monsterinsights_sitenote_note":"","_monsterinsights_sitenote_category":0,"footnotes":""},"categories":[205,15],"tags":[1553,204,206],"class_list":{"0":"post-151051","1":"post","2":"type-post","3":"status-publish","4":"format-standard","5":"has-post-thumbnail","7":"category-natacion","8":"category-otros","9":"tag-actualidad-2","10":"tag-cncastilla","11":"tag-natacion"},"views":74,"_links":{"self":[{"href":"https:\/\/www.burgosdeporte.com\/index.php?rest_route=\/wp\/v2\/posts\/151051","targetHints":{"allow":["GET"]}}],"collection":[{"href":"https:\/\/www.burgosdeporte.com\/index.php?rest_route=\/wp\/v2\/posts"}],"about":[{"href":"https:\/\/www.burgosdeporte.com\/index.php?rest_route=\/wp\/v2\/types\/post"}],"author":[{"embeddable":true,"href":"https:\/\/www.burgosdeporte.com\/index.php?rest_route=\/wp\/v2\/users\/10"}],"replies":[{"embeddable":true,"href":"https:\/\/www.burgosdeporte.com\/index.php?rest_route=%2Fwp%2Fv2%2Fcomments&post=151051"}],"version-history":[{"count":1,"href":"https:\/\/www.burgosdeporte.com\/index.php?rest_route=\/wp\/v2\/posts\/151051\/revisions"}],"predecessor-version":[{"id":151053,"href":"https:\/\/www.burgosdeporte.com\/index.php?rest_route=\/wp\/v2\/posts\/151051\/revisions\/151053"}],"wp:featuredmedia":[{"embeddable":true,"href":"https:\/\/www.burgosdeporte.com\/index.php?rest_route=\/wp\/v2\/media\/151052"}],"wp:attachment":[{"href":"https:\/\/www.burgosdeporte.com\/index.php?rest_route=%2Fwp%2Fv2%2Fmedia&parent=151051"}],"wp:term":[{"taxonomy":"category","embeddable":true,"href":"https:\/\/www.burgosdeporte.com\/index.php?rest_route=%2Fwp%2Fv2%2Fcategories&post=151051"},{"taxonomy":"post_tag","embeddable":true,"href":"https:\/\/www.burgosdeporte.com\/index.php?rest_route=%2Fwp%2Fv2%2Ftags&post=151051"}],"curies":[{"name":"wp","href":"https:\/\/api.w.org\/{rel}","templated":true}]}}