{"id":150154,"date":"2026-02-02T00:28:02","date_gmt":"2026-02-01T22:28:02","guid":{"rendered":"https:\/\/www.burgosdeporte.com\/?p=150154"},"modified":"2026-02-02T20:35:29","modified_gmt":"2026-02-02T18:35:29","slug":"desde-burgos-de-cabeza-al-play-off","status":"publish","type":"post","link":"https:\/\/www.burgosdeporte.com\/?p=150154","title":{"rendered":"Desde Burgos de cabeza al play-off"},"content":{"rendered":"\n<h2 class=\"wp-block-heading\">Comentario de opini\u00f3n de Jairo Velasco sobre la actualidad del Burgos CF.<\/h2>\n\n\n\n<p>Hay tardes en las que uno siente que el f\u00fatbol todav\u00eda tiene algo de poes\u00eda, y la del s\u00e1bado fue una de ellas. Porque ver ganar a tu equipo siempre es especial, pero hacerlo con los goles de dos chavales de aqu\u00ed, dos Gonz\u00e1lez de los que cualquiera en la ciudad podr\u00eda nombrar sin pensar, tiene otro sabor. Crecieron so\u00f1ando exactamente con esto: jugar en el campo donde un d\u00eda se sentaron en la grada con sus padres, defender los colores que llevaban en la mochila del colegio y escuchar su nombre coreado por la misma gente con la que compart\u00edan calle y barrio.<\/p>\n\n\n\n<p>Los dos tuvieron que marcharse muy pronto, como tantos de aqu\u00ed que buscan una oportunidad donde s\u00ed las hay, pero el destino quiso que volviesen ya hechos y preparados para asumir un rol importante, y as\u00ed lo demostraron. Uno abri\u00f3 el marcador, el otro lo sentenci\u00f3. Dos goles que no solo dieron tres puntos: recordaron a todos que, aunque esta tierra d\u00e9 pocas facilidades, sigue produciendo jugadores capaces de cumplir ese sue\u00f1o que muchos compartimos desde peque\u00f1os.<\/p>\n\n\n\n<p>Dos luces en una nueva tarde con poco f\u00fatbol, que pese a que empez\u00f3 con esa nueva propuesta de tener bal\u00f3n y generar oportunidades desde atr\u00e1s, pronto se extingui\u00f3 tras diez minutos en los que el equipo sali\u00f3 con hambre de remendar la abultada derrota de M\u00e1laga. El fin justifica los medios y un resultado positivo hace olvidar cualquier estad\u00edstica negativa, pero volvimos a ver a un equipo muy plano, y que con apenas un treinta y seis por ciento de posesi\u00f3n y poco m\u00e1s de doscientos pases resulta totalmente dependiente de su efectividad.&nbsp;<\/p>\n\n\n\n<p>Especialmente sangrante result\u00f3 volver a encajar un tanto como tantas veces hemos visto esta temporada: desde el saque de banda. Una jugada tan simple se ha convertido en nuestro principal tal\u00f3n de Aquiles defensivo, siendo ya algo sistem\u00e1tico que nuestros rivales lo usen una y otra vez, sabedores de que van a sacar rendimiento en una jugada que muchos consideran poco provechosa en el f\u00fatbol.&nbsp;<\/p>\n\n\n\n<p>Un empate que pod\u00eda parecer previsible, e incluso tard\u00edo, por los acercamientos de un club pepinero que con los cambios gan\u00f3 empuje y desequilibrio, ayudado tambi\u00e9n por un Burgos que se meti\u00f3 muy atr\u00e1s repitiendo el gui\u00f3n que ya vimos contra el Zaragoza. El campo parec\u00eda estar inclinado hacia la porter\u00eda de un Cantero que quiz\u00e1s pudo hacer algo m\u00e1s en el gol, pero esto es la liga Hypermotion y aqu\u00ed no se entiende de sensaciones, din\u00e1micas o previsiones.&nbsp;<\/p>\n\n\n\n<p>Otro fogonazo bast\u00f3, y repitiendo la jugada del primer gol pero a banda cambiada, con otro Gonz\u00e1lez como protagonista, los tres puntos se quedaban en casa de la forma m\u00e1s bonita, con un gol en el descuento. Cabezas burgalesistas que lo primero que buscan en la celebraci\u00f3n es se\u00f1alar un escudo que de verdad tienen grabado en el pecho, porque no puede haber algo m\u00e1s bonito que celebrar con los tuyos un sentimiento com\u00fan.&nbsp;<\/p>\n\n\n\n<p>Puede que no sepamos demasiado bien c\u00f3mo hemos llegado hasta aqu\u00ed, peleando a codazos con los gallos de la categor\u00eda por un puesto en la zona noble, pero habiendo alcanzado un puntuaje tan alto a estas alturas de la temporada empezar a so\u00f1ar puede pasar de utop\u00eda a realidad. El partido en Las Palmas puede que no sea uno m\u00e1s, puede ser ese punto de inflexi\u00f3n que tomar para volver a hablar de aquel: \u00bfy si s\u00ed?.<\/p>\n","protected":false},"excerpt":{"rendered":"<p>Comentario de opini\u00f3n de Jairo Velasco sobre la actualidad del Burgos CF. Hay tardes en las que uno siente que el f\u00fatbol todav\u00eda tiene algo de poes\u00eda, y la del s\u00e1bado fue una de ellas. Porque ver ganar a tu equipo siempre es especial, pero hacerlo con los goles de dos chavales de aqu\u00ed, dos [&hellip;]<\/p>\n","protected":false},"author":15,"featured_media":150165,"comment_status":"closed","ping_status":"closed","sticky":false,"template":"","format":"standard","meta":{"_monsterinsights_skip_tracking":false,"_monsterinsights_sitenote_active":false,"_monsterinsights_sitenote_note":"","_monsterinsights_sitenote_category":0,"footnotes":""},"categories":[4,14],"tags":[1553,29,834,13],"class_list":{"0":"post-150154","1":"post","2":"type-post","3":"status-publish","4":"format-standard","5":"has-post-thumbnail","7":"category-futbol","8":"category-opinion","9":"tag-actualidad-2","10":"tag-burgoscf","11":"tag-jairovelasco","12":"tag-opinion"},"views":163,"_links":{"self":[{"href":"https:\/\/www.burgosdeporte.com\/index.php?rest_route=\/wp\/v2\/posts\/150154","targetHints":{"allow":["GET"]}}],"collection":[{"href":"https:\/\/www.burgosdeporte.com\/index.php?rest_route=\/wp\/v2\/posts"}],"about":[{"href":"https:\/\/www.burgosdeporte.com\/index.php?rest_route=\/wp\/v2\/types\/post"}],"author":[{"embeddable":true,"href":"https:\/\/www.burgosdeporte.com\/index.php?rest_route=\/wp\/v2\/users\/15"}],"replies":[{"embeddable":true,"href":"https:\/\/www.burgosdeporte.com\/index.php?rest_route=%2Fwp%2Fv2%2Fcomments&post=150154"}],"version-history":[{"count":1,"href":"https:\/\/www.burgosdeporte.com\/index.php?rest_route=\/wp\/v2\/posts\/150154\/revisions"}],"predecessor-version":[{"id":150164,"href":"https:\/\/www.burgosdeporte.com\/index.php?rest_route=\/wp\/v2\/posts\/150154\/revisions\/150164"}],"wp:featuredmedia":[{"embeddable":true,"href":"https:\/\/www.burgosdeporte.com\/index.php?rest_route=\/wp\/v2\/media\/150165"}],"wp:attachment":[{"href":"https:\/\/www.burgosdeporte.com\/index.php?rest_route=%2Fwp%2Fv2%2Fmedia&parent=150154"}],"wp:term":[{"taxonomy":"category","embeddable":true,"href":"https:\/\/www.burgosdeporte.com\/index.php?rest_route=%2Fwp%2Fv2%2Fcategories&post=150154"},{"taxonomy":"post_tag","embeddable":true,"href":"https:\/\/www.burgosdeporte.com\/index.php?rest_route=%2Fwp%2Fv2%2Ftags&post=150154"}],"curies":[{"name":"wp","href":"https:\/\/api.w.org\/{rel}","templated":true}]}}