{"id":149010,"date":"2026-01-09T17:19:30","date_gmt":"2026-01-09T15:19:30","guid":{"rendered":"https:\/\/www.burgosdeporte.com\/?p=149010"},"modified":"2026-01-10T15:07:19","modified_gmt":"2026-01-10T13:07:19","slug":"la-arandina-despide-a-pablo-gil-y-dani-calvo-se-pone-al-frente","status":"publish","type":"post","link":"https:\/\/www.burgosdeporte.com\/?p=149010","title":{"rendered":"La Arandina despide a Pablo Gil y Dani Calvo se pone al frente"},"content":{"rendered":"\n<h2 class=\"wp-block-heading\">El t\u00e9cnico arandino dirigir\u00e1 a los blanquiazules ante el Becerril este s\u00e1bado (17:00 h)<\/h2>\n\n\n<div class=\"wp-block-image\">\n<figure class=\"aligncenter size-large is-resized\"><img loading=\"lazy\" decoding=\"async\" width=\"1024\" height=\"854\" src=\"https:\/\/www.burgosdeporte.com\/wp-content\/uploads\/2025\/11\/Cajavivadic2025-1024x854.jpg\" alt=\"\" class=\"wp-image-147433\" style=\"aspect-ratio:1.1990893815382948;width:258px;height:auto\" srcset=\"https:\/\/www.burgosdeporte.com\/wp-content\/uploads\/2025\/11\/Cajavivadic2025-1024x854.jpg 1024w, https:\/\/www.burgosdeporte.com\/wp-content\/uploads\/2025\/11\/Cajavivadic2025-300x250.jpg 300w, https:\/\/www.burgosdeporte.com\/wp-content\/uploads\/2025\/11\/Cajavivadic2025-768x640.jpg 768w, https:\/\/www.burgosdeporte.com\/wp-content\/uploads\/2025\/11\/Cajavivadic2025-150x125.jpg 150w, https:\/\/www.burgosdeporte.com\/wp-content\/uploads\/2025\/11\/Cajavivadic2025-696x580.jpg 696w, https:\/\/www.burgosdeporte.com\/wp-content\/uploads\/2025\/11\/Cajavivadic2025-1068x890.jpg 1068w, https:\/\/www.burgosdeporte.com\/wp-content\/uploads\/2025\/11\/Cajavivadic2025.jpg 1250w\" sizes=\"auto, (max-width: 1024px) 100vw, 1024px\" \/><\/figure>\n<\/div>\n\n\n<p>El cambio se confirma. La etapa de Pablo Gil ha llegado a su fin en la\u00a0Arandina.\u00a0Dani Calvo\u00a0se convierte ahora en el t\u00e9cnico interino de los blanquiazules. El canterano dirigir\u00e1 su primer duelo este mismo s\u00e1bado con la visita del Becerril al Juan Carlos Higuero a las 17:00 h.<\/p>\n\n\n\n<p>La urgencia y necesidad de resultados provoca esta situaci\u00f3n a falta que el club confirme en las pr\u00f3ximas jornadas la llegada de un\u00a0nuevo entrenador. Ahora, se allana el camino para que, el mejor de los t\u00e9cnicos colocados en la carrera por dirigir a los del Juan Carlos Higuero, ocupe su lugar.<\/p>\n\n\n\n<p>La preferencia del club es Mar\u00eda Hern\u00e1ndez, tal como adelant\u00f3 Duero Deporte, pero las  negociaciones a pesar de estar adelantadas no est\u00e1n cerradas.<\/p>\n\n\n\n<h3 class=\"wp-block-heading\"><strong>M\u00e1s opciones<\/strong><\/h3>\n\n\n\n<p>En la \u00faltina semana la Arandina ha valorado la experiencia de otros dos t\u00e9cnicos para el cargom. Uno de ellos viejo conocido de la afici\u00f3n arandina,\u00a0Javi Berm\u00fadez. El otro, aunque con menos posibilidades,\u00a0<em>Pechu<\/em>. El t\u00e9cnico burgal\u00e9s bien conoce la categor\u00eda. A d\u00eda de hoy no hay nada cerrado. Tanto que el propio\u00a0Dani Calvo\u00a0podr\u00eda continuar el proyecto.<\/p>\n","protected":false},"excerpt":{"rendered":"<p>El t\u00e9cnico arandino dirigir\u00e1 a los blanquiazules ante el Becerril este s\u00e1bado (17:00 h) El cambio se confirma. La etapa de Pablo Gil ha llegado a su fin en la\u00a0Arandina.\u00a0Dani Calvo\u00a0se convierte ahora en el t\u00e9cnico interino de los blanquiazules. El canterano dirigir\u00e1 su primer duelo este mismo s\u00e1bado con la visita del Becerril al [&hellip;]<\/p>\n","protected":false},"author":24,"featured_media":149014,"comment_status":"closed","ping_status":"closed","sticky":false,"template":"","format":"standard","meta":{"_monsterinsights_skip_tracking":false,"_monsterinsights_sitenote_active":false,"_monsterinsights_sitenote_note":"","_monsterinsights_sitenote_category":0,"footnotes":""},"categories":[4],"tags":[1553,288,1826],"class_list":{"0":"post-149010","1":"post","2":"type-post","3":"status-publish","4":"format-standard","5":"has-post-thumbnail","7":"category-futbol","8":"tag-actualidad-2","9":"tag-arandinacf","10":"tag-duerodeporte"},"views":77,"_links":{"self":[{"href":"https:\/\/www.burgosdeporte.com\/index.php?rest_route=\/wp\/v2\/posts\/149010","targetHints":{"allow":["GET"]}}],"collection":[{"href":"https:\/\/www.burgosdeporte.com\/index.php?rest_route=\/wp\/v2\/posts"}],"about":[{"href":"https:\/\/www.burgosdeporte.com\/index.php?rest_route=\/wp\/v2\/types\/post"}],"author":[{"embeddable":true,"href":"https:\/\/www.burgosdeporte.com\/index.php?rest_route=\/wp\/v2\/users\/24"}],"replies":[{"embeddable":true,"href":"https:\/\/www.burgosdeporte.com\/index.php?rest_route=%2Fwp%2Fv2%2Fcomments&post=149010"}],"version-history":[{"count":1,"href":"https:\/\/www.burgosdeporte.com\/index.php?rest_route=\/wp\/v2\/posts\/149010\/revisions"}],"predecessor-version":[{"id":149015,"href":"https:\/\/www.burgosdeporte.com\/index.php?rest_route=\/wp\/v2\/posts\/149010\/revisions\/149015"}],"wp:featuredmedia":[{"embeddable":true,"href":"https:\/\/www.burgosdeporte.com\/index.php?rest_route=\/wp\/v2\/media\/149014"}],"wp:attachment":[{"href":"https:\/\/www.burgosdeporte.com\/index.php?rest_route=%2Fwp%2Fv2%2Fmedia&parent=149010"}],"wp:term":[{"taxonomy":"category","embeddable":true,"href":"https:\/\/www.burgosdeporte.com\/index.php?rest_route=%2Fwp%2Fv2%2Fcategories&post=149010"},{"taxonomy":"post_tag","embeddable":true,"href":"https:\/\/www.burgosdeporte.com\/index.php?rest_route=%2Fwp%2Fv2%2Ftags&post=149010"}],"curies":[{"name":"wp","href":"https:\/\/api.w.org\/{rel}","templated":true}]}}