{"id":149000,"date":"2026-01-09T14:05:44","date_gmt":"2026-01-09T12:05:44","guid":{"rendered":"https:\/\/www.burgosdeporte.com\/?p=149000"},"modified":"2026-01-09T14:05:46","modified_gmt":"2026-01-09T12:05:46","slug":"kiko-veneno-ariel-rot-alice-wonder-y-paul-collins-actuaran-en-burgos","status":"publish","type":"post","link":"https:\/\/www.burgosdeporte.com\/?p=149000","title":{"rendered":"Kiko Veneno Ariel Rot, Alice Wonder y Paul Collins, actuar\u00e1n en Burgos"},"content":{"rendered":"\n<h2 class=\"wp-block-heading\"><strong>Ser\u00e1 en el primer trimestre de la mano de\u00a0 C\u00edrculo Creativo.<\/strong><\/h2>\n\n\n<div class=\"wp-block-image\">\n<figure class=\"aligncenter size-full\"><img loading=\"lazy\" decoding=\"async\" width=\"300\" height=\"600\" src=\"https:\/\/www.burgosdeporte.com\/wp-content\/uploads\/2023\/09\/FuncadionElCirculo.gif\" alt=\"\" class=\"wp-image-107974\"\/><\/figure>\n<\/div>\n\n\n<p>El primer trimestre de C\u00edrculo Creativo 2026 apuesta por la m\u00fasica y la literatura como ejes de la programaci\u00f3n cultural impulsada por Fundaci\u00f3n C\u00edrculo que incluir tambi\u00e9n, teatro, Conc\u00e9ntricos, \u00d3rbita Creativa ,as\u00ed como la primera edici\u00f3n del Festival de Cine Petronila, cuya programaci\u00f3n se dar\u00e1 a conocer en pr\u00f3ximas fechas.<\/p>\n\n\n\n<p><strong>M\u00fasica<\/strong><\/p>\n\n\n\n<p>El viaje sonoro del C\u00edrculo Creativo abarca desde la m\u00fasica tradicional castellana y andalus\u00ed hasta el rock, el pop y las fusiones contempor\u00e1neas. Entre las citas destacadas, el viernes 30 de enero,&nbsp;<strong>Alice Wonder<\/strong>, una de las artistas emergentes m\u00e1s reconocidas por su estilo propio y cercano, presentar\u00e1 en Burgos su tercer trabajo Soulost en formato ac\u00fastico, interpretando sus nuevos temas.<\/p>\n\n\n\n<p>El viernes 6 de febrero,&nbsp;<strong>Kiko Veneno<\/strong>, leyenda de la m\u00fasica espa\u00f1ola y referente del rock y la rumba, repasar\u00e1 sus cl\u00e1sicos y presentar\u00e1 nuevas propuestas.<\/p>\n\n\n\n<p>El viernes 13 de marzo,&nbsp;<strong>Paul Collins<\/strong>, icono del power pop y del rock &amp; roll, multiinstrumentista y compositor de culto, presentar\u00e1 su nuevo LP Stand Back And Take A Good Look.<\/p>\n\n\n\n<p>Finalmente, el viernes 20 de marzo,&nbsp;<strong>Ariel Rot<\/strong>, artista argentino conocido por canciones que han marcado varias generaciones, ofrecer\u00e1 un recorrido por su trayectoria dentro de la gira En vivo mucho mejor.<\/p>\n\n\n\n<p>El programa tambi\u00e9n incluye otras propuestas destacadas:&nbsp;<strong>El \u00c1mbole<\/strong>&nbsp;(16 de enero), que fusiona m\u00fasica popular castellana, andalus\u00ed y sefard\u00ed;&nbsp;<strong>Aljam\u00eda<\/strong>&nbsp;(23 de enero), que combina tradici\u00f3n andalus\u00ed con m\u00fasica contempor\u00e1nea y flamenco;&nbsp;<strong>Cantares<\/strong>&nbsp;(5 de febrero), un espect\u00e1culo po\u00e9tico-musical que une poes\u00eda, canci\u00f3n, guitarra, y&nbsp;<strong>Carmen Par\u00eds<\/strong>&nbsp;(6 de marzo), que adapta el folclore aragon\u00e9s a un lenguaje musical contempor\u00e1neo.<\/p>\n\n\n\n<p><strong>Literatura<\/strong><\/p>\n\n\n\n<p>La programaci\u00f3n literaria ofrece encuentros con autores consolidados y emergentes, acercando al p\u00fablico a distintas voces y estilos.<\/p>\n\n\n\n<p>El jueves 15 de enero,&nbsp;<strong>Margarita Leoz<\/strong>, presentar\u00e1 su poemario m\u00e1s reciente &#8216;Caer&#8217; (Ediciones de la Isla de Siltol\u00e1).<\/p>\n\n\n\n<p>El jueves 22 de enero,&nbsp;<strong>Manuel Astur&nbsp;<\/strong>presentar\u00e1 &#8216;La aurora cuando surge'(Acantilado), la cr\u00f3nica po\u00e9tica de un viaje por Italia y del duelo pospuesto por la muerte de su padre.<\/p>\n\n\n\n<p>En febrero, el mi\u00e9rcoles 11, la burgalesa&nbsp;<strong>Mar\u00eda Velasco<\/strong>&nbsp;acercar\u00e1 su obra &#8216;Vendr\u00e1n los alien\u00edgenas y tendr\u00e1n tus<br>ojos&#8217; (Ediciones La U\u00f1a Rota).<\/p>\n\n\n\n<p>En marzo, el mi\u00e9rcoles 4,&nbsp;<strong>Luis Zueco<\/strong>&nbsp;llegar\u00e1 a Burgos con su \u00faltima novela &#8216;El juicio: la Inquisici\u00f3n contra Goya&#8217;; (Ediciones B).<\/p>\n\n\n\n<p>El jueves 19,&nbsp;<strong>Karina Sainz Borgo&nbsp;<\/strong>presentar\u00e1 su novela &#8216;Nazarena&#8217; (Alfaguara). Cerrar\u00e1 las presentaciones literarias del trimestre&nbsp;<strong>H\u00e9ctor Abad Faciolince<\/strong>&nbsp;el jueves 26 con la presentaci\u00f3n de &#8216;Ahora y en la hora&#8217;, compartiendo su visi\u00f3n sobre la literatura contempor\u00e1nea.<\/p>\n\n\n\n<p><strong>Teatro<\/strong><\/p>\n\n\n\n<p>El martes 20 de enero, la Asociaci\u00f3n Cultural de Teatro&nbsp;<strong>La Tarasca<\/strong>&nbsp;realizar\u00e1 lleva al sal\u00f3n de actos de Plaza Espa\u00f1a una propuesta que mezcla la literatura y el teatro con la lectura dramatizada de Malandanza de Juan Mart\u00edn El Empecinado, y el viernes 27 de marzo, la&nbsp;<strong>Compa\u00f1\u00eda Candilejas&nbsp;<\/strong>representar\u00e1 &#8216;El Camino&#8217;, obra inspirada en la novela hom\u00f3nima de Miguel Delibes, acercando la narrativa literaria a la escena teatral.<\/p>\n\n\n\n<p>La programaci\u00f3n se completar\u00e1 con una propuesta de \u00d3rbita Creativa, el proyecto de innovaci\u00f3n de la Fundaci\u00f3n C\u00edrculo, que presentar\u00e1 en marzo un experimento de creaci\u00f3n desarrollado durante la primera temporada de su actividad y concebido para el espacio urbano de la capital. Pr\u00f3ximamente se ofrecer\u00e1 m\u00e1s informaci\u00f3n. As\u00ed mismo, C\u00edrculo Creativo volver\u00e1 a salir de sus instalaciones con un encuentro recital a cargo de&nbsp;<strong>Selva Delgado<\/strong>, en un lugar todav\u00eda por definir.<\/p>\n\n\n\n<p><strong>Conc\u00e9ntricos<\/strong><\/p>\n\n\n\n<p>Conc\u00e9ntricos, el podcast de Fundaci\u00f3n C\u00edrculo, conducido por&nbsp;<strong>cainSan&nbsp;<\/strong>y&nbsp;<strong>\u00c1ngela Varela Neila&nbsp;<\/strong>contin\u00faa este trimestre con nuevas citas.<\/p>\n\n\n\n<p>El martes 13 de enero, de&nbsp;<strong>Alice Wonder&nbsp;<\/strong>(compositora y cantante) y&nbsp;<strong>Sanpedro S\u00e1nchez<\/strong>&nbsp;(artista visual y tatuador).<\/p>\n\n\n\n<p>El martes 3 de febrero con la participaci\u00f3n de&nbsp;<strong>Elisa Sanz<\/strong>&nbsp;(escen\u00f3grafa) y&nbsp;<em>Guillermo D\u00e9cimo<\/em>&nbsp;(dise\u00f1ador de moda).<\/p>\n\n\n\n<p>El martes 3 de marzo con la participaci\u00f3n de&nbsp;<strong>Mar\u00eda Est\u00e9banez<\/strong>&nbsp;(escritora) y<strong>&nbsp;Andr\u00e9s Septi\u00e9n<\/strong>&nbsp;(bodeguero).<\/p>\n\n\n\n<p><strong>Festival de Cine Petronila<\/strong><\/p>\n\n\n\n<p>Recordamos que la primera edici\u00f3n del Festival de Cine Petronila se desarrollar\u00e1 desde el lunes 16 al viernes 27, Petronila convertir\u00e1 la ciudad en un punto de encuentro cinematogr\u00e1fico con doce d\u00edas repletos de actividades, formaci\u00f3n y proyecciones.<\/p>\n\n\n\n<p>Tras el adelanto que ya se realiz\u00f3 de las secciones que formar\u00e1n parte del festival, en pr\u00f3ximas fechas se dar\u00e1 a conocer todos los detalles de esta importante cita. Uno de los encuentros y actividades implemtentar\u00e1 las medidas de accesibilidad comunitcativa.<\/p>\n\n\n\n<p><strong>Entradas<\/strong><br>Se pueden adquirir las entradas a partir del 1 de enero a partir de las 10.00 h. Los beneficiarios del bono cultural del 2026 podr\u00e1n utilizarlo para en las actividades ofertadas, de acuerdo con las condiciones establecidas.<\/p>\n\n\n\n<p>Entradas a trav\u00e9s de 5\u20ac v\u00eda internet a trav\u00e9s de entradas.ibercaja.es (gastos de gesti\u00f3n incluidos).7\u20ac en taquilla: de lunes a viernes de 10:00 a 14.00 h. en la sede de Fundaci\u00f3n C\u00edrculo en Plaza Espa\u00f1a, 3 y una hora antes del espect\u00e1culo en el lugar del mismo en caso de quedar entradas.<\/p>\n\n\n\n<p><\/p>\n","protected":false},"excerpt":{"rendered":"<p>Ser\u00e1 en el primer trimestre de la mano de\u00a0 C\u00edrculo Creativo. El primer trimestre de C\u00edrculo Creativo 2026 apuesta por la m\u00fasica y la literatura como ejes de la programaci\u00f3n cultural impulsada por Fundaci\u00f3n C\u00edrculo que incluir tambi\u00e9n, teatro, Conc\u00e9ntricos, \u00d3rbita Creativa ,as\u00ed como la primera edici\u00f3n del Festival de Cine Petronila, cuya programaci\u00f3n se [&hellip;]<\/p>\n","protected":false},"author":10,"featured_media":149001,"comment_status":"closed","ping_status":"closed","sticky":false,"template":"","format":"standard","meta":{"_monsterinsights_skip_tracking":false,"_monsterinsights_sitenote_active":false,"_monsterinsights_sitenote_note":"","_monsterinsights_sitenote_category":0,"footnotes":""},"categories":[1677],"tags":[2158,1689],"class_list":{"0":"post-149000","1":"post","2":"type-post","3":"status-publish","4":"format-standard","5":"has-post-thumbnail","7":"category-masquedeporte","8":"tag-circulocreativo","9":"tag-masquedeporte"},"views":66,"_links":{"self":[{"href":"https:\/\/www.burgosdeporte.com\/index.php?rest_route=\/wp\/v2\/posts\/149000","targetHints":{"allow":["GET"]}}],"collection":[{"href":"https:\/\/www.burgosdeporte.com\/index.php?rest_route=\/wp\/v2\/posts"}],"about":[{"href":"https:\/\/www.burgosdeporte.com\/index.php?rest_route=\/wp\/v2\/types\/post"}],"author":[{"embeddable":true,"href":"https:\/\/www.burgosdeporte.com\/index.php?rest_route=\/wp\/v2\/users\/10"}],"replies":[{"embeddable":true,"href":"https:\/\/www.burgosdeporte.com\/index.php?rest_route=%2Fwp%2Fv2%2Fcomments&post=149000"}],"version-history":[{"count":1,"href":"https:\/\/www.burgosdeporte.com\/index.php?rest_route=\/wp\/v2\/posts\/149000\/revisions"}],"predecessor-version":[{"id":149002,"href":"https:\/\/www.burgosdeporte.com\/index.php?rest_route=\/wp\/v2\/posts\/149000\/revisions\/149002"}],"wp:featuredmedia":[{"embeddable":true,"href":"https:\/\/www.burgosdeporte.com\/index.php?rest_route=\/wp\/v2\/media\/149001"}],"wp:attachment":[{"href":"https:\/\/www.burgosdeporte.com\/index.php?rest_route=%2Fwp%2Fv2%2Fmedia&parent=149000"}],"wp:term":[{"taxonomy":"category","embeddable":true,"href":"https:\/\/www.burgosdeporte.com\/index.php?rest_route=%2Fwp%2Fv2%2Fcategories&post=149000"},{"taxonomy":"post_tag","embeddable":true,"href":"https:\/\/www.burgosdeporte.com\/index.php?rest_route=%2Fwp%2Fv2%2Ftags&post=149000"}],"curies":[{"name":"wp","href":"https:\/\/api.w.org\/{rel}","templated":true}]}}