{"id":148840,"date":"2026-01-04T01:36:34","date_gmt":"2026-01-03T23:36:34","guid":{"rendered":"https:\/\/www.burgosdeporte.com\/?p=148840"},"modified":"2026-01-05T18:21:18","modified_gmt":"2026-01-05T16:21:18","slug":"3-0-la-arandina-pierde-el-derbi-en-miranda-y-entra-en-crisis","status":"publish","type":"post","link":"https:\/\/www.burgosdeporte.com\/?p=148840","title":{"rendered":"3-0 La Arandina pierde el derbi en Miranda y entra en crisis"},"content":{"rendered":"\n<h2 class=\"wp-block-heading\">Un \u2018hat-trick\u2019 del delantero madrile\u00f1o del Mirand\u00e9s B resuelve el derbi burgal\u00e9s y condena a los blanquiazules a la octava derrota de la temporada. <\/h2>\n\n\n<div class=\"wp-block-image\">\n<figure class=\"aligncenter size-full\"><img loading=\"lazy\" decoding=\"async\" width=\"300\" height=\"90\" src=\"https:\/\/www.burgosdeporte.com\/wp-content\/uploads\/2023\/10\/Felix_rubio_2.gif\" alt=\"\" class=\"wp-image-108903\"\/><\/figure>\n<\/div>\n\n\n<p>La Arandina<a href=\"https:\/\/www.instagram.com\/arandinacf\/?hl=es\" target=\"_blank\" rel=\"noopener\">\u00a0<\/a>sigue en\u00a0ca\u00edda libre.\u00a0Octava derrota\u00a0de la temporada en 16 partidos disputados y a punto de cerrarse la primera vuelta. La gran actuaci\u00f3n del delantero rojillo,\u00a0Gabri, sentenci\u00f3 a los de Pablo Gil con un\u00a0hat-trick\u00a0para enmarcar en el derbi burgal\u00e9s de la 16\u00aa jornada del Campeonato.<\/p>\n\n\n\n<p>Los blanquiazules se presentaban en Miranda de Ebro en una clara tendencia a la baja,\u00a0sin ganar desde el pasado 26 de octubre. Una situaci\u00f3n diametralmente opuesta a la de un Mirand\u00e9s B, con tres victorias en las \u00faltimas cuatro jornadas.<\/p>\n\n\n\n<p>Primera parte con dominio del esf\u00e9rico de la escuadra dirigida por Trejo ante una Arandina siempre reservada y a la expectativa. El paso de los minutos no dej\u00f3 ver grandes acciones hasta que\u00a0Gabri, a los\u00a041 minutos, acert\u00f3 de cabeza a la espalda de la defensa arandinista para batir a Sergio Garc\u00eda (1-0).<\/p>\n\n\n\n<h3 class=\"wp-block-heading\"><strong>Un equipo superado y a la baja<\/strong><\/h3>\n\n\n\n<p>El segundo tiempo comenz\u00f3 como termin\u00f3 el primer acto, con\u00a0dominio rojillo. Una apuesta clara ante la que no supo reaccionar la escuadra de Pablo Gil, desbordada. Un escenario que propici\u00f3 el segundo tanto mirandesista, de nuevo con protagonismo para\u00a0Gabri. Doblete del delantero madrile\u00f1o a los\u00a062 minutos\u00a0de partido. Sentencia.<\/p>\n\n\n\n<p>A\u00fan faltaba el tercero de\u00a0Gabri. Una tarde m\u00e1gica para el delantero rojillo que de nuevo aprovech\u00f3 un bal\u00f3n a la espalda de la zaga blanquiazul. Fallo de Barroso que dej\u00f3 solo al madrile\u00f1o, quien ante la salida de Sergio Garc\u00eda puso la puntilla.\u00a03-0\u00a0a los 75 minutos de partido.\u00a0Gabri hurgaba en la crisis de resultados blanquiazul.<\/p>\n\n\n\n<p>Ahora tras esta derrota, la octava de la temporada, y a punto de llegar al cierre de la primera vuelta,\u00a0la Arandina se instala en la posiciones de la parte baja de la clasificaci\u00f3n\u00a0con un futuro preocupante. La pr\u00f3xima semana, el Becerril visita el Juan Carlos Higuero para cerrar el primer tramo del campeonato. Duelo crucial.<\/p>\n\n\n\n<p><\/p>\n","protected":false},"excerpt":{"rendered":"<p>Un \u2018hat-trick\u2019 del delantero madrile\u00f1o del Mirand\u00e9s B resuelve el derbi burgal\u00e9s y condena a los blanquiazules a la octava derrota de la temporada. La Arandina\u00a0sigue en\u00a0ca\u00edda libre.\u00a0Octava derrota\u00a0de la temporada en 16 partidos disputados y a punto de cerrarse la primera vuelta. La gran actuaci\u00f3n del delantero rojillo,\u00a0Gabri, sentenci\u00f3 a los de Pablo Gil [&hellip;]<\/p>\n","protected":false},"author":24,"featured_media":148841,"comment_status":"closed","ping_status":"closed","sticky":false,"template":"","format":"standard","meta":{"_monsterinsights_skip_tracking":false,"_monsterinsights_sitenote_active":false,"_monsterinsights_sitenote_note":"","_monsterinsights_sitenote_category":0,"footnotes":""},"categories":[4],"tags":[378,1553,288,1826,776],"class_list":{"0":"post-148840","1":"post","2":"type-post","3":"status-publish","4":"format-standard","5":"has-post-thumbnail","7":"category-futbol","8":"tag-3rfef","9":"tag-actualidad-2","10":"tag-arandinacf","11":"tag-duerodeporte","12":"tag-mirandesb"},"views":49,"_links":{"self":[{"href":"https:\/\/www.burgosdeporte.com\/index.php?rest_route=\/wp\/v2\/posts\/148840","targetHints":{"allow":["GET"]}}],"collection":[{"href":"https:\/\/www.burgosdeporte.com\/index.php?rest_route=\/wp\/v2\/posts"}],"about":[{"href":"https:\/\/www.burgosdeporte.com\/index.php?rest_route=\/wp\/v2\/types\/post"}],"author":[{"embeddable":true,"href":"https:\/\/www.burgosdeporte.com\/index.php?rest_route=\/wp\/v2\/users\/24"}],"replies":[{"embeddable":true,"href":"https:\/\/www.burgosdeporte.com\/index.php?rest_route=%2Fwp%2Fv2%2Fcomments&post=148840"}],"version-history":[{"count":1,"href":"https:\/\/www.burgosdeporte.com\/index.php?rest_route=\/wp\/v2\/posts\/148840\/revisions"}],"predecessor-version":[{"id":148842,"href":"https:\/\/www.burgosdeporte.com\/index.php?rest_route=\/wp\/v2\/posts\/148840\/revisions\/148842"}],"wp:featuredmedia":[{"embeddable":true,"href":"https:\/\/www.burgosdeporte.com\/index.php?rest_route=\/wp\/v2\/media\/148841"}],"wp:attachment":[{"href":"https:\/\/www.burgosdeporte.com\/index.php?rest_route=%2Fwp%2Fv2%2Fmedia&parent=148840"}],"wp:term":[{"taxonomy":"category","embeddable":true,"href":"https:\/\/www.burgosdeporte.com\/index.php?rest_route=%2Fwp%2Fv2%2Fcategories&post=148840"},{"taxonomy":"post_tag","embeddable":true,"href":"https:\/\/www.burgosdeporte.com\/index.php?rest_route=%2Fwp%2Fv2%2Ftags&post=148840"}],"curies":[{"name":"wp","href":"https:\/\/api.w.org\/{rel}","templated":true}]}}