{"id":147983,"date":"2025-12-11T00:41:21","date_gmt":"2025-12-10T22:41:21","guid":{"rendered":"https:\/\/www.burgosdeporte.com\/?p=147983"},"modified":"2025-12-11T21:12:23","modified_gmt":"2025-12-11T19:12:23","slug":"28-34-gran-imagen-del-villa-de-aranda-ante-el-barca-pese-a-la-derrota","status":"publish","type":"post","link":"https:\/\/www.burgosdeporte.com\/?p=147983","title":{"rendered":"28-34 Gran imagen del Villa de Aranda ante el Bar\u00e7a pese a la derrota"},"content":{"rendered":"\n<h2 class=\"wp-block-heading\">Los catalanes sufrieron m\u00e1s de lo previsto ante un combativo conjunto arandino que tuvo muy buenos momentos de juego.<\/h2>\n\n\n<div class=\"wp-block-image\">\n<figure class=\"aligncenter size-full\"><img loading=\"lazy\" decoding=\"async\" width=\"350\" height=\"250\" src=\"https:\/\/www.burgosdeporte.com\/wp-content\/uploads\/2025\/11\/BUDeporte_Captur_Nov25.gif\" alt=\"\" class=\"wp-image-146766\"\/><\/figure>\n<\/div>\n\n\n<p>Tubos Aranda Villa de Aranda\u00a0se pone al d\u00eda tras medirse al\u00a0Bar\u00e7a\u00a0en un extraordinario encuentro. El gran juego de los amarillos lleg\u00f3 a hacer dudar del resultado final hasta mediada la segunda. Con 22-23 en el marcador la incertidumbre crec\u00eda, pero los azulgranas apretaron para hacer imperar la l\u00f3gica entre el tumulto y orgullo amarillos.<\/p>\n\n\n\n<p>El encuentro comenz\u00f3 con homenajes al nuevo equipo\u00a0AECC Villa de Aranda, equipo formado por miembros de la delegaci\u00f3n arandina de la\u00a0Asociaci\u00f3n Espa\u00f1ola Contra el C\u00e1ncer, entidad con la que colabora el club a lo largo de la presente temporada. Bonito gesto para otorgar el apoyo y visibilidad necesarios en la lucha contra esta enfermedad.<\/p>\n\n\n\n<p>La parte de cerrar\u00eda de manera inesperada con una escuadra amarilla que estuvo a la altura de la exigencia a la que invitaba un encuentro ante el Barcelona (14-18)<\/p>\n\n\n\n<h3 class=\"wp-block-heading\"><strong>Un sue\u00f1o muy vivo<\/strong><\/h3>\n\n\n\n<p>El Tubos Aranda Villa de Aranda ha llegado a este tramo de la temporada en su mejor nivel. Lo demostr\u00f3 ante Bidasoa y lo sufri\u00f3 en sus carnes el Bar\u00e7a de Carlos Ortega.<\/p>\n\n\n\n<p>La escuadra de M\u00e1rquez con menos rotaciones, sin J\u00e1nosi y Poveda, lo puso todo en el 40\u00d720 de las Tierras del Duero. As\u00ed llegar\u00eda a ponerse a uno de los azulgrana (23-24) con bal\u00f3n para empatar y forzando el tiempo muerto de Carlos Ortega.<\/p>\n\n\n\n<p>En el tramo final\u00a0se impuso la l\u00f3gica y lleg\u00f3 la reacci\u00f3n cul\u00e9\u00a0tras el serio toque de atenci\u00f3n de un soberbio Villa de Aranda. El duelo se saldar\u00eda con una desventaja de seis goles (28-34) algo impensable para muchos.<\/p>\n\n\n\n<p>Al cierre de este encuentro, los amarillos pierden una posici\u00f3n y caen a la\u00a0duod\u00e9cima plaza con ocho puntos, uno tan solo de ventaja respecto a las plazas de play out y descenso a Divisi\u00f3n de Honor Plata. Ahora, descanso y recuperaci\u00f3n antes de medirse el\u00a0s\u00e1bado\u00a0(17:00 h) a\u00a0Caser\u00edo\u00a0Ciudad Real en el\u00a0Quijote Arena.<\/p>\n","protected":false},"excerpt":{"rendered":"<p>Los catalanes sufrieron m\u00e1s de lo previsto ante un combativo conjunto arandino que tuvo muy buenos momentos de juego. Tubos Aranda Villa de Aranda\u00a0se pone al d\u00eda tras medirse al\u00a0Bar\u00e7a\u00a0en un extraordinario encuentro. El gran juego de los amarillos lleg\u00f3 a hacer dudar del resultado final hasta mediada la segunda. Con 22-23 en el marcador [&hellip;]<\/p>\n","protected":false},"author":24,"featured_media":147984,"comment_status":"closed","ping_status":"closed","sticky":false,"template":"","format":"standard","meta":{"_monsterinsights_skip_tracking":false,"_monsterinsights_sitenote_active":false,"_monsterinsights_sitenote_note":"","_monsterinsights_sitenote_category":0,"footnotes":""},"categories":[118],"tags":[1553,1826,2242,593],"class_list":{"0":"post-147983","1":"post","2":"type-post","3":"status-publish","4":"format-standard","5":"has-post-thumbnail","7":"category-balonmano","8":"tag-actualidad-2","9":"tag-duerodeporte","10":"tag-tubosarandavilladearanda","11":"tag-villadearanda"},"views":37,"_links":{"self":[{"href":"https:\/\/www.burgosdeporte.com\/index.php?rest_route=\/wp\/v2\/posts\/147983","targetHints":{"allow":["GET"]}}],"collection":[{"href":"https:\/\/www.burgosdeporte.com\/index.php?rest_route=\/wp\/v2\/posts"}],"about":[{"href":"https:\/\/www.burgosdeporte.com\/index.php?rest_route=\/wp\/v2\/types\/post"}],"author":[{"embeddable":true,"href":"https:\/\/www.burgosdeporte.com\/index.php?rest_route=\/wp\/v2\/users\/24"}],"replies":[{"embeddable":true,"href":"https:\/\/www.burgosdeporte.com\/index.php?rest_route=%2Fwp%2Fv2%2Fcomments&post=147983"}],"version-history":[{"count":1,"href":"https:\/\/www.burgosdeporte.com\/index.php?rest_route=\/wp\/v2\/posts\/147983\/revisions"}],"predecessor-version":[{"id":147985,"href":"https:\/\/www.burgosdeporte.com\/index.php?rest_route=\/wp\/v2\/posts\/147983\/revisions\/147985"}],"wp:featuredmedia":[{"embeddable":true,"href":"https:\/\/www.burgosdeporte.com\/index.php?rest_route=\/wp\/v2\/media\/147984"}],"wp:attachment":[{"href":"https:\/\/www.burgosdeporte.com\/index.php?rest_route=%2Fwp%2Fv2%2Fmedia&parent=147983"}],"wp:term":[{"taxonomy":"category","embeddable":true,"href":"https:\/\/www.burgosdeporte.com\/index.php?rest_route=%2Fwp%2Fv2%2Fcategories&post=147983"},{"taxonomy":"post_tag","embeddable":true,"href":"https:\/\/www.burgosdeporte.com\/index.php?rest_route=%2Fwp%2Fv2%2Ftags&post=147983"}],"curies":[{"name":"wp","href":"https:\/\/api.w.org\/{rel}","templated":true}]}}