{"id":147560,"date":"2025-11-29T23:19:38","date_gmt":"2025-11-29T21:19:38","guid":{"rendered":"https:\/\/www.burgosdeporte.com\/?p=147560"},"modified":"2025-12-01T15:18:48","modified_gmt":"2025-12-01T13:18:48","slug":"28-22-el-villa-de-aranda-despierta-de-su-sueno-en-granollers","status":"publish","type":"post","link":"https:\/\/www.burgosdeporte.com\/?p=147560","title":{"rendered":"28-22. El Villa de Aranda despierta de su sue\u00f1o en Granollers"},"content":{"rendered":"\n<h2 class=\"wp-block-heading\">Los amarillos, que dominaban 9-13 en el tramo final de la primera parte, sufren la reacci\u00f3n de los catalanes en la reanudaci\u00f3n.<\/h2>\n\n\n<div class=\"wp-block-image\">\n<figure class=\"aligncenter size-large is-resized\"><img loading=\"lazy\" decoding=\"async\" width=\"1024\" height=\"854\" src=\"https:\/\/www.burgosdeporte.com\/wp-content\/uploads\/2025\/11\/Cajavivadic2025-1024x854.jpg\" alt=\"\" class=\"wp-image-147433\" style=\"width:333px;height:auto\" srcset=\"https:\/\/www.burgosdeporte.com\/wp-content\/uploads\/2025\/11\/Cajavivadic2025-1024x854.jpg 1024w, https:\/\/www.burgosdeporte.com\/wp-content\/uploads\/2025\/11\/Cajavivadic2025-300x250.jpg 300w, https:\/\/www.burgosdeporte.com\/wp-content\/uploads\/2025\/11\/Cajavivadic2025-768x640.jpg 768w, https:\/\/www.burgosdeporte.com\/wp-content\/uploads\/2025\/11\/Cajavivadic2025-150x125.jpg 150w, https:\/\/www.burgosdeporte.com\/wp-content\/uploads\/2025\/11\/Cajavivadic2025-696x580.jpg 696w, https:\/\/www.burgosdeporte.com\/wp-content\/uploads\/2025\/11\/Cajavivadic2025-1068x890.jpg 1068w, https:\/\/www.burgosdeporte.com\/wp-content\/uploads\/2025\/11\/Cajavivadic2025.jpg 1250w\" sizes=\"auto, (max-width: 1024px) 100vw, 1024px\" \/><\/figure>\n<\/div>\n\n\n<p>El sue\u00f1o de David se desvaneci\u00f3 con el despertar de Goliat. El&nbsp;Tubos Aranda Villa de Aranda&nbsp;sufre la&nbsp;sexta derrota&nbsp;de la temporada en su visita al Palau d\u2019Esports. La escuadra de las Tierras del Duero cede&nbsp;28-22&nbsp;frente a un&nbsp;Granollers&nbsp;que supo sobreponerse al gran arranque de la escuadra de Javi M\u00e1rquez.<\/p>\n\n\n\n<p>Los amarillos brillaron en el tramo inicial del partido para mandar el duelo a un esperanzador&nbsp;9-13&nbsp;a falta de siete minutos para el final del primer tiempo. Pero el posterior desfallecimiento arandino que mantuvo siete minutos sin anotar a los de Javi M\u00e1rquez, propici\u00f3 el&nbsp;empate al descanso&nbsp;(13-13).<\/p>\n\n\n\n<p>En la reanudaci\u00f3n, el gui\u00f3n puso a cada actor en su lugar, sin sorpresas ni giros inesperados. As\u00ed, los de Antonio Rama fueron paulatinamente imponiendo su ley para acabar firmando el s\u00e9ptima triunfo catal\u00e1n de la temporada (28-22)<\/p>\n\n\n\n<p><\/p>\n","protected":false},"excerpt":{"rendered":"<p>Los amarillos, que dominaban 9-13 en el tramo final de la primera parte, sufren la reacci\u00f3n de los catalanes en la reanudaci\u00f3n. El sue\u00f1o de David se desvaneci\u00f3 con el despertar de Goliat. El&nbsp;Tubos Aranda Villa de Aranda&nbsp;sufre la&nbsp;sexta derrota&nbsp;de la temporada en su visita al Palau d\u2019Esports. La escuadra de las Tierras del Duero [&hellip;]<\/p>\n","protected":false},"author":24,"featured_media":147561,"comment_status":"closed","ping_status":"closed","sticky":false,"template":"","format":"standard","meta":{"_monsterinsights_skip_tracking":false,"_monsterinsights_sitenote_active":false,"_monsterinsights_sitenote_note":"","_monsterinsights_sitenote_category":0,"footnotes":""},"categories":[118],"tags":[1553,249,1826,2242,593],"class_list":{"0":"post-147560","1":"post","2":"type-post","3":"status-publish","4":"format-standard","5":"has-post-thumbnail","7":"category-balonmano","8":"tag-actualidad-2","9":"tag-bmvilladearanda","10":"tag-duerodeporte","11":"tag-tubosarandavilladearanda","12":"tag-villadearanda"},"views":38,"_links":{"self":[{"href":"https:\/\/www.burgosdeporte.com\/index.php?rest_route=\/wp\/v2\/posts\/147560","targetHints":{"allow":["GET"]}}],"collection":[{"href":"https:\/\/www.burgosdeporte.com\/index.php?rest_route=\/wp\/v2\/posts"}],"about":[{"href":"https:\/\/www.burgosdeporte.com\/index.php?rest_route=\/wp\/v2\/types\/post"}],"author":[{"embeddable":true,"href":"https:\/\/www.burgosdeporte.com\/index.php?rest_route=\/wp\/v2\/users\/24"}],"replies":[{"embeddable":true,"href":"https:\/\/www.burgosdeporte.com\/index.php?rest_route=%2Fwp%2Fv2%2Fcomments&post=147560"}],"version-history":[{"count":2,"href":"https:\/\/www.burgosdeporte.com\/index.php?rest_route=\/wp\/v2\/posts\/147560\/revisions"}],"predecessor-version":[{"id":147563,"href":"https:\/\/www.burgosdeporte.com\/index.php?rest_route=\/wp\/v2\/posts\/147560\/revisions\/147563"}],"wp:featuredmedia":[{"embeddable":true,"href":"https:\/\/www.burgosdeporte.com\/index.php?rest_route=\/wp\/v2\/media\/147561"}],"wp:attachment":[{"href":"https:\/\/www.burgosdeporte.com\/index.php?rest_route=%2Fwp%2Fv2%2Fmedia&parent=147560"}],"wp:term":[{"taxonomy":"category","embeddable":true,"href":"https:\/\/www.burgosdeporte.com\/index.php?rest_route=%2Fwp%2Fv2%2Fcategories&post=147560"},{"taxonomy":"post_tag","embeddable":true,"href":"https:\/\/www.burgosdeporte.com\/index.php?rest_route=%2Fwp%2Fv2%2Ftags&post=147560"}],"curies":[{"name":"wp","href":"https:\/\/api.w.org\/{rel}","templated":true}]}}