{"id":147448,"date":"2025-11-26T18:14:15","date_gmt":"2025-11-26T16:14:15","guid":{"rendered":"https:\/\/www.burgosdeporte.com\/?p=147448"},"modified":"2025-11-28T01:53:22","modified_gmt":"2025-11-27T23:53:22","slug":"el-comite-tecnico-de-arbitros-considera-que-el-segundo-gol-del-racing-no-debio-subir-al-marcador","status":"publish","type":"post","link":"https:\/\/www.burgosdeporte.com\/?p=147448","title":{"rendered":"El Comit\u00e9 T\u00e9cnico de \u00c1rbitros considera que el segundo gol del Racing no debi\u00f3 subir al marcador"},"content":{"rendered":"\n<h2 class=\"wp-block-heading\">El Burgos CF presentar\u00e1 una queja ante el Comit\u00e9 de \u00c1rbitros por las \u00faltimas decisiones que consideran han perjudicado al equipo blanquinegro.  <\/h2>\n\n\n<div class=\"wp-block-image\">\n<figure class=\"aligncenter size-large is-resized\"><img loading=\"lazy\" decoding=\"async\" width=\"1024\" height=\"854\" src=\"https:\/\/www.burgosdeporte.com\/wp-content\/uploads\/2025\/11\/Cajavivadic2025-1024x854.jpg\" alt=\"\" class=\"wp-image-147433\" style=\"width:338px;height:auto\" srcset=\"https:\/\/www.burgosdeporte.com\/wp-content\/uploads\/2025\/11\/Cajavivadic2025-1024x854.jpg 1024w, https:\/\/www.burgosdeporte.com\/wp-content\/uploads\/2025\/11\/Cajavivadic2025-300x250.jpg 300w, https:\/\/www.burgosdeporte.com\/wp-content\/uploads\/2025\/11\/Cajavivadic2025-768x640.jpg 768w, https:\/\/www.burgosdeporte.com\/wp-content\/uploads\/2025\/11\/Cajavivadic2025-150x125.jpg 150w, https:\/\/www.burgosdeporte.com\/wp-content\/uploads\/2025\/11\/Cajavivadic2025-696x580.jpg 696w, https:\/\/www.burgosdeporte.com\/wp-content\/uploads\/2025\/11\/Cajavivadic2025-1068x890.jpg 1068w, https:\/\/www.burgosdeporte.com\/wp-content\/uploads\/2025\/11\/Cajavivadic2025.jpg 1250w\" sizes=\"auto, (max-width: 1024px) 100vw, 1024px\" \/><\/figure>\n<\/div>\n\n\n<p>El Comit\u00e9 T\u00e9cnico de \u00c1rbitros en su revisi\u00f3n semanal de las jugadas conflictivas en los partidos de f\u00fatbol profesional considera que el segundo gol encajado por el Burgos CF en su partiido del pasado domingo ante el Racing de Santander en El Plant\u00edo no debi\u00f3 subir al marcador. <\/p>\n\n\n\n<p>En el an\u00e1lisis de la jugada, que se produjo en la segunda parte, cunado todav\u00eda restaba m\u00e1s de media hora para el final del partido, el Comit\u00e9 considera que <em><strong>\u00bb las decisiones sobre contacto f\u00edsico en la disputa del bal\u00f3n son interpretativas, y deben basarse en si la acci\u00f3n es imprudente, temeraria o con uso de fuerza excesiva, el VAR solo puede intervenir en caso de error claro y manifiesto, lo que no ocurre en acciones interpretativas como esta. Desde el Comit\u00e9 T\u00e9cnico de \u00c1rbitros se considera que esta acci\u00f3n tiene un alto componente de interpretaci\u00f3n y, por lo tanto, debe respetarse la decisi\u00f3n del \u00e1rbitro, ya que no estamos en este caso ante una acci\u00f3n con un error claro y manifiesto como para que el VAR deba intervenir.\u00bb<\/strong><\/em><\/p>\n\n\n\n<p><strong>AUDIO DEL COMIT\u00c9 T\u00c9CNICO DE \u00c1RBITROS <\/strong><\/p>\n\n\n\n<figure class=\"wp-block-audio\"><audio controls src=\"https:\/\/www.burgosdeporte.com\/wp-content\/uploads\/2025\/11\/VAR-BURGOS-RACING-2025.mp3\"><\/audio><\/figure>\n\n\n\n<p>La l\u00ednea argumental del VAR coincide plenamente con la expresada en el programa Tiempo Extra de Burgosdeporte, el pasado lunes, por el ex-\u00e1rbitro burgal\u00e9s, Javier Llorente, invitado en el programa, que dedic\u00f3 buena parte del mismo a analizar esta jugada. <\/p>\n\n\n\n<p><strong>QUEJA FORMAL DEL BURGOS CF POR LOS ARBITRAJES<\/strong><\/p>\n\n\n\n<p>El Burgos CF ha presentado una queja formal ante el Comit\u00e9 T\u00e9cnico de \u00c1rbitros (CTA) en la que expresa su malestar por los \u00faltimos arbitrajes que ha tenido pr\u00e1cticamente desde el inicio de temporada. El club de El Plant\u00edo ha expresado ante la entidad en la que est\u00e1n representados todos los colegiados de la categor\u00eda su disconformidad ante diferentes actuaciones. La \u00faltima de ellas la que se produjo en el campo burgal\u00e9s en el \u00faltimo partido ante el Racing de Santander. <\/p>\n\n\n\n<p>Unas actuaciones arbitrales que, si bien aparentemente no han influido en los resultados finales de los partidos, s\u00ed han provocado algunas reacciones en la grada o en determinados sectores de la afici\u00f3n -injustificables a pesar de la actuaci\u00f3n arbitral- y del propio club. No en vano Ramis afirmaba en rueda de prensa que\u00a0considera \u00abpreocupante\u00bb los arbitrajes sufridos por el equipo blanquinegro esta temporada. <\/p>\n\n\n\n<p>As\u00ed, por ejemplo, el Burgos CF va a sufrir una nueva sanci\u00f3n por parte de la Liga por los insultos preferidos desde el fondo sur al \u00e1rbitro del encuentro, as\u00ed como a la afici\u00f3n rival. Baste con se\u00f1alar los ocho argumentos sancionables recogidos por el \u00e1rbitro en su acta y que van a acarrear una serie sanciones para el Burgos CF.<\/p>\n\n\n\n<p>A trav\u00e9s de la televisi\u00f3n se ha podido comprobar c\u00f3mo algunas de las acciones que han sufrido futbolistas del Burgos CF eran merecedoras de algo m\u00e1s que una simple amonestaci\u00f3n verbal. Algunas de ellas han pasado sin ni siquiera ese tipo de amonestaci\u00f3n, como es el caso del pisot\u00f3n que recibi\u00f3 Curro S\u00e1nchez en el partido frente a Legan\u00e9s por parte de Diawara. O el que recibi\u00f3 K\u00e9vin Appin este domingo.<\/p>\n\n\n\n<p>O la sanci\u00f3n recibida por el central del Racing Pablo Ramon, en una entrada a Fer Ni\u00f1o, cuando el delantero burgalesista se apretaba para enfilar el \u00e1rea contraria, que se qued\u00f3 era una simple amonestaci\u00f3n de tarjeta amarilla. La dur\u00edsima entrada de Peio Canales a Lizancos; o bien el diferente criterio a la hora de ense\u00f1ar tarjetas de algunos colegiados en varios encuentros, tanto en El Plant\u00edo como a domicilio.<\/p>\n\n\n\n<p>Tampoco parecen de recibo ciertas expulsiones sufridas este mismo domingo. La redacci\u00f3n del acta del colegiado balear para nada aclara que se diera una circunstancia como para expulsar al segundo entrenador, Jos\u00e9 Manuel Gil y al primer responsable t\u00e9cnico de la plantilla, Luis Miguel Ramis.<\/p>\n\n\n\n<p>Todo ello constituye un agravio, m\u00e1s a\u00fan cuando se entiende que el v\u00eddeo arbitraje y la asistencia t\u00e9cnica de varios colegiados en la sala VOR ha de servir para ayudar al \u00e1rbitro principal a impartir justicia sobre el terreno de juego.<\/p>\n\n\n\n<p><strong>TIEMPO EXTRA CON LA PARTICIPACI\u00d3N DE JAVIER LLORENTE<\/strong><\/p>\n\n\n\n<figure class=\"wp-block-embed is-type-video is-provider-youtube wp-block-embed-youtube wp-embed-aspect-16-9 wp-has-aspect-ratio\"><div class=\"wp-block-embed__wrapper\">\n<div class=\"youtube-embed\" data-video_id=\"ZK7dm633bcE\"><iframe loading=\"lazy\" title=\"Tiempo Extra #122 | \u00bfPodemos fiarnos del VAR? (24-11-2025)\" width=\"696\" height=\"392\" src=\"https:\/\/www.youtube.com\/embed\/ZK7dm633bcE?start=21&#038;feature=oembed\" frameborder=\"0\" allow=\"accelerometer; autoplay; clipboard-write; encrypted-media; gyroscope; picture-in-picture; web-share\" referrerpolicy=\"strict-origin-when-cross-origin\" allowfullscreen><\/iframe><\/div>\n<\/div><\/figure>\n","protected":false},"excerpt":{"rendered":"<p>El Burgos CF presentar\u00e1 una queja ante el Comit\u00e9 de \u00c1rbitros por las \u00faltimas decisiones que consideran han perjudicado al equipo blanquinegro. El Comit\u00e9 T\u00e9cnico de \u00c1rbitros en su revisi\u00f3n semanal de las jugadas conflictivas en los partidos de f\u00fatbol profesional considera que el segundo gol encajado por el Burgos CF en su partiido del [&hellip;]<\/p>\n","protected":false},"author":21,"featured_media":147451,"comment_status":"closed","ping_status":"closed","sticky":false,"template":"","format":"standard","meta":{"_monsterinsights_skip_tracking":false,"_monsterinsights_sitenote_active":false,"_monsterinsights_sitenote_note":"","_monsterinsights_sitenote_category":0,"footnotes":""},"categories":[4],"tags":[1553,29],"class_list":{"0":"post-147448","1":"post","2":"type-post","3":"status-publish","4":"format-standard","5":"has-post-thumbnail","7":"category-futbol","8":"tag-actualidad-2","9":"tag-burgoscf"},"views":108,"_links":{"self":[{"href":"https:\/\/www.burgosdeporte.com\/index.php?rest_route=\/wp\/v2\/posts\/147448","targetHints":{"allow":["GET"]}}],"collection":[{"href":"https:\/\/www.burgosdeporte.com\/index.php?rest_route=\/wp\/v2\/posts"}],"about":[{"href":"https:\/\/www.burgosdeporte.com\/index.php?rest_route=\/wp\/v2\/types\/post"}],"author":[{"embeddable":true,"href":"https:\/\/www.burgosdeporte.com\/index.php?rest_route=\/wp\/v2\/users\/21"}],"replies":[{"embeddable":true,"href":"https:\/\/www.burgosdeporte.com\/index.php?rest_route=%2Fwp%2Fv2%2Fcomments&post=147448"}],"version-history":[{"count":2,"href":"https:\/\/www.burgosdeporte.com\/index.php?rest_route=\/wp\/v2\/posts\/147448\/revisions"}],"predecessor-version":[{"id":147453,"href":"https:\/\/www.burgosdeporte.com\/index.php?rest_route=\/wp\/v2\/posts\/147448\/revisions\/147453"}],"wp:featuredmedia":[{"embeddable":true,"href":"https:\/\/www.burgosdeporte.com\/index.php?rest_route=\/wp\/v2\/media\/147451"}],"wp:attachment":[{"href":"https:\/\/www.burgosdeporte.com\/index.php?rest_route=%2Fwp%2Fv2%2Fmedia&parent=147448"}],"wp:term":[{"taxonomy":"category","embeddable":true,"href":"https:\/\/www.burgosdeporte.com\/index.php?rest_route=%2Fwp%2Fv2%2Fcategories&post=147448"},{"taxonomy":"post_tag","embeddable":true,"href":"https:\/\/www.burgosdeporte.com\/index.php?rest_route=%2Fwp%2Fv2%2Ftags&post=147448"}],"curies":[{"name":"wp","href":"https:\/\/api.w.org\/{rel}","templated":true}]}}