{"id":147184,"date":"2025-11-20T19:10:16","date_gmt":"2025-11-20T17:10:16","guid":{"rendered":"https:\/\/www.burgosdeporte.com\/?p=147184"},"modified":"2025-11-21T17:06:26","modified_gmt":"2025-11-21T15:06:26","slug":"el-burgos-cf-perdio-tres-millones-de-euros-en-la-pasada-temporada","status":"publish","type":"post","link":"https:\/\/www.burgosdeporte.com\/?p=147184","title":{"rendered":"El Burgos CF perdi\u00f3 tres millones de euros en la pasada temporada"},"content":{"rendered":"\n<h2 class=\"wp-block-heading\">El d\u00e9ficit se fundamenta en los fichajes de invierno y los ascensos del Promesas y el Femenino, adem\u00e1s del despido de Bolo y la contrataci\u00f3n de Ramis.<\/h2>\n\n\n<div class=\"wp-block-image\">\n<figure class=\"aligncenter size-full\"><img loading=\"lazy\" decoding=\"async\" width=\"350\" height=\"250\" src=\"https:\/\/www.burgosdeporte.com\/wp-content\/uploads\/2025\/11\/BUDeporte_Captur_Nov25.gif\" alt=\"\" class=\"wp-image-146766\"\/><\/figure>\n<\/div>\n\n\n<p>El Burgos CF gener\u00f3 p\u00e9rdidas la temporada pasada. La p\u00e9rdida contable ascendi\u00f3 a algo m\u00e1s de 3 millones de euros y la p\u00e9rdida operativa a \u00ab2,8 millones de euros aproximadamente\u00bb.<\/p>\n\n\n\n<p>As\u00ed lo confirm\u00f3 el propietario del Burgos CF, Marcelo Figoli y constituye una de las partes importantes de la pr\u00f3xima junta general de accionistas que se celebrar\u00e1 el pr\u00f3ximo lunes.<\/p>\n\n\n\n<p><strong>CAUSAS<\/strong><\/p>\n\n\n\n<p>Figoli ha destacado que el Burgos CF ha vivido muchos \u00abaspectos\u00bb que le ha llevado a esos n\u00fameros en la que ha sido su \u00abprimera temporada completa\u00bb como presidente. <\/p>\n\n\n\n<p>En su opini\u00f3n, algunas de estas p\u00e9rdidas son achacables a dedicar m\u00e1s dinero del previsto en un inicio \u00abpara mantener al equipo juvenil en Divisi\u00f3n de Honor, dar m\u00e1s presupuesto al Femenino, trabajar por el ascenso del filial a Segunda RFEF; trabajar con un doble cuerpo t\u00e9cnico durante m\u00e1s de la mitad del a\u00f1o en el primer equipo y una mayor inversi\u00f3n salarial\u00bb. <\/p>\n\n\n\n<p>Todas estas variantes \u00abno han ido acordes con los ingresos\u00bb, que no han corrido la<br>misma velocidad que los egresos y los resultados de la gesti\u00f3n han sido \u00abmuy<br>negativos\u00bb y un resultado completamente diferente de lo presupuestado.<\/p>\n\n\n\n<p><strong>PROFESIONALIZACI\u00d3N Y GESTI\u00d3N <\/strong><\/p>\n\n\n\n<p>Marcelo Figoli quiere darle tambi\u00e9n una profesionalizaci\u00f3n m\u00e1s mayor al \u00e1rea de<br>presencia social e institucional para el Burgos CF. Por eso cuenta con no personas al<br>frente de esta \u00e1rea que lleven el d\u00eda a d\u00eda de la parte administrativa financiera comercial<br>de marketing y de relaci\u00f3n con los abonados. La idea es reforzar la gesti\u00f3n de la<br>instituci\u00f3n para lo cual sea contratado un nuevo CEO,Ram\u00f3n Loarte, que entre otros<br>muchos cargos ha sido director de M\u00e1rketing del Sevilla FC.<\/p>\n\n\n\n<p>Se va a encargar de llevar otros aspectos \u00abque no tienen que ver con el deportivo\u00bb, sino<br>con \u00ablo organizacional, con la atenci\u00f3n al socio, con la atenci\u00f3n a la afici\u00f3n con la<br>infraestructura y con otras cuestiones como la comunicaci\u00f3n que cada d\u00eda queremos que<br>sea mejor\u00bb, ha subrayado; y para eso es necesario \u00abun equipo que cada vez sea m\u00e1s<br>profesional\u00bb<\/p>\n\n\n\n<p>En este sentido, ha prometido una m\u00e1s cercana y directa atenci\u00f3n a este colectivo de<br>abonados, sobre todo los que llevan m\u00e1s tiempo, o son m\u00e1s veteranos, de cara a ofrecer<br>una imagen mucho m\u00e1s cercana del club y de la sociedad.<\/p>\n","protected":false},"excerpt":{"rendered":"<p>El d\u00e9ficit se fundamenta en los fichajes de invierno y los ascensos del Promesas y el Femenino, adem\u00e1s del despido de Bolo y la contrataci\u00f3n de Ramis. El Burgos CF gener\u00f3 p\u00e9rdidas la temporada pasada. La p\u00e9rdida contable ascendi\u00f3 a algo m\u00e1s de 3 millones de euros y la p\u00e9rdida operativa a \u00ab2,8 millones de [&hellip;]<\/p>\n","protected":false},"author":21,"featured_media":147180,"comment_status":"closed","ping_status":"closed","sticky":false,"template":"","format":"standard","meta":{"_monsterinsights_skip_tracking":false,"_monsterinsights_sitenote_active":false,"_monsterinsights_sitenote_note":"","_monsterinsights_sitenote_category":0,"footnotes":""},"categories":[4],"tags":[1553,29,1643],"class_list":{"0":"post-147184","1":"post","2":"type-post","3":"status-publish","4":"format-standard","5":"has-post-thumbnail","7":"category-futbol","8":"tag-actualidad-2","9":"tag-burgoscf","10":"tag-marcelofigoli"},"views":110,"_links":{"self":[{"href":"https:\/\/www.burgosdeporte.com\/index.php?rest_route=\/wp\/v2\/posts\/147184","targetHints":{"allow":["GET"]}}],"collection":[{"href":"https:\/\/www.burgosdeporte.com\/index.php?rest_route=\/wp\/v2\/posts"}],"about":[{"href":"https:\/\/www.burgosdeporte.com\/index.php?rest_route=\/wp\/v2\/types\/post"}],"author":[{"embeddable":true,"href":"https:\/\/www.burgosdeporte.com\/index.php?rest_route=\/wp\/v2\/users\/21"}],"replies":[{"embeddable":true,"href":"https:\/\/www.burgosdeporte.com\/index.php?rest_route=%2Fwp%2Fv2%2Fcomments&post=147184"}],"version-history":[{"count":1,"href":"https:\/\/www.burgosdeporte.com\/index.php?rest_route=\/wp\/v2\/posts\/147184\/revisions"}],"predecessor-version":[{"id":147185,"href":"https:\/\/www.burgosdeporte.com\/index.php?rest_route=\/wp\/v2\/posts\/147184\/revisions\/147185"}],"wp:featuredmedia":[{"embeddable":true,"href":"https:\/\/www.burgosdeporte.com\/index.php?rest_route=\/wp\/v2\/media\/147180"}],"wp:attachment":[{"href":"https:\/\/www.burgosdeporte.com\/index.php?rest_route=%2Fwp%2Fv2%2Fmedia&parent=147184"}],"wp:term":[{"taxonomy":"category","embeddable":true,"href":"https:\/\/www.burgosdeporte.com\/index.php?rest_route=%2Fwp%2Fv2%2Fcategories&post=147184"},{"taxonomy":"post_tag","embeddable":true,"href":"https:\/\/www.burgosdeporte.com\/index.php?rest_route=%2Fwp%2Fv2%2Ftags&post=147184"}],"curies":[{"name":"wp","href":"https:\/\/api.w.org\/{rel}","templated":true}]}}