{"id":147178,"date":"2025-11-20T16:28:58","date_gmt":"2025-11-20T14:28:58","guid":{"rendered":"https:\/\/www.burgosdeporte.com\/?p=147178"},"modified":"2025-11-21T15:18:09","modified_gmt":"2025-11-21T13:18:09","slug":"marcelo-figoli-confia-en-comenzar-las-obras-de-el-plantio-en-2027","status":"publish","type":"post","link":"https:\/\/www.burgosdeporte.com\/?p=147178","title":{"rendered":"Marcelo Figoli conf\u00eda en comenzar las obras de El Plant\u00edo en 2027"},"content":{"rendered":"\n<h2 class=\"wp-block-heading\">Seg\u00fan el propietario del Burgos CF los trabajos podr\u00edan iniciarse en enero de 2027 y ser\u00eda una actuaci\u00f3n integral.<\/h2>\n\n\n<div class=\"wp-block-image\">\n<figure class=\"aligncenter size-full\"><img loading=\"lazy\" decoding=\"async\" width=\"300\" height=\"90\" src=\"https:\/\/www.burgosdeporte.com\/wp-content\/uploads\/2023\/10\/Felix_rubio_2.gif\" alt=\"\" class=\"wp-image-108903\"\/><\/figure>\n<\/div>\n\n\n<p>El escenario m\u00e1s probable de comienzo de las obras de El Plant\u00edo ser\u00eda en enero de 2027, una vez que los tr\u00e1mites burocr\u00e1ticos, con los permisos oportunos est\u00e9n finalizados. As\u00ed lo considera el propietario del Burgos CF, Marcelo Figoli. <\/p>\n\n\n\n<p><strong> ACTUACI\u00d3N INTEGRAL<\/strong><\/p>\n\n\n\n<p>La intenci\u00f3n es hacer la actuaci\u00f3n de un atacada, que sea \u00abintegral\u00bb, seg\u00fan ha afirmado, aunque este extremo \u00abse valorar\u00e1\u00bb en un futuro cercano. En este sentido, y si la obra se hace por fases, se ver\u00e1 si merece la pena jugar en un estadio en obras o ir a un otro provisional, aspecto que \u00abno queda de estar descartado\u00bb.<\/p>\n\n\n\n<p><strong>FINANCIACI\u00d3N CON RECURSOS PROPIOS<\/strong><\/p>\n\n\n\n<p>Para acometer esta inversi\u00f3n, en la que el Burgos CF aportar\u00e1 el 60 % y el Ayuntamiento de Burgos, el 40 % restante, la idea de Figoli es la \u00abventa de palcos VIP a un n\u00famero de a\u00f1os\u00bb y la explotaci\u00f3n externa de diferentes partes del nuevo recinto como bares, restaurantes, centros comerciales y otros elementos externos. Es pues una forma de financiar la obra \u00abdin\u00e1mica\u00bb a trav\u00e9s de la explotaci\u00f3n de los recursos que pueda aportar el nuevo estadio, incluido el nombre externo que se le va a dar al recinto a trav\u00e9s de lo que se conoce comercialmente como \u2018naming\u2019.<\/p>\n\n\n\n<p>En este sentido, Figoli ha indicado que hay 18.000 metros cuadrados de usos extradeportivos, de los que se puede sacar tambi\u00e9n un rendimiento econ\u00f3mico m\u00e1s all\u00e1 de los bares y restaurantes. Adem\u00e1s, el estadio se podr\u00e1 ceder para conciertos, eventos privados, proyectos y planes de tal manera que se convierta en un espacio de usos m\u00faltiples, una concepci\u00f3n que tambi\u00e9n tiene el propio Ayuntamiento.<\/p>\n\n\n\n<p><strong>NUEVA CONCESI\u00d3N DEMANIAL DE EL PLANT\u00cdO<\/strong><\/p>\n\n\n\n<p>La obra la va a cometer el Burgos CF, acompa\u00f1ado por el Ayuntamiento, no el propio consistorio, a pesar de que sea el propietario del estadio. Para Figoli es importante el proyecto municipal de Ciudad del deporte y de todo el entramado urban\u00edstico que va a suponer la reforma. Para poder llevar a cabo todos estos proyectos, es necesaria una nueva concesi\u00f3n demanial del estadio.<\/p>\n","protected":false},"excerpt":{"rendered":"<p>Seg\u00fan el propietario del Burgos CF los trabajos podr\u00edan iniciarse en enero de 2027 y ser\u00eda una actuaci\u00f3n integral. El escenario m\u00e1s probable de comienzo de las obras de El Plant\u00edo ser\u00eda en enero de 2027, una vez que los tr\u00e1mites burocr\u00e1ticos, con los permisos oportunos est\u00e9n finalizados. As\u00ed lo considera el propietario del Burgos [&hellip;]<\/p>\n","protected":false},"author":21,"featured_media":147181,"comment_status":"closed","ping_status":"closed","sticky":false,"template":"","format":"standard","meta":{"_monsterinsights_skip_tracking":false,"_monsterinsights_sitenote_active":false,"_monsterinsights_sitenote_note":"","_monsterinsights_sitenote_category":0,"footnotes":""},"categories":[4],"tags":[1553,29,1643],"class_list":{"0":"post-147178","1":"post","2":"type-post","3":"status-publish","4":"format-standard","5":"has-post-thumbnail","7":"category-futbol","8":"tag-actualidad-2","9":"tag-burgoscf","10":"tag-marcelofigoli"},"views":80,"_links":{"self":[{"href":"https:\/\/www.burgosdeporte.com\/index.php?rest_route=\/wp\/v2\/posts\/147178","targetHints":{"allow":["GET"]}}],"collection":[{"href":"https:\/\/www.burgosdeporte.com\/index.php?rest_route=\/wp\/v2\/posts"}],"about":[{"href":"https:\/\/www.burgosdeporte.com\/index.php?rest_route=\/wp\/v2\/types\/post"}],"author":[{"embeddable":true,"href":"https:\/\/www.burgosdeporte.com\/index.php?rest_route=\/wp\/v2\/users\/21"}],"replies":[{"embeddable":true,"href":"https:\/\/www.burgosdeporte.com\/index.php?rest_route=%2Fwp%2Fv2%2Fcomments&post=147178"}],"version-history":[{"count":1,"href":"https:\/\/www.burgosdeporte.com\/index.php?rest_route=\/wp\/v2\/posts\/147178\/revisions"}],"predecessor-version":[{"id":147183,"href":"https:\/\/www.burgosdeporte.com\/index.php?rest_route=\/wp\/v2\/posts\/147178\/revisions\/147183"}],"wp:featuredmedia":[{"embeddable":true,"href":"https:\/\/www.burgosdeporte.com\/index.php?rest_route=\/wp\/v2\/media\/147181"}],"wp:attachment":[{"href":"https:\/\/www.burgosdeporte.com\/index.php?rest_route=%2Fwp%2Fv2%2Fmedia&parent=147178"}],"wp:term":[{"taxonomy":"category","embeddable":true,"href":"https:\/\/www.burgosdeporte.com\/index.php?rest_route=%2Fwp%2Fv2%2Fcategories&post=147178"},{"taxonomy":"post_tag","embeddable":true,"href":"https:\/\/www.burgosdeporte.com\/index.php?rest_route=%2Fwp%2Fv2%2Ftags&post=147178"}],"curies":[{"name":"wp","href":"https:\/\/api.w.org\/{rel}","templated":true}]}}