{"id":147163,"date":"2025-11-20T15:40:05","date_gmt":"2025-11-20T13:40:05","guid":{"rendered":"https:\/\/www.burgosdeporte.com\/?p=147163"},"modified":"2025-11-21T15:18:14","modified_gmt":"2025-11-21T13:18:14","slug":"david-gonzalez-renueva-con-el-burgos-hasta-2029","status":"publish","type":"post","link":"https:\/\/www.burgosdeporte.com\/?p=147163","title":{"rendered":"David Gonz\u00e1lez renueva con el Burgos hasta 2029"},"content":{"rendered":"\n<h2 class=\"wp-block-heading\">El jugador sali\u00f3 de la cantera del Burgos CF y fue formado tambi\u00e9n en las categor\u00edas de futbol base del Real Madrid.  <\/h2>\n\n\n\n<figure class=\"wp-block-image size-full\"><a href=\"https:\/\/elpollitopio.es\/\" target=\"_blank\" rel=\"noopener\"><img loading=\"lazy\" decoding=\"async\" width=\"1024\" height=\"307\" src=\"https:\/\/www.burgosdeporte.com\/wp-content\/uploads\/2025\/10\/image-1.png\" alt=\"\" class=\"wp-image-145683\" srcset=\"https:\/\/www.burgosdeporte.com\/wp-content\/uploads\/2025\/10\/image-1.png 1024w, https:\/\/www.burgosdeporte.com\/wp-content\/uploads\/2025\/10\/image-1-300x90.png 300w, https:\/\/www.burgosdeporte.com\/wp-content\/uploads\/2025\/10\/image-1-768x230.png 768w, https:\/\/www.burgosdeporte.com\/wp-content\/uploads\/2025\/10\/image-1-150x45.png 150w, https:\/\/www.burgosdeporte.com\/wp-content\/uploads\/2025\/10\/image-1-696x209.png 696w\" sizes=\"auto, (max-width: 1024px) 100vw, 1024px\" \/><\/a><\/figure>\n\n\n\n<p>Lo ha anunciado este jueves en una rueda de prensa el presidente del Burgos CF, Marcelo Figoli. La noticia es muy positiva para la entidad blanquinegra, sobre todo porque David Gonz\u00e1lez se form\u00f3 en la cantera del f\u00fatbol de Burgos y adem\u00e1s porque la proyecci\u00f3n del jugador es cada d\u00eda mayor a la vista de su gran rendimiento en el equipo desde que  retorn\u00f3 al Burgos CF.  <\/p>\n\n\n\n<p>Ya es oficial, David Gonz\u00e1lez ha firmado con el Burgos CF hasta el a\u00f1o 2029. El burgal\u00e9s est\u00e1 firmando una de las campa\u00f1as m\u00e1s importantes de su aun corta, pero prometedora carrera deportiva. Es uno de los futbolistas m\u00e1s queridos por la afici\u00f3n por su entrega, calidad y amor a los colores. De hecho, es uno de los pocos futbolistas, junto con Sa\u00fal del Cerro y Mario Gonz\u00e1lez, criado en la cantera blanquinegra.<\/p>\n\n\n\n<p>Gonz\u00e1lez cumple ahora su segunda temporada con el club de El Plant\u00edo. Es uno de los fijos en el once inicial de Luis Miguel Ramis y ha conseguido cuatro goles y ha dado ya siete asistencias, lo que le convierte en uno de los futbolistas m\u00e1s completos de la liga Hypermotion.<\/p>\n\n\n\n<p><strong> ATIENZA, EN EL PUNTO DE MIRA<\/strong><\/p>\n\n\n\n<p>En su comparecencia ante los medios, Marcelo Figoli, ha anunciado que uno de los pr\u00f3ximos jugadores a estampar su firma, podr\u00eda ser Miguel \u00c1ngel Atienza, otro de los activos importantes que tiene este equipo seg\u00fan el modelo de juego de Ramis. <\/p>\n\n\n\n<p>Atienza se est\u00e1 convirtiendo esta temporada, ya lo era antes, en un futbolista, imprescindible en la recuperaci\u00f3n de balones. Este a\u00f1o adem\u00e1s ha conseguido un tanto, el que sirvi\u00f3 para dar la victoria al Burgos CF en el estadio de Butarque, en Legan\u00e9s.<\/p>\n","protected":false},"excerpt":{"rendered":"<p>El jugador sali\u00f3 de la cantera del Burgos CF y fue formado tambi\u00e9n en las categor\u00edas de futbol base del Real Madrid. Lo ha anunciado este jueves en una rueda de prensa el presidente del Burgos CF, Marcelo Figoli. La noticia es muy positiva para la entidad blanquinegra, sobre todo porque David Gonz\u00e1lez se form\u00f3 [&hellip;]<\/p>\n","protected":false},"author":21,"featured_media":145940,"comment_status":"closed","ping_status":"closed","sticky":false,"template":"","format":"standard","meta":{"_monsterinsights_skip_tracking":false,"_monsterinsights_sitenote_active":false,"_monsterinsights_sitenote_note":"","_monsterinsights_sitenote_category":0,"footnotes":""},"categories":[4],"tags":[1553,29,1818,1643],"class_list":{"0":"post-147163","1":"post","2":"type-post","3":"status-publish","4":"format-standard","5":"has-post-thumbnail","7":"category-futbol","8":"tag-actualidad-2","9":"tag-burgoscf","10":"tag-davidgonzalez","11":"tag-marcelofigoli"},"views":68,"_links":{"self":[{"href":"https:\/\/www.burgosdeporte.com\/index.php?rest_route=\/wp\/v2\/posts\/147163","targetHints":{"allow":["GET"]}}],"collection":[{"href":"https:\/\/www.burgosdeporte.com\/index.php?rest_route=\/wp\/v2\/posts"}],"about":[{"href":"https:\/\/www.burgosdeporte.com\/index.php?rest_route=\/wp\/v2\/types\/post"}],"author":[{"embeddable":true,"href":"https:\/\/www.burgosdeporte.com\/index.php?rest_route=\/wp\/v2\/users\/21"}],"replies":[{"embeddable":true,"href":"https:\/\/www.burgosdeporte.com\/index.php?rest_route=%2Fwp%2Fv2%2Fcomments&post=147163"}],"version-history":[{"count":1,"href":"https:\/\/www.burgosdeporte.com\/index.php?rest_route=\/wp\/v2\/posts\/147163\/revisions"}],"predecessor-version":[{"id":147165,"href":"https:\/\/www.burgosdeporte.com\/index.php?rest_route=\/wp\/v2\/posts\/147163\/revisions\/147165"}],"wp:featuredmedia":[{"embeddable":true,"href":"https:\/\/www.burgosdeporte.com\/index.php?rest_route=\/wp\/v2\/media\/145940"}],"wp:attachment":[{"href":"https:\/\/www.burgosdeporte.com\/index.php?rest_route=%2Fwp%2Fv2%2Fmedia&parent=147163"}],"wp:term":[{"taxonomy":"category","embeddable":true,"href":"https:\/\/www.burgosdeporte.com\/index.php?rest_route=%2Fwp%2Fv2%2Fcategories&post=147163"},{"taxonomy":"post_tag","embeddable":true,"href":"https:\/\/www.burgosdeporte.com\/index.php?rest_route=%2Fwp%2Fv2%2Ftags&post=147163"}],"curies":[{"name":"wp","href":"https:\/\/api.w.org\/{rel}","templated":true}]}}