{"id":147138,"date":"2025-11-19T14:45:55","date_gmt":"2025-11-19T12:45:55","guid":{"rendered":"https:\/\/www.burgosdeporte.com\/?p=147138"},"modified":"2025-11-20T15:30:07","modified_gmt":"2025-11-20T13:30:07","slug":"resultados-positivos-del-ciudad-deportiva-de-burgos-en-el-mundial-de-trampolin","status":"publish","type":"post","link":"https:\/\/www.burgosdeporte.com\/?p=147138","title":{"rendered":"Resultados positivos del Ciudad Deportiva de Burgos en el Mundial de Trampol\u00edn"},"content":{"rendered":"\n<p><strong><em>Las cinco gimnastas burgalesas firmaron una brillante actuaci\u00f3n en el Mundial de Trampol\u00edn, celebrado en Pamplona<\/em><\/strong><\/p>\n\n\n<div class=\"wp-block-image\">\n<figure class=\"aligncenter size-full is-resized\"><a href=\"https:\/\/www.tandemgyd.com\/\" target=\"_blank\" rel=\" noreferrer noopener\"><img loading=\"lazy\" decoding=\"async\" width=\"750\" height=\"265\" src=\"https:\/\/www.burgosdeporte.com\/wp-content\/uploads\/2025\/09\/tandem750x265.fw_.png\" alt=\"\" class=\"wp-image-144121\" style=\"width:396px;height:auto\" srcset=\"https:\/\/www.burgosdeporte.com\/wp-content\/uploads\/2025\/09\/tandem750x265.fw_.png 750w, https:\/\/www.burgosdeporte.com\/wp-content\/uploads\/2025\/09\/tandem750x265.fw_-300x106.png 300w, https:\/\/www.burgosdeporte.com\/wp-content\/uploads\/2025\/09\/tandem750x265.fw_-150x53.png 150w, https:\/\/www.burgosdeporte.com\/wp-content\/uploads\/2025\/09\/tandem750x265.fw_-696x246.png 696w\" sizes=\"auto, (max-width: 750px) 100vw, 750px\" \/><\/a><\/figure>\n<\/div>\n\n\n<p>Las gimnastas burgalesas Claudia Mart\u00ednez Azn\u00e1rez, Elia P\u00e1ramo Aguilar, Ana L\u00f3pez Remacha. Manuela Rodr\u00edguez Pinillos y Julia V\u00e1zquez Mogoll\u00f3n, del Club Ciudad Deportiva de Burgos, han regresado de su participaci\u00f3n en el Campeonato del Mundo de Trampol\u00edn, con unos brillantes resultados. Todas ellas formaban parte de la selecci\u00f3n espa\u00f1ola, junto a sus t\u00e9cnicos, Mar\u00eda Pilar Sancho Garc\u00eda y Jos\u00e9 Luis S\u00e1nchez Santamar\u00eda.<\/p>\n\n\n\n<p>En la modalidad de Tumbling, con un noveno puesto en la clasificaci\u00f3n general, Julia V\u00e1zquez Mogoll\u00f3n hizo historia en su debut con la selecci\u00f3n espa\u00f1ola al convertirse en la primera reserva para la final y en la primera clasificada de la Selecci\u00f3n Espa\u00f1ola, en la categor\u00eda de 11-12 a\u00f1os.<\/p>\n\n\n\n<p>Claudia Mart\u00ednez Azn\u00e1rez se coloc\u00f3 la n\u00famero 34 de la clasificaci\u00f3n absoluta y primera clasificada de la Selecci\u00f3n Espa\u00f1ola; Manuela Rodr\u00edguez Pinillos (11-12 a\u00f1os), en el puesto trece y tercera clasificada de la Selecci\u00f3n Espa\u00f1ola; y Ana L\u00f3pez Remacha (13-14 a\u00f1os) segunda clasificada de la Selecci\u00f3n Espa\u00f1ola y Elia P\u00e1ramo Aguilar (Junior) primera clasificada de la Selecci\u00f3n Espa\u00f1ola y ambas terminaron en el n\u00famero veintinueve de la clasificaci\u00f3n.&nbsp;<\/p>\n\n\n\n<p>Claudia, Julia y Elia, que compet\u00edan en su primer mundial, fueron las mejores representantes espa\u00f1olas de Tumbling en sus categor\u00edas. Estos resultados suponen un nuevo hito hist\u00f3rico para la gimnasia burgalesa y para el Ciudad Deportiva de Burgos, consolidado ya como referente nacional en la modalidad de Trampol\u00edn.&nbsp;<\/p>\n\n\n\n<p>Las cinco gimnastas del club burgal\u00e9s demostraron su gran nivel t\u00e9cnico y competitivo y su desempe\u00f1o en el Navarra Arena de Pamplona confirma el excelente momento que atraviesa el equipo del Ciudad Deportiva de Burgos, dirigido por Mar\u00eda Pilar Sancho Garc\u00eda y Jos\u00e9 Luis S\u00e1nchez Santamar\u00eda.<\/p>\n","protected":false},"excerpt":{"rendered":"<p>Las cinco gimnastas burgalesas firmaron una brillante actuaci\u00f3n en el Mundial de Trampol\u00edn, celebrado en Pamplona Las gimnastas burgalesas Claudia Mart\u00ednez Azn\u00e1rez, Elia P\u00e1ramo Aguilar, Ana L\u00f3pez Remacha. Manuela Rodr\u00edguez Pinillos y Julia V\u00e1zquez Mogoll\u00f3n, del Club Ciudad Deportiva de Burgos, han regresado de su participaci\u00f3n en el Campeonato del Mundo de Trampol\u00edn, con unos [&hellip;]<\/p>\n","protected":false},"author":10,"featured_media":147139,"comment_status":"closed","ping_status":"closed","sticky":false,"template":"","format":"standard","meta":{"_monsterinsights_skip_tracking":false,"_monsterinsights_sitenote_active":false,"_monsterinsights_sitenote_note":"","_monsterinsights_sitenote_category":0,"footnotes":""},"categories":[191,15],"tags":[1553,289,192],"class_list":{"0":"post-147138","1":"post","2":"type-post","3":"status-publish","4":"format-standard","5":"has-post-thumbnail","7":"category-gimnasia","8":"category-otros","9":"tag-actualidad-2","10":"tag-clubciudaddeportivadeburgos","11":"tag-gimnasia"},"views":175,"_links":{"self":[{"href":"https:\/\/www.burgosdeporte.com\/index.php?rest_route=\/wp\/v2\/posts\/147138","targetHints":{"allow":["GET"]}}],"collection":[{"href":"https:\/\/www.burgosdeporte.com\/index.php?rest_route=\/wp\/v2\/posts"}],"about":[{"href":"https:\/\/www.burgosdeporte.com\/index.php?rest_route=\/wp\/v2\/types\/post"}],"author":[{"embeddable":true,"href":"https:\/\/www.burgosdeporte.com\/index.php?rest_route=\/wp\/v2\/users\/10"}],"replies":[{"embeddable":true,"href":"https:\/\/www.burgosdeporte.com\/index.php?rest_route=%2Fwp%2Fv2%2Fcomments&post=147138"}],"version-history":[{"count":1,"href":"https:\/\/www.burgosdeporte.com\/index.php?rest_route=\/wp\/v2\/posts\/147138\/revisions"}],"predecessor-version":[{"id":147140,"href":"https:\/\/www.burgosdeporte.com\/index.php?rest_route=\/wp\/v2\/posts\/147138\/revisions\/147140"}],"wp:featuredmedia":[{"embeddable":true,"href":"https:\/\/www.burgosdeporte.com\/index.php?rest_route=\/wp\/v2\/media\/147139"}],"wp:attachment":[{"href":"https:\/\/www.burgosdeporte.com\/index.php?rest_route=%2Fwp%2Fv2%2Fmedia&parent=147138"}],"wp:term":[{"taxonomy":"category","embeddable":true,"href":"https:\/\/www.burgosdeporte.com\/index.php?rest_route=%2Fwp%2Fv2%2Fcategories&post=147138"},{"taxonomy":"post_tag","embeddable":true,"href":"https:\/\/www.burgosdeporte.com\/index.php?rest_route=%2Fwp%2Fv2%2Ftags&post=147138"}],"curies":[{"name":"wp","href":"https:\/\/api.w.org\/{rel}","templated":true}]}}