{"id":146895,"date":"2025-11-16T00:02:37","date_gmt":"2025-11-15T22:02:37","guid":{"rendered":"https:\/\/www.burgosdeporte.com\/?p=146895"},"modified":"2025-11-17T01:04:20","modified_gmt":"2025-11-16T23:04:20","slug":"rodrigo-martinez-brilla-en-su-debut-mundial-como-mejor-espanol-en-tumbling","status":"publish","type":"post","link":"https:\/\/www.burgosdeporte.com\/?p=146895","title":{"rendered":"Rodrigo Mart\u00ednez brilla en su debut mundial como mejor espa\u00f1ol en tumbling"},"content":{"rendered":"\n<h2 class=\"wp-block-heading\">El burgal\u00e9s de Club Gimnasia Burgos destaca en el Campeonato del Mundo lo que le abre las puertas para su posible convocatoria con Espa\u00f1a de cara al Campeonato de Europa de Trampol\u00edn. <\/h2>\n\n\n<div class=\"wp-block-image\">\n<figure class=\"aligncenter size-large is-resized\"><img loading=\"lazy\" decoding=\"async\" width=\"1024\" height=\"576\" src=\"https:\/\/www.burgosdeporte.com\/wp-content\/uploads\/2025\/11\/Cajaviva_nov2025-1024x576.png\" alt=\"\" class=\"wp-image-146426\" style=\"width:448px;height:auto\" srcset=\"https:\/\/www.burgosdeporte.com\/wp-content\/uploads\/2025\/11\/Cajaviva_nov2025-1024x576.png 1024w, https:\/\/www.burgosdeporte.com\/wp-content\/uploads\/2025\/11\/Cajaviva_nov2025-300x169.png 300w, https:\/\/www.burgosdeporte.com\/wp-content\/uploads\/2025\/11\/Cajaviva_nov2025-768x432.png 768w, https:\/\/www.burgosdeporte.com\/wp-content\/uploads\/2025\/11\/Cajaviva_nov2025-1536x864.png 1536w, https:\/\/www.burgosdeporte.com\/wp-content\/uploads\/2025\/11\/Cajaviva_nov2025-150x84.png 150w, https:\/\/www.burgosdeporte.com\/wp-content\/uploads\/2025\/11\/Cajaviva_nov2025-696x392.png 696w, https:\/\/www.burgosdeporte.com\/wp-content\/uploads\/2025\/11\/Cajaviva_nov2025-1068x601.png 1068w, https:\/\/www.burgosdeporte.com\/wp-content\/uploads\/2025\/11\/Cajaviva_nov2025.png 1920w\" sizes=\"auto, (max-width: 1024px) 100vw, 1024px\" \/><\/figure>\n<\/div>\n\n\n<p>El joven gimnasta del Club Gimnasia Burgos,\u00a0Rodrigo Mart\u00ednez,\u00a0ha hecho historia en su primera participaci\u00f3n en un Campeonato del Mundo Absoluto de Trampol\u00edn, celebrado recientemente en la modalidad de\u00a0tumbling.<\/p>\n\n\n\n<p>Su debut en una cita de este nivel, Rodrigo complet\u00f3\u00a0dos pases de gran calidad t\u00e9cnica\u00a0que le permitieron clasificarse en la 35\u00aa posici\u00f3n mundial, convirti\u00e9ndose en el mejor gimnasta espa\u00f1ol de la competici\u00f3n. <\/p>\n\n\n\n<figure class=\"wp-block-image size-full\"><img loading=\"lazy\" decoding=\"async\" width=\"900\" height=\"642\" src=\"https:\/\/www.burgosdeporte.com\/wp-content\/uploads\/2025\/11\/rodrigo-martinez-2.jpg\" alt=\"\" class=\"wp-image-146915\" srcset=\"https:\/\/www.burgosdeporte.com\/wp-content\/uploads\/2025\/11\/rodrigo-martinez-2.jpg 900w, https:\/\/www.burgosdeporte.com\/wp-content\/uploads\/2025\/11\/rodrigo-martinez-2-300x214.jpg 300w, https:\/\/www.burgosdeporte.com\/wp-content\/uploads\/2025\/11\/rodrigo-martinez-2-768x548.jpg 768w, https:\/\/www.burgosdeporte.com\/wp-content\/uploads\/2025\/11\/rodrigo-martinez-2-150x107.jpg 150w, https:\/\/www.burgosdeporte.com\/wp-content\/uploads\/2025\/11\/rodrigo-martinez-2-696x496.jpg 696w, https:\/\/www.burgosdeporte.com\/wp-content\/uploads\/2025\/11\/rodrigo-martinez-2-100x70.jpg 100w\" sizes=\"auto, (max-width: 900px) 100vw, 900px\" \/><figcaption class=\"wp-element-caption\">Rodrigo con su entrenadora M\u00f3nica.- Foto: Gimnasia Burgos <\/figcaption><\/figure>\n\n\n\n<p>Un logro extraordinario que pone a Burgos y al Club Gimnasia Burgos en el mapa internacional de este exigente deporte.<\/p>\n\n\n\n<p>Este resultado no solo refleja el talento y la dedicaci\u00f3n del burgal\u00e9s, sino que le abre las puertas para ser\u00a0convocado por la selecci\u00f3n espa\u00f1ola\u00a0de cara al\u00a0Campeonato de Europa de Trampol\u00edn\u00a0que se disputar\u00e1 en\u00a0Portugal en abril de 2026.<\/p>\n\n\n\n<figure class=\"wp-block-image size-large\"><img loading=\"lazy\" decoding=\"async\" width=\"1024\" height=\"606\" src=\"https:\/\/www.burgosdeporte.com\/wp-content\/uploads\/2025\/11\/Rodrigo-Martinez-1-1024x606.jpg\" alt=\"\" class=\"wp-image-146916\" srcset=\"https:\/\/www.burgosdeporte.com\/wp-content\/uploads\/2025\/11\/Rodrigo-Martinez-1-1024x606.jpg 1024w, https:\/\/www.burgosdeporte.com\/wp-content\/uploads\/2025\/11\/Rodrigo-Martinez-1-300x177.jpg 300w, https:\/\/www.burgosdeporte.com\/wp-content\/uploads\/2025\/11\/Rodrigo-Martinez-1-768x454.jpg 768w, https:\/\/www.burgosdeporte.com\/wp-content\/uploads\/2025\/11\/Rodrigo-Martinez-1-150x89.jpg 150w, https:\/\/www.burgosdeporte.com\/wp-content\/uploads\/2025\/11\/Rodrigo-Martinez-1-696x412.jpg 696w, https:\/\/www.burgosdeporte.com\/wp-content\/uploads\/2025\/11\/Rodrigo-Martinez-1-1068x632.jpg 1068w, https:\/\/www.burgosdeporte.com\/wp-content\/uploads\/2025\/11\/Rodrigo-Martinez-1.jpg 1217w\" sizes=\"auto, (max-width: 1024px) 100vw, 1024px\" \/><figcaption class=\"wp-element-caption\">Rodrigo Mart\u00ednez tras una de sus participaciones.- Foto:  Gimnasia Burgos<\/figcaption><\/figure>\n\n\n\n<p>Desde el Club Gimnasia Burgos se muestran enormemente\u00a0orgullosos\u00a0del trabajo de Rodrigo y de todo el equipo t\u00e9cnico. <em>\u00abEs un orgullo ver c\u00f3mo uno de nuestros gimnastas representa a Espa\u00f1a a este nivel. Rodrigo es un ejemplo de esfuerzo y constancia, y estamos convencidos de que esto es solo el principio\u00bb<\/em>, afirma el club en un comunicado.<\/p>\n\n\n\n<p>Todo el equipo, familias y aficionados del Club Gimnasia Burgos celebran este hito y animan a Rodrigo a seguir trabajando con la misma ilusi\u00f3n.<\/p>\n","protected":false},"excerpt":{"rendered":"<p>El burgal\u00e9s de Club Gimnasia Burgos destaca en el Campeonato del Mundo lo que le abre las puertas para su posible convocatoria con Espa\u00f1a de cara al Campeonato de Europa de Trampol\u00edn. El joven gimnasta del Club Gimnasia Burgos,\u00a0Rodrigo Mart\u00ednez,\u00a0ha hecho historia en su primera participaci\u00f3n en un Campeonato del Mundo Absoluto de Trampol\u00edn, celebrado [&hellip;]<\/p>\n","protected":false},"author":10,"featured_media":146914,"comment_status":"closed","ping_status":"closed","sticky":false,"template":"","format":"standard","meta":{"_monsterinsights_skip_tracking":false,"_monsterinsights_sitenote_active":false,"_monsterinsights_sitenote_note":"","_monsterinsights_sitenote_category":0,"footnotes":""},"categories":[191],"tags":[1553,278,2641],"class_list":{"0":"post-146895","1":"post","2":"type-post","3":"status-publish","4":"format-standard","5":"has-post-thumbnail","7":"category-gimnasia","8":"tag-actualidad-2","9":"tag-clubgimnasiaburgos","10":"tag-rodrigomartinez"},"views":66,"_links":{"self":[{"href":"https:\/\/www.burgosdeporte.com\/index.php?rest_route=\/wp\/v2\/posts\/146895","targetHints":{"allow":["GET"]}}],"collection":[{"href":"https:\/\/www.burgosdeporte.com\/index.php?rest_route=\/wp\/v2\/posts"}],"about":[{"href":"https:\/\/www.burgosdeporte.com\/index.php?rest_route=\/wp\/v2\/types\/post"}],"author":[{"embeddable":true,"href":"https:\/\/www.burgosdeporte.com\/index.php?rest_route=\/wp\/v2\/users\/10"}],"replies":[{"embeddable":true,"href":"https:\/\/www.burgosdeporte.com\/index.php?rest_route=%2Fwp%2Fv2%2Fcomments&post=146895"}],"version-history":[{"count":1,"href":"https:\/\/www.burgosdeporte.com\/index.php?rest_route=\/wp\/v2\/posts\/146895\/revisions"}],"predecessor-version":[{"id":146917,"href":"https:\/\/www.burgosdeporte.com\/index.php?rest_route=\/wp\/v2\/posts\/146895\/revisions\/146917"}],"wp:featuredmedia":[{"embeddable":true,"href":"https:\/\/www.burgosdeporte.com\/index.php?rest_route=\/wp\/v2\/media\/146914"}],"wp:attachment":[{"href":"https:\/\/www.burgosdeporte.com\/index.php?rest_route=%2Fwp%2Fv2%2Fmedia&parent=146895"}],"wp:term":[{"taxonomy":"category","embeddable":true,"href":"https:\/\/www.burgosdeporte.com\/index.php?rest_route=%2Fwp%2Fv2%2Fcategories&post=146895"},{"taxonomy":"post_tag","embeddable":true,"href":"https:\/\/www.burgosdeporte.com\/index.php?rest_route=%2Fwp%2Fv2%2Ftags&post=146895"}],"curies":[{"name":"wp","href":"https:\/\/api.w.org\/{rel}","templated":true}]}}