{"id":146752,"date":"2025-11-12T13:10:56","date_gmt":"2025-11-12T11:10:56","guid":{"rendered":"https:\/\/www.burgosdeporte.com\/?p=146752"},"modified":"2025-11-13T15:28:53","modified_gmt":"2025-11-13T13:28:53","slug":"prado-sport-abre-la-segunda-edicion-de-la-liga-fae-interempresas","status":"publish","type":"post","link":"https:\/\/www.burgosdeporte.com\/?p=146752","title":{"rendered":"Prado Sport abre la segunda edici\u00f3n de la Liga FAE Interempresas"},"content":{"rendered":"\n<p><strong><em>La competici\u00f3n de p\u00e1del arranc\u00f3 con la participaci\u00f3n de empresas de Aranda de Duero y la Ribera<\/em><\/strong><\/p>\n\n\n<div class=\"wp-block-image\">\n<figure class=\"aligncenter size-full\"><a href=\"https:\/\/felixrubio.es\/\" target=\"_blank\" rel=\" noreferrer noopener\"><img loading=\"lazy\" decoding=\"async\" width=\"300\" height=\"90\" src=\"https:\/\/www.burgosdeporte.com\/wp-content\/uploads\/2023\/10\/Felix_rubio_2.gif\" alt=\"\" class=\"wp-image-108903\"\/><\/a><\/figure>\n<\/div>\n\n\n<p>Una nueva edici\u00f3n de la Liga FAE Interempresas arranc\u00f3 este domingo 9 de noviembre con la participaci\u00f3n de empresas de Aranda y la Ribera. Una competici\u00f3n que se inici\u00f3 el curso pasado, y que se ha consolidado como un espacio donde deporte y entorno laboral se unen para fomentar valores compartidos, fortalecer v\u00ednculos y disfrutar del p\u00e1del.<\/p>\n\n\n\n<p>La primera jornada de esta segunda edici\u00f3n arranc\u00f3 con tres enfrentamientos entre empresas que ya disputaron la I edici\u00f3n de la liga.<\/p>\n\n\n\n<p>El primero de los enfrentamientos se disput\u00f3 entre PRADO SPORT Y CECOGA, cayendo la victoria del lado de la empresa de Servicios Agroalimentarios. Un partido con intensidad y buen juego.<\/p>\n\n\n\n<p>El siguiente cruce fue entre PadelFIT y el Grupo Gerardo de la Calle\/Artepref. Un enfrentamiento que mezcl\u00f3 juventud, experiencia y muchas ganas de sorprender y que acabo ganando PadelFIT.<\/p>\n\n\n\n<p>Y el \u00faltimo de los encuentros enfrentaba a los campeones de la I Edici\u00f3n: METAPLAST y GSK Espa\u00f1a. Dos equipos con estilos muy distintos que intentaron imponer su ritmo desde el primer minuto. Finalmente, la empresa de montaje y mantenimiento industrial, METAPLAST se alz\u00f3 con la victoria.<\/p>\n\n\n\n<p>Una emocionante jornada de esta II Liga, que a\u00fan tiene las inscripciones abiertas para todas aquellas empresas, instituciones o colectivos que decidan participar de esta experiencia.<\/p>\n","protected":false},"excerpt":{"rendered":"<p>La competici\u00f3n de p\u00e1del arranc\u00f3 con la participaci\u00f3n de empresas de Aranda de Duero y la Ribera Una nueva edici\u00f3n de la Liga FAE Interempresas arranc\u00f3 este domingo 9 de noviembre con la participaci\u00f3n de empresas de Aranda y la Ribera. Una competici\u00f3n que se inici\u00f3 el curso pasado, y que se ha consolidado como [&hellip;]<\/p>\n","protected":false},"author":10,"featured_media":146753,"comment_status":"closed","ping_status":"closed","sticky":false,"template":"","format":"standard","meta":{"_monsterinsights_skip_tracking":false,"_monsterinsights_sitenote_active":false,"_monsterinsights_sitenote_note":"","_monsterinsights_sitenote_category":0,"footnotes":""},"categories":[15,421],"tags":[1553,1948,1187],"class_list":{"0":"post-146752","1":"post","2":"type-post","3":"status-publish","4":"format-standard","5":"has-post-thumbnail","7":"category-otros","8":"category-padel","9":"tag-actualidad-2","10":"tag-padel-2","11":"tag-pradosport"},"views":97,"_links":{"self":[{"href":"https:\/\/www.burgosdeporte.com\/index.php?rest_route=\/wp\/v2\/posts\/146752","targetHints":{"allow":["GET"]}}],"collection":[{"href":"https:\/\/www.burgosdeporte.com\/index.php?rest_route=\/wp\/v2\/posts"}],"about":[{"href":"https:\/\/www.burgosdeporte.com\/index.php?rest_route=\/wp\/v2\/types\/post"}],"author":[{"embeddable":true,"href":"https:\/\/www.burgosdeporte.com\/index.php?rest_route=\/wp\/v2\/users\/10"}],"replies":[{"embeddable":true,"href":"https:\/\/www.burgosdeporte.com\/index.php?rest_route=%2Fwp%2Fv2%2Fcomments&post=146752"}],"version-history":[{"count":1,"href":"https:\/\/www.burgosdeporte.com\/index.php?rest_route=\/wp\/v2\/posts\/146752\/revisions"}],"predecessor-version":[{"id":146754,"href":"https:\/\/www.burgosdeporte.com\/index.php?rest_route=\/wp\/v2\/posts\/146752\/revisions\/146754"}],"wp:featuredmedia":[{"embeddable":true,"href":"https:\/\/www.burgosdeporte.com\/index.php?rest_route=\/wp\/v2\/media\/146753"}],"wp:attachment":[{"href":"https:\/\/www.burgosdeporte.com\/index.php?rest_route=%2Fwp%2Fv2%2Fmedia&parent=146752"}],"wp:term":[{"taxonomy":"category","embeddable":true,"href":"https:\/\/www.burgosdeporte.com\/index.php?rest_route=%2Fwp%2Fv2%2Fcategories&post=146752"},{"taxonomy":"post_tag","embeddable":true,"href":"https:\/\/www.burgosdeporte.com\/index.php?rest_route=%2Fwp%2Fv2%2Ftags&post=146752"}],"curies":[{"name":"wp","href":"https:\/\/api.w.org\/{rel}","templated":true}]}}