{"id":146489,"date":"2025-11-06T11:57:32","date_gmt":"2025-11-06T09:57:32","guid":{"rendered":"https:\/\/www.burgosdeporte.com\/?p=146489"},"modified":"2025-11-07T14:32:01","modified_gmt":"2025-11-07T12:32:01","slug":"el-cgb-estara-representado-por-rodrigo-martinez-en-el-mundial-de-trampolin","status":"publish","type":"post","link":"https:\/\/www.burgosdeporte.com\/?p=146489","title":{"rendered":"El CGB estar\u00e1 representado por Rodrigo Mart\u00ednez en el mundial de trampol\u00edn"},"content":{"rendered":"\n<p><strong><em>El Campeonato del Mundo Absoluto de Trampol\u00edn comienza esta semana en Pamplona<\/em><\/strong><\/p>\n\n\n<div class=\"wp-block-image\">\n<figure class=\"aligncenter size-full is-resized\"><a href=\"https:\/\/www.ferroplas.com\/\" target=\"_blank\" rel=\" noreferrer noopener\"><img loading=\"lazy\" decoding=\"async\" width=\"900\" height=\"412\" src=\"https:\/\/www.burgosdeporte.com\/wp-content\/uploads\/2025\/05\/Ferroplas-1.jpg\" alt=\"\" class=\"wp-image-140430\" style=\"width:249px;height:auto\" srcset=\"https:\/\/www.burgosdeporte.com\/wp-content\/uploads\/2025\/05\/Ferroplas-1.jpg 900w, https:\/\/www.burgosdeporte.com\/wp-content\/uploads\/2025\/05\/Ferroplas-1-300x137.jpg 300w, https:\/\/www.burgosdeporte.com\/wp-content\/uploads\/2025\/05\/Ferroplas-1-768x352.jpg 768w, https:\/\/www.burgosdeporte.com\/wp-content\/uploads\/2025\/05\/Ferroplas-1-150x69.jpg 150w, https:\/\/www.burgosdeporte.com\/wp-content\/uploads\/2025\/05\/Ferroplas-1-696x319.jpg 696w\" sizes=\"auto, (max-width: 900px) 100vw, 900px\" \/><\/a><\/figure>\n<\/div>\n\n\n<p>El Club Gimnasia Burgos estar\u00e1 representado por Rodrigo Mart\u00ednez en el Campeonato del Mundo Absoluto de Trampol\u00edn que arranca esta semana en Pamplona, un hito hist\u00f3rico al ser la primera vez que Espa\u00f1a acoge un Mundial de esta disciplina.<\/p>\n\n\n\n<p>Rodrigo Mart\u00ednez, que ya ha completado con \u00e9xito los entrenamientos oficiales, debutar\u00e1 en competici\u00f3n el viernes en la modalidad de tumbling absoluto, categor\u00eda a la que ha accedido tras una sobresaliente trayectoria que le permite medirse con la \u00e9lite mundial.<\/p>\n\n\n\n<p>El evento, organizado por la Federaci\u00f3n Internacional de Gimnasia (FIG) y la Real Federaci\u00f3n Espa\u00f1ola de Gimnasia, re\u00fane a los mejores especialistas del planeta en el Navarra Arena. La colaboraci\u00f3n de los entrenadores del Club Gimnasia Burgos con el comit\u00e9 organizador ha sido clave para garantizar el \u00f3ptimo desarrollo t\u00e9cnico del campeonato, aportando su experiencia en la preparaci\u00f3n.<\/p>\n\n\n\n<p>&nbsp;\u00abEs un orgullo ver a Rodrigo en un Mundial en casa. Ha trabajado duro para llegar a la categor\u00eda absoluta y ahora tiene la oportunidad de demostrarlo ante el mundo\u00bb, declara el club burgal\u00e9s.<\/p>\n\n\n\n<p>El Gimnasia Burgos invita a todos los aficionados a seguir la actuaci\u00f3n de Rodrigo Mart\u00ednez el viernes y anima a la afici\u00f3n espa\u00f1ola a llenar las gradas del Navarra Arena para vivir en directo este hist\u00f3rico Mundial.<\/p>\n","protected":false},"excerpt":{"rendered":"<p>El Campeonato del Mundo Absoluto de Trampol\u00edn comienza esta semana en Pamplona El Club Gimnasia Burgos estar\u00e1 representado por Rodrigo Mart\u00ednez en el Campeonato del Mundo Absoluto de Trampol\u00edn que arranca esta semana en Pamplona, un hito hist\u00f3rico al ser la primera vez que Espa\u00f1a acoge un Mundial de esta disciplina. Rodrigo Mart\u00ednez, que ya [&hellip;]<\/p>\n","protected":false},"author":10,"featured_media":146490,"comment_status":"closed","ping_status":"closed","sticky":false,"template":"","format":"standard","meta":{"_monsterinsights_skip_tracking":false,"_monsterinsights_sitenote_active":false,"_monsterinsights_sitenote_note":"","_monsterinsights_sitenote_category":0,"footnotes":""},"categories":[191,15],"tags":[1553,278,192,2641],"class_list":{"0":"post-146489","1":"post","2":"type-post","3":"status-publish","4":"format-standard","5":"has-post-thumbnail","7":"category-gimnasia","8":"category-otros","9":"tag-actualidad-2","10":"tag-clubgimnasiaburgos","11":"tag-gimnasia","12":"tag-rodrigomartinez"},"views":27,"_links":{"self":[{"href":"https:\/\/www.burgosdeporte.com\/index.php?rest_route=\/wp\/v2\/posts\/146489","targetHints":{"allow":["GET"]}}],"collection":[{"href":"https:\/\/www.burgosdeporte.com\/index.php?rest_route=\/wp\/v2\/posts"}],"about":[{"href":"https:\/\/www.burgosdeporte.com\/index.php?rest_route=\/wp\/v2\/types\/post"}],"author":[{"embeddable":true,"href":"https:\/\/www.burgosdeporte.com\/index.php?rest_route=\/wp\/v2\/users\/10"}],"replies":[{"embeddable":true,"href":"https:\/\/www.burgosdeporte.com\/index.php?rest_route=%2Fwp%2Fv2%2Fcomments&post=146489"}],"version-history":[{"count":1,"href":"https:\/\/www.burgosdeporte.com\/index.php?rest_route=\/wp\/v2\/posts\/146489\/revisions"}],"predecessor-version":[{"id":146491,"href":"https:\/\/www.burgosdeporte.com\/index.php?rest_route=\/wp\/v2\/posts\/146489\/revisions\/146491"}],"wp:featuredmedia":[{"embeddable":true,"href":"https:\/\/www.burgosdeporte.com\/index.php?rest_route=\/wp\/v2\/media\/146490"}],"wp:attachment":[{"href":"https:\/\/www.burgosdeporte.com\/index.php?rest_route=%2Fwp%2Fv2%2Fmedia&parent=146489"}],"wp:term":[{"taxonomy":"category","embeddable":true,"href":"https:\/\/www.burgosdeporte.com\/index.php?rest_route=%2Fwp%2Fv2%2Fcategories&post=146489"},{"taxonomy":"post_tag","embeddable":true,"href":"https:\/\/www.burgosdeporte.com\/index.php?rest_route=%2Fwp%2Fv2%2Ftags&post=146489"}],"curies":[{"name":"wp","href":"https:\/\/api.w.org\/{rel}","templated":true}]}}