{"id":146164,"date":"2025-10-30T00:57:03","date_gmt":"2025-10-29T22:57:03","guid":{"rendered":"https:\/\/www.burgosdeporte.com\/?p=146164"},"modified":"2025-11-27T15:37:48","modified_gmt":"2025-11-27T13:37:48","slug":"la-capital-burgalesa-volvera-a-contar-con-su-milla-urbana","status":"publish","type":"post","link":"https:\/\/www.burgosdeporte.com\/?p=146164","title":{"rendered":"La capital burgalesa volver\u00e1 a contar con su Milla Urbana"},"content":{"rendered":"\n<h2 class=\"wp-block-heading\">La ciudad recupera tras 10 a\u00f1os esta prueba el pr\u00f3ximo 8 de noviembre y transcurrir\u00e1 por el Paseo del Espol\u00f3n. <\/h2>\n\n\n<div class=\"wp-block-image\">\n<figure class=\"aligncenter size-full\"><a href=\"https:\/\/www.grupodesantiago.es\/vehiculo-nuevo\/qashqai?utm_source=burgosdeporte&amp;utm_medium=banner&amp;utm_campaign=BurgosDeporte_NiQQ_Octubre25\" target=\"_blank\" rel=\"noopener\"><img loading=\"lazy\" decoding=\"async\" width=\"300\" height=\"250\" src=\"https:\/\/www.burgosdeporte.com\/wp-content\/uploads\/2025\/10\/BurgosDeporte_QQ_Oct25-1.jpg\" alt=\"\" class=\"wp-image-147474\" srcset=\"https:\/\/www.burgosdeporte.com\/wp-content\/uploads\/2025\/10\/BurgosDeporte_QQ_Oct25-1.jpg 300w, https:\/\/www.burgosdeporte.com\/wp-content\/uploads\/2025\/10\/BurgosDeporte_QQ_Oct25-1-150x125.jpg 150w\" sizes=\"auto, (max-width: 300px) 100vw, 300px\" \/><\/a><\/figure>\n<\/div>\n\n\n<p>Ya es una realidad.  La capital burgalesa, tras 10 a\u00f1os de carencia, volver\u00e1 a contar con su Milla Urbana , seg\u00fan ha confirmado la alcaldesa de Burgos, Cristina Ayala, quien ha justificado esta decisi\u00f3n en la gran oportunidad que supone recuperar una prueba de la que la ciudad \u201cfue l\u00edder en Espa\u00f1a\u201d por organizaci\u00f3n y palmar\u00e9s. Ayala ha recordado que es uno de los eventos m\u00e1s importantes del mes de noviembre y que va a reunir en torno al deporte en el Espol\u00f3n a casi 600 atletas de todas las categor\u00edas.<\/p>\n\n\n\n<p><strong>ESCAPARATE PARA LOS DEPORTISTAS<\/strong><\/p>\n\n\n\n<p>Ayala ha agradecido al Club Campos de Castilla Universidad de Burgos la \u201corganizaci\u00f3n\u201d de este evento deportivo que incide en el conjunto de acciones que el Ayuntamiento lleva a cabo \u201cen materia deportiva, cultural y de animaci\u00f3n\u201d de la ciudad. Ayala ha precisado que esta prueba nace con el objetivo de \u201crecuperar el pulso\u201d del atletismo popular y competitivo en las calles y \u201cofrecer un nuevo escaparate\u201d para los deportistas. La milla de Burgos cierra un espacio que hab\u00eda quedado vac\u00edo, como ha precisado la alcaldesa ya que la \u00faltima vez que se celebr\u00f3 fue ahora hace diez a\u00f1os y en el mismo lugar, el paseo del Espol\u00f3n.<\/p>\n\n\n\n<p><strong>VUELVE AL ESPOL\u00d3N<\/strong><\/p>\n\n\n\n<p>As\u00ed, el recorrido ser\u00e1 el del circuito del emblem\u00e1tico paseo del centro de la ciudad, al que los atletas que realicen la prueba deben de dar tres vueltas para completar los 1,6 kil\u00f3metros. Se va a desarrollar a partir de las 10.45 hasta las 13.00 horas ese s\u00e1bado 28 y contar\u00e1 con 30 atletas por categor\u00eda<\/p>\n\n\n\n<p>La Milla de Burgos formar\u00e1 parte del circuito de carreras profesionales, lo que sit\u00faa a Burgos \u201cen el mapa de las grandes citas deportivas\u201d y la idea es que contribuya a dinamizar tanto la \u201cactividad deportiva como la econ\u00f3mica y social\u201d.<\/p>\n\n\n\n<p><strong>18 CATEGOR\u00cdAS<\/strong><\/p>\n\n\n\n<p>El organizador de la prueba, Benjam\u00edn \u00c1lvarez Furones, ha apuntado que la prueba se va a desarrollar en 18 categor\u00edas desde los m\u00e1s peque\u00f1os Sub 8 ocho hasta la categor\u00eda Popular y Master, en masculino y femenino. Para las categor\u00edas a partir de 15 a\u00f1os se correr\u00e1n los 1.609 metros de la milla, mientras que para las categor\u00edas hasta 11 a\u00f1os ser\u00e1 de un kil\u00f3metro y los menores de esa edad 500 metros; y 300 metros para los ni\u00f1os de menos de ocho a\u00f1os.<\/p>\n\n\n\n<p>Para \u00c1lvarez es fundamental que se fomenten este tipo de pruebas deportivas, porque suponen \u201cun impulso para los ni\u00f1os y ni\u00f1as que participan\u201d. Sobre todo, si delante de ellos tienen a \u201cdeportistas ol\u00edmpicos o de elite\u201d, como el caso de Dani Arce y de Lidia Campo u otros como Jes\u00fas G\u00f3mez o Celia Ant\u00f3n.<\/p>\n","protected":false},"excerpt":{"rendered":"<p>La ciudad recupera tras 10 a\u00f1os esta prueba el pr\u00f3ximo 8 de noviembre y transcurrir\u00e1 por el Paseo del Espol\u00f3n. Ya es una realidad. La capital burgalesa, tras 10 a\u00f1os de carencia, volver\u00e1 a contar con su Milla Urbana , seg\u00fan ha confirmado la alcaldesa de Burgos, Cristina Ayala, quien ha justificado esta decisi\u00f3n en [&hellip;]<\/p>\n","protected":false},"author":21,"featured_media":146167,"comment_status":"closed","ping_status":"closed","sticky":false,"template":"","format":"standard","meta":{"_monsterinsights_skip_tracking":false,"_monsterinsights_sitenote_active":false,"_monsterinsights_sitenote_note":"","_monsterinsights_sitenote_category":0,"footnotes":""},"categories":[24],"tags":[1553,217,2631],"class_list":{"0":"post-146164","1":"post","2":"type-post","3":"status-publish","4":"format-standard","5":"has-post-thumbnail","7":"category-atletismo","8":"tag-actualidad-2","9":"tag-aytoburgos","10":"tag-millaurbanadeburgos"},"views":42,"_links":{"self":[{"href":"https:\/\/www.burgosdeporte.com\/index.php?rest_route=\/wp\/v2\/posts\/146164","targetHints":{"allow":["GET"]}}],"collection":[{"href":"https:\/\/www.burgosdeporte.com\/index.php?rest_route=\/wp\/v2\/posts"}],"about":[{"href":"https:\/\/www.burgosdeporte.com\/index.php?rest_route=\/wp\/v2\/types\/post"}],"author":[{"embeddable":true,"href":"https:\/\/www.burgosdeporte.com\/index.php?rest_route=\/wp\/v2\/users\/21"}],"replies":[{"embeddable":true,"href":"https:\/\/www.burgosdeporte.com\/index.php?rest_route=%2Fwp%2Fv2%2Fcomments&post=146164"}],"version-history":[{"count":2,"href":"https:\/\/www.burgosdeporte.com\/index.php?rest_route=\/wp\/v2\/posts\/146164\/revisions"}],"predecessor-version":[{"id":147475,"href":"https:\/\/www.burgosdeporte.com\/index.php?rest_route=\/wp\/v2\/posts\/146164\/revisions\/147475"}],"wp:featuredmedia":[{"embeddable":true,"href":"https:\/\/www.burgosdeporte.com\/index.php?rest_route=\/wp\/v2\/media\/146167"}],"wp:attachment":[{"href":"https:\/\/www.burgosdeporte.com\/index.php?rest_route=%2Fwp%2Fv2%2Fmedia&parent=146164"}],"wp:term":[{"taxonomy":"category","embeddable":true,"href":"https:\/\/www.burgosdeporte.com\/index.php?rest_route=%2Fwp%2Fv2%2Fcategories&post=146164"},{"taxonomy":"post_tag","embeddable":true,"href":"https:\/\/www.burgosdeporte.com\/index.php?rest_route=%2Fwp%2Fv2%2Ftags&post=146164"}],"curies":[{"name":"wp","href":"https:\/\/api.w.org\/{rel}","templated":true}]}}