{"id":145483,"date":"2025-10-16T23:23:41","date_gmt":"2025-10-16T21:23:41","guid":{"rendered":"https:\/\/www.burgosdeporte.com\/?p=145483"},"modified":"2025-10-17T15:06:39","modified_gmt":"2025-10-17T13:06:39","slug":"la-arandina-aprueba-un-presupuesto-de-350-000-euros","status":"publish","type":"post","link":"https:\/\/www.burgosdeporte.com\/?p=145483","title":{"rendered":"La Arandina aprueba un presupuesto de 350.000 euros"},"content":{"rendered":"\n<h2 class=\"wp-block-heading\">El nuevo proyecto blanquiazul renueva su directiva con la incorporaci\u00f3n de los miembros de Racing City Group. El club contar\u00e1 con presupuesto algo inferior a los 371.000 del pasado curso. Los nuevos gestores de la entidad se marca el objetivo de ascender a Primera Federaci\u00f3n en un plazo de cinco a\u00f1os.<\/h2>\n\n\n<div class=\"wp-block-image\">\n<figure class=\"aligncenter size-full\"><img loading=\"lazy\" decoding=\"async\" width=\"300\" height=\"90\" src=\"https:\/\/www.burgosdeporte.com\/wp-content\/uploads\/2023\/10\/Felix_rubio_2.gif\" alt=\"\" class=\"wp-image-108903\"\/><\/figure>\n<\/div>\n\n\n<p>La nueva etapa en la\u00a0Arandina<a href=\"https:\/\/www.instagram.com\/arandinacf\/?hl=es\" target=\"_blank\" rel=\"noopener\">\u00a0<\/a>comienza con restructuraci\u00f3n de Junta Directiva y un proyecto que intentar\u00e1 dotar de la\u00a0estabilidad\u00a0necesaria al club para seguir siendo uno de los referentes de Castilla y Le\u00f3n.<\/p>\n\n\n\n<p>La reuni\u00f3n con la masa social comenz\u00f3 pasadas las 19:30 horas con la celebraci\u00f3n de la\u00a0Asamblea General Extraordinaria\u00a0ante la presencia de algo m\u00e1s de una veintena de socios -22 socios presenciales y 11 socios que delegaron su voto-. El asesor jur\u00eddico del club,\u00a0Jos\u00e9 Miguel Benito, acompa\u00f1o al presidente, Demetrio Rodr\u00edguez, abordaron los dos principales puntos en el orden del d\u00eda: la\u00a0ratificaci\u00f3n de la Junta Directiva\u00a0y\u00a0Campa\u00f1a de Socios.<\/p>\n\n\n\n<p>En primer lugar los socios aprobaron por mayor\u00eda la composici\u00f3n de la nueva junta presidida por\u00a0Maurizio Antonio Pagniello. Un equipo de trabajo que completan:\u00a0Rub\u00e9n de la Red\u00a0(1\u00ba vicepresidente);\u00a0Amer Tariq\u00a0(2\u00ba vicepresidente);\u00a0David Justin Leigh\u00a0(3\u00ba vicepresidente);\u00a0Daniel Jacob Kiparoglou\u00a0(secretario) y\u00a0Tony Antonopoulos\u00a0(tesorero)<\/p>\n\n\n\n<p>En cuanto a la\u00a0Campa\u00f1a de Socios\u00a0la masa social aprob\u00f3 del mismo modo la\u00a0modificaci\u00f3n\u00a0de los estatutos, a tenor de los art\u00edculos 8 -satisfacci\u00f3n de la cuota de socio- y 9 -perdida de condici\u00f3n de socio-, para dejar zanjado, a futuro, un aspecto que en los \u00faltimos tiempos hab\u00eda generado revuelo entre los aficionados.<\/p>\n\n\n\n<h3 class=\"wp-block-heading\"><strong>Un presupuesto de 350.000 euros<\/strong><\/h3>\n\n\n\n<p>Por otro lado, el encuentro con los socios sirvi\u00f3 para tratar asuntos de la naturaleza m\u00e1s cotidiana en el club con la celebraci\u00f3n de la Asamblea General Ordinaria. El\u00a0proyecto deportivo 25-26, la\u00a0ratificaci\u00f3n de la Campa\u00f1a Socios\u00a0y el\u00a0presupuesto\u00a0para la temporada 25-26.<\/p>\n\n\n\n<p>La Asamblea General Ordinaria deb\u00eda abordar el presupuesto para la presente temporada. La nueva Junta Directiva present\u00f3 un proyecto de cuentas que alcanza los\u00a0350.000 euros. Una cifra algo inferior a los 371.000 euros que present\u00f3 el club al principio de la pasada temporada.<\/p>\n\n\n\n<h4 class=\"wp-block-heading\"><strong>Un proyecto de pertenencia con aspiraciones a Primera Federaci\u00f3n<\/strong><\/h4>\n\n\n\n<p>Al mismo tiempo, el asesor jur\u00eddico del club,\u00a0Jos\u00e9 Miguel Benito, plante\u00f3 los directrices fundamentales que pretenden los nuevos actores del club recordando su historia y planteando el proyecto del primer equipo con la idea de\u00a0<em>\u00abluchar esta temporada y comenzar la temporada que viene m\u00e1s fuertes y lanzarnos en el proyecto deportivo para arriba\u00bb<\/em>, apuntaba Benito. Al mismo tiempo el representante jur\u00eddico propuso el objetivo a medio plazo:\u00a0<em>\u00aben cinco a\u00f1os pretendemos alcanzar la Primera Federaci\u00f3n\u00bb<\/em>.<\/p>\n\n\n\n<p>Al mismo tiempo, Benito repas\u00f3 aspectos en los que el club deber\u00e1 crecer desde cero como son las categor\u00edas inferiores.\u00a0<em>\u00abSomos la Arandina\u00bb<\/em>, remarc\u00f3 y \u00abdebemos inspirar, demostrar sentimiento de pertenencia y\u00a0<em>reforzar los v\u00ednculos con la ciudad\u00a0<\/em>otorgando\u00a0<em>valores como esfuerzo, respeto, compa\u00f1erismo y pasi\u00f3n por el deporte<\/em>\u00a0desde las m\u00e1s tempranas edades\u00bb, a\u00f1adi\u00f3 como ideario.<\/p>\n\n\n\n<p>En otro punto el club present\u00f3 la\u00a0ratificaci\u00f3n de la Campa\u00f1a de Socios. Benito explic\u00f3 la composici\u00f3n de la misma e hizo hincapi\u00e9 en explicar que\u00a0<em>\u00abdel coste inicial de 78 euros cada aficionado que se vaya sumando deber\u00e1 pagar 12 euros menos por partido\u00bb<\/em>\u00a0hasta Una cantidad m\u00ed nima exigida. Una decisi\u00f3n que ratificaron los socios presentes en la sala votando a favor.\u00a0La campa\u00f1a de socios est\u00e1 abierta.<\/p>\n\n\n\n<p><\/p>\n","protected":false},"excerpt":{"rendered":"<p>El nuevo proyecto blanquiazul renueva su directiva con la incorporaci\u00f3n de los miembros de Racing City Group. El club contar\u00e1 con presupuesto algo inferior a los 371.000 del pasado curso. Los nuevos gestores de la entidad se marca el objetivo de ascender a Primera Federaci\u00f3n en un plazo de cinco a\u00f1os. La nueva etapa en [&hellip;]<\/p>\n","protected":false},"author":24,"featured_media":145484,"comment_status":"closed","ping_status":"closed","sticky":false,"template":"","format":"standard","meta":{"_monsterinsights_skip_tracking":false,"_monsterinsights_sitenote_active":false,"_monsterinsights_sitenote_note":"","_monsterinsights_sitenote_category":0,"footnotes":""},"categories":[4],"tags":[1553,288,1826],"class_list":{"0":"post-145483","1":"post","2":"type-post","3":"status-publish","4":"format-standard","5":"has-post-thumbnail","7":"category-futbol","8":"tag-actualidad-2","9":"tag-arandinacf","10":"tag-duerodeporte"},"views":62,"_links":{"self":[{"href":"https:\/\/www.burgosdeporte.com\/index.php?rest_route=\/wp\/v2\/posts\/145483","targetHints":{"allow":["GET"]}}],"collection":[{"href":"https:\/\/www.burgosdeporte.com\/index.php?rest_route=\/wp\/v2\/posts"}],"about":[{"href":"https:\/\/www.burgosdeporte.com\/index.php?rest_route=\/wp\/v2\/types\/post"}],"author":[{"embeddable":true,"href":"https:\/\/www.burgosdeporte.com\/index.php?rest_route=\/wp\/v2\/users\/24"}],"replies":[{"embeddable":true,"href":"https:\/\/www.burgosdeporte.com\/index.php?rest_route=%2Fwp%2Fv2%2Fcomments&post=145483"}],"version-history":[{"count":1,"href":"https:\/\/www.burgosdeporte.com\/index.php?rest_route=\/wp\/v2\/posts\/145483\/revisions"}],"predecessor-version":[{"id":145485,"href":"https:\/\/www.burgosdeporte.com\/index.php?rest_route=\/wp\/v2\/posts\/145483\/revisions\/145485"}],"wp:featuredmedia":[{"embeddable":true,"href":"https:\/\/www.burgosdeporte.com\/index.php?rest_route=\/wp\/v2\/media\/145484"}],"wp:attachment":[{"href":"https:\/\/www.burgosdeporte.com\/index.php?rest_route=%2Fwp%2Fv2%2Fmedia&parent=145483"}],"wp:term":[{"taxonomy":"category","embeddable":true,"href":"https:\/\/www.burgosdeporte.com\/index.php?rest_route=%2Fwp%2Fv2%2Fcategories&post=145483"},{"taxonomy":"post_tag","embeddable":true,"href":"https:\/\/www.burgosdeporte.com\/index.php?rest_route=%2Fwp%2Fv2%2Ftags&post=145483"}],"curies":[{"name":"wp","href":"https:\/\/api.w.org\/{rel}","templated":true}]}}