{"id":145354,"date":"2025-10-14T00:40:05","date_gmt":"2025-10-13T22:40:05","guid":{"rendered":"https:\/\/www.burgosdeporte.com\/?p=145354"},"modified":"2025-10-14T16:59:24","modified_gmt":"2025-10-14T14:59:24","slug":"2-1-remontada-de-la-arandina-ante-unionistas-de-salamanca","status":"publish","type":"post","link":"https:\/\/www.burgosdeporte.com\/?p=145354","title":{"rendered":"2-1 Remontada de la Arandina ante Unionistas de Salamanca"},"content":{"rendered":"\n<h2 class=\"wp-block-heading\">Los tantos de Gonzalo y Sandro en la segunda parte doblegan el gol de Astu en la primera mitad. Los de Pablo Gil suman siete puntos y superan a los salmantinos en la clasificaci\u00f3n. La entrada del arandino Guille Velasco revolucion\u00f3 el encuentro.<\/h2>\n\n\n<div class=\"wp-block-image\">\n<figure class=\"aligncenter size-full\"><img loading=\"lazy\" decoding=\"async\" width=\"320\" height=\"250\" src=\"https:\/\/www.burgosdeporte.com\/wp-content\/uploads\/2025\/09\/BUDeporte_Captur_Sept25.gif\" alt=\"\" class=\"wp-image-144057\"\/><\/figure>\n<\/div>\n\n\n<p>Victoria de la\u00a0Arandina\u00a0en el Juan Carlos Higuero ante el filial de\u00a0Unionistas\u00a0(2-1) Los blanquiazules, exigidos por los resultados y la clasificaci\u00f3n, demostraron su capacidad de sufrimiento para dar la vuelta a un partido que comenz\u00f3 en desventaja tras el gol de\u00a0Astu\u00a0en la primera mitad. En la reanudaci\u00f3n, una Arandina renacida logr\u00f3 dar la vuelta al encuentro con tantos de\u00a0Gonzalo y Sandro\u00a0para sumar la segunda victoria del campeonato y dejar atr\u00e1s la dos \u00faltimas derrotas.<\/p>\n\n\n\n<p>El arranque exig\u00eda a una Arandina que asumi\u00f3 la responsabilidad de tener que ir a por el partido. Varios\u00a0acercamientos\u00a0de los de Pablo Gil anunciaban cierto optimismo, pero todo cambiar\u00eda en el minuto 10.<\/p>\n\n\n\n<p><em>Astu\u00a0<\/em>sorprend\u00eda a los blanquiazules con el\u00a00-1\u00a0provocando las dudas en la escuadra de las Tierras del Duero que volv\u00eda a verse por detr\u00e1s en el marcador con la mayor exigencia de tener que remontar otro resultado adverso.\u00a0Tocaba ponerse el mono de trabajo\u00a0y el equipo, pesa a las dudas fue ganando metros hasta el tiempo de descanso.<\/p>\n\n\n\n<h3 class=\"wp-block-heading\"><strong>La valent\u00eda blanquiazul, s\u00ed tuvo premio<\/strong><\/h3>\n\n\n\n<p>Con nuevos br\u00edos arranc\u00f3 una segunda parte que mostr\u00f3 a una Arandina mucho m\u00e1s ambiciosa con la clara intenci\u00f3n de empatar el partido.\u00a0Doble ocasi\u00f3n\u00a0al servicio de una falta que despej\u00f3 en primera instancia el meta charro a remate de\u00a0Belami\u00a0y tras el rechace un defensa sac\u00f3 el bal\u00f3n bajo palos.<\/p>\n\n\n\n<p>Tras ese avis\u00f3 el partido entr\u00f3 en una fase con\u00a0una Arandina dominante y un filial unionista sometido, esperando sus oportunidades al contragolpe. El paso de los minutos trajo la f\u00e9 blanquiazul con el tanto de falta directa\u00a0Gonzalo\u00a0con la inestimable colaboraci\u00f3n de V\u00edctor D\u00edez que no atrap\u00f3 lo que parec\u00eda un bal\u00f3n f\u00e1cil en su posici\u00f3n.\u00a01-1.<\/p>\n\n\n\n<p>Y lo mejor estaba por llegar con la remontada que cristaliz\u00f3 tras una\u00a0fant\u00e1stica jugado de\u00a0Guille\u00a0por banda para servir una pase de la muerte que no desaprovech\u00f3\u00a0Sandro\u00a0para hacer el\u00a02-1. Un tanto que cerrar\u00eda la segunda victoria del campeonato para los blanquiazules que suman ahora\u00a0siete puntos\u00a0y se a\u00fapan a la\u00a011\u00aa posici\u00f3n de la tabla.<\/p>\n\n\n\n<h3 class=\"wp-block-heading\"><strong>Pablo Gil: \u00abMuy satisfecho con el trabajo en la 2\u00aa parte\u00bb<\/strong><\/h3>\n\n\n\n<p>Tras el partido el m\u00e1ximo responsable del banquillo blanquiazul, el entrenador Pablo Gil, mostraba su satisfacci\u00f3n por<em>\u00a0\u00abel gran trabajo del equipo en la segunda parte\u00bb<\/em>. Del mismo modo, se mostraba cr\u00edtico con\u00a0<em>\u00ablos mismos errores de otros d\u00edas en la primera parte\u00bb<\/em>. El vallisoletano ha alabado la labor del canterano\u00a0Guillermo Velasco\u00a0porque\u00a0<em>\u00abes un ejemplo de compromiso y aprovecha cada oportunidad que tiene\u00bb<\/em>.<\/p>\n\n\n\n<p>Ahora, los arandinistas disfrutar\u00e1n de esta victoria antes de descansar para comenzar a preparar el duelo de la 7\u00aa jornada del Campeonato con su visita a \u00c1vila para medirse a\u00a0Colegio Diocesanos.<\/p>\n\n\n\n<p><\/p>\n\n\n\n<p><\/p>\n\n\n\n<p><\/p>\n","protected":false},"excerpt":{"rendered":"<p>Los tantos de Gonzalo y Sandro en la segunda parte doblegan el gol de Astu en la primera mitad. Los de Pablo Gil suman siete puntos y superan a los salmantinos en la clasificaci\u00f3n. La entrada del arandino Guille Velasco revolucion\u00f3 el encuentro. Victoria de la\u00a0Arandina\u00a0en el Juan Carlos Higuero ante el filial de\u00a0Unionistas\u00a0(2-1) Los [&hellip;]<\/p>\n","protected":false},"author":24,"featured_media":145356,"comment_status":"closed","ping_status":"closed","sticky":false,"template":"","format":"standard","meta":{"_monsterinsights_skip_tracking":false,"_monsterinsights_sitenote_active":false,"_monsterinsights_sitenote_note":"","_monsterinsights_sitenote_category":0,"footnotes":""},"categories":[4],"tags":[378,1553,288,1826],"class_list":{"0":"post-145354","1":"post","2":"type-post","3":"status-publish","4":"format-standard","5":"has-post-thumbnail","7":"category-futbol","8":"tag-3rfef","9":"tag-actualidad-2","10":"tag-arandinacf","11":"tag-duerodeporte"},"views":55,"_links":{"self":[{"href":"https:\/\/www.burgosdeporte.com\/index.php?rest_route=\/wp\/v2\/posts\/145354","targetHints":{"allow":["GET"]}}],"collection":[{"href":"https:\/\/www.burgosdeporte.com\/index.php?rest_route=\/wp\/v2\/posts"}],"about":[{"href":"https:\/\/www.burgosdeporte.com\/index.php?rest_route=\/wp\/v2\/types\/post"}],"author":[{"embeddable":true,"href":"https:\/\/www.burgosdeporte.com\/index.php?rest_route=\/wp\/v2\/users\/24"}],"replies":[{"embeddable":true,"href":"https:\/\/www.burgosdeporte.com\/index.php?rest_route=%2Fwp%2Fv2%2Fcomments&post=145354"}],"version-history":[{"count":1,"href":"https:\/\/www.burgosdeporte.com\/index.php?rest_route=\/wp\/v2\/posts\/145354\/revisions"}],"predecessor-version":[{"id":145357,"href":"https:\/\/www.burgosdeporte.com\/index.php?rest_route=\/wp\/v2\/posts\/145354\/revisions\/145357"}],"wp:featuredmedia":[{"embeddable":true,"href":"https:\/\/www.burgosdeporte.com\/index.php?rest_route=\/wp\/v2\/media\/145356"}],"wp:attachment":[{"href":"https:\/\/www.burgosdeporte.com\/index.php?rest_route=%2Fwp%2Fv2%2Fmedia&parent=145354"}],"wp:term":[{"taxonomy":"category","embeddable":true,"href":"https:\/\/www.burgosdeporte.com\/index.php?rest_route=%2Fwp%2Fv2%2Fcategories&post=145354"},{"taxonomy":"post_tag","embeddable":true,"href":"https:\/\/www.burgosdeporte.com\/index.php?rest_route=%2Fwp%2Fv2%2Ftags&post=145354"}],"curies":[{"name":"wp","href":"https:\/\/api.w.org\/{rel}","templated":true}]}}