{"id":144866,"date":"2025-10-03T19:52:42","date_gmt":"2025-10-03T17:52:42","guid":{"rendered":"https:\/\/www.burgosdeporte.com\/?p=144866"},"modified":"2025-10-05T00:53:00","modified_gmt":"2025-10-04T22:53:00","slug":"el-ayuntamiento-considera-positivo-el-proyecto-del-burgos-para-el-plantio","status":"publish","type":"post","link":"https:\/\/www.burgosdeporte.com\/?p=144866","title":{"rendered":"El Ayuntamiento ve positivo el proyecto del Burgos para El Plant\u00edo"},"content":{"rendered":"\n<h2 class=\"wp-block-heading\">La alcaldesa, Cristina Ayala, anunci\u00f3 que en un plazo de 15 d\u00edas puede estar tomada la decisi\u00f3n sobre el mismo.<\/h2>\n\n\n<div class=\"wp-block-image\">\n<figure class=\"aligncenter size-full\"><img loading=\"lazy\" decoding=\"async\" width=\"300\" height=\"226\" src=\"https:\/\/www.burgosdeporte.com\/wp-content\/uploads\/2023\/09\/FCastilla_2019.gif\" alt=\"\" class=\"wp-image-107980\"\/><\/figure>\n<\/div>\n\n\n<p>Como estaba previsto, representantes del Ayuntamiento y del Burgos CF se han reunido este viernes para valorar el anteproyecto presentado por el Club para la remodelaci\u00f3n de El Plant\u00edo. <\/p>\n\n\n\n<p>La cita tuvo lugar  en el despacho de la alcaldesa y en la reuni\u00f3n no estuvieron presentes ni el presidente, Marcelo Figoli, ni el consejero delegado, Alejandro Grandinetti,  aquejado de una enfermedad. La m\u00e1xima representaci\u00f3n la ha ostentado el gerente del Burgos CF, Diego Mart\u00ednez, acompa\u00f1ado por el letrado del club y el arquitecto que ha realizado el anteproyecto sobre la base del actual. Un documento de unas 400 p\u00e1ginas que el Consistorio deber\u00e1 ahora estudiar en detalle.<\/p>\n\n\n\n<h5 class=\"wp-block-heading\"><strong>PLAZOS<\/strong><\/h5>\n\n\n\n<p>A este respecto, el  Ayuntamiento y el Burgos CF se han emplazado a una pr\u00f3xima reuni\u00f3n el 15 de octubre para negociar el mismo. La alcaldesa, Cristina Ayala, ha asegurado que el Ayuntamiento necesita \u00abun plazo para estudiar\u00bb el avance del proyecto sobre la remodelaci\u00f3n del estadio.  Ayala entiende que el equipo de Gobierno necesita ese tiempo para decidir una postura. <\/p>\n\n\n\n<p><strong>POSITIVO<\/strong><\/p>\n\n\n\n<p>La alcaldesa lo ha calificado de \u00abmuy buen proyecto\u00bb. Sin embargo, \u00ablo que no se ha estudiado todav\u00eda es la forma de financiaci\u00f3n, ni la cantidad que ha de aportar el Ayuntamiento\u00bb, asuntos que se van a estudiar en detalle.<\/p>\n\n\n\n<p><strong>FINANCIACI\u00d3N<\/strong><\/p>\n\n\n\n<p>Se mantiene en principio la aportaci\u00f3n de la Sociedad An\u00f3nima Deportiva en el 60% del proyecto sobre un coste de 40 millones de euros -m\u00e1s el IVA- para que el Ayuntamiento de la capital pueda aportar el 40% restante. Al menos esa es la previsi\u00f3n que maneja el Burgos CF. Por ahora solo cabe esperar hasta el 15 de octubre para que el Ayuntamiento tome posici\u00f3n sobre lo que pretende el club. Ayala ha precisado que la soluci\u00f3n tiene que ser \u00abuna triple ganancia\u00bb: Debe ganar \u00abel club, el aficionado y debe ganar la ciudad\u00bb.<\/p>\n\n\n\n<h5 class=\"wp-block-heading\"><strong>SIN FASES DEFINIDAS<\/strong><\/h5>\n\n\n\n<p>La alcaldesa tampoco ha dado respuesta a una de las cuestiones que separaban al club y al Ayuntamiento como es la de realizar la obra en una sola fase o hacerlo en tres diferentes. Estima que tambi\u00e9n hay que \u00abestudiar esa situaci\u00f3n y estudiar el proyecto\u00bb, aunque la declaraci\u00f3n de intenciones de Ayala fue bien expl\u00edcita, se puede aplazar \u00abla obra de la tribuna y e ir construyendo uno de los fondos\u00bb. Tampoco se habl\u00f3 en la reuni\u00f3n del plan econ\u00f3mico que tanto Figoli como Grandinetti han dicho que existe. <\/p>\n\n\n\n<p>Desde el Ayuntamiento entienden  que para determinar esa situaci\u00f3n, hay que ir un poco m\u00e1s all\u00e1 de un proyecto b\u00e1sico, porque lo que ha presentado el Burgos CF no es un proyecto de ejecuci\u00f3n con el nivel de detalle que tiene un documento de este tipo.<\/p>\n","protected":false},"excerpt":{"rendered":"<p>La alcaldesa, Cristina Ayala, anunci\u00f3 que en un plazo de 15 d\u00edas puede estar tomada la decisi\u00f3n sobre el mismo. Como estaba previsto, representantes del Ayuntamiento y del Burgos CF se han reunido este viernes para valorar el anteproyecto presentado por el Club para la remodelaci\u00f3n de El Plant\u00edo. La cita tuvo lugar en el [&hellip;]<\/p>\n","protected":false},"author":21,"featured_media":144867,"comment_status":"closed","ping_status":"closed","sticky":false,"template":"","format":"standard","meta":{"_monsterinsights_skip_tracking":false,"_monsterinsights_sitenote_active":false,"_monsterinsights_sitenote_note":"","_monsterinsights_sitenote_category":0,"footnotes":""},"categories":[4],"tags":[1553,217,29,39],"class_list":{"0":"post-144866","1":"post","2":"type-post","3":"status-publish","4":"format-standard","5":"has-post-thumbnail","7":"category-futbol","8":"tag-actualidad-2","9":"tag-aytoburgos","10":"tag-burgoscf","11":"tag-elplantio"},"views":85,"_links":{"self":[{"href":"https:\/\/www.burgosdeporte.com\/index.php?rest_route=\/wp\/v2\/posts\/144866","targetHints":{"allow":["GET"]}}],"collection":[{"href":"https:\/\/www.burgosdeporte.com\/index.php?rest_route=\/wp\/v2\/posts"}],"about":[{"href":"https:\/\/www.burgosdeporte.com\/index.php?rest_route=\/wp\/v2\/types\/post"}],"author":[{"embeddable":true,"href":"https:\/\/www.burgosdeporte.com\/index.php?rest_route=\/wp\/v2\/users\/21"}],"replies":[{"embeddable":true,"href":"https:\/\/www.burgosdeporte.com\/index.php?rest_route=%2Fwp%2Fv2%2Fcomments&post=144866"}],"version-history":[{"count":4,"href":"https:\/\/www.burgosdeporte.com\/index.php?rest_route=\/wp\/v2\/posts\/144866\/revisions"}],"predecessor-version":[{"id":144871,"href":"https:\/\/www.burgosdeporte.com\/index.php?rest_route=\/wp\/v2\/posts\/144866\/revisions\/144871"}],"wp:featuredmedia":[{"embeddable":true,"href":"https:\/\/www.burgosdeporte.com\/index.php?rest_route=\/wp\/v2\/media\/144867"}],"wp:attachment":[{"href":"https:\/\/www.burgosdeporte.com\/index.php?rest_route=%2Fwp%2Fv2%2Fmedia&parent=144866"}],"wp:term":[{"taxonomy":"category","embeddable":true,"href":"https:\/\/www.burgosdeporte.com\/index.php?rest_route=%2Fwp%2Fv2%2Fcategories&post=144866"},{"taxonomy":"post_tag","embeddable":true,"href":"https:\/\/www.burgosdeporte.com\/index.php?rest_route=%2Fwp%2Fv2%2Ftags&post=144866"}],"curies":[{"name":"wp","href":"https:\/\/api.w.org\/{rel}","templated":true}]}}