{"id":144864,"date":"2025-10-03T16:23:51","date_gmt":"2025-10-03T14:23:51","guid":{"rendered":"https:\/\/www.burgosdeporte.com\/?p=144864"},"modified":"2025-10-03T20:04:12","modified_gmt":"2025-10-03T18:04:12","slug":"el-recoletas-salud-san-pablo-burgos-estrena-la-temporada-de-liga-endesa","status":"publish","type":"post","link":"https:\/\/www.burgosdeporte.com\/?p=144864","title":{"rendered":"El Recoletas Salud San Pablo Burgos estrena la temporada de Liga Endesa"},"content":{"rendered":"\n<p><strong><em>El equipo dirigido por Bruno Savignani se mide al B\u00e0squet Girona, este s\u00e1bado, desde las 19:00 horas, en la primera jornada de acb<\/em><\/strong><\/p>\n\n\n\n<p class=\"has-text-align-right\">(<em>Fotograf\u00edas: JARCHA<\/em>)<\/p>\n\n\n<div class=\"wp-block-image\">\n<figure class=\"aligncenter size-full is-resized\"><a href=\"https:\/\/www.cajaviva.es\/particulares\/servicio-nomina\" target=\"_blank\" rel=\" noreferrer noopener\"><img loading=\"lazy\" decoding=\"async\" width=\"300\" height=\"400\" src=\"https:\/\/www.burgosdeporte.com\/wp-content\/uploads\/2025\/06\/Nomina_CajaViva.jpg\" alt=\"\" class=\"wp-image-140655\" style=\"width:228px;height:auto\" srcset=\"https:\/\/www.burgosdeporte.com\/wp-content\/uploads\/2025\/06\/Nomina_CajaViva.jpg 300w, https:\/\/www.burgosdeporte.com\/wp-content\/uploads\/2025\/06\/Nomina_CajaViva-225x300.jpg 225w, https:\/\/www.burgosdeporte.com\/wp-content\/uploads\/2025\/06\/Nomina_CajaViva-150x200.jpg 150w\" sizes=\"auto, (max-width: 300px) 100vw, 300px\" \/><\/a><\/figure>\n<\/div>\n\n\n<p>Despu\u00e9s de tres temporadas buscando el retorno a la acb, el Recoletas Salud San Pablo Burgos regresa a la Liga Endesa con la primera jornada liguera, que disputar\u00e1 frente al B\u00e0squet Girona, este s\u00e1bado, a partir de las 19:00 horas, en el Coliseum. El equipo que dirige Bruno Savignani afronta preparado y con ilusi\u00f3n este inicio de temporada para abrir la segunda etapa de la historia del club burgal\u00e9s en la m\u00e1xima categor\u00eda del baloncesto espa\u00f1ol.<\/p>\n\n\n\n<p>\u201cEl a\u00f1o pasado se hablaba mucho de esto y aqu\u00ed estamos. El equipo est\u00e1 bien, est\u00e1 muy motivado, con mucha ilusi\u00f3n y consciente de la dificultad y de lo dura que es la liga acb, pero al mismo tiempo con muchas ganas de reencontrarnos con nuestra gente\u201d, ha destacado el entrenador Bruno Savignani en la primera rueda de prensa previa de la temporada.<\/p>\n\n\n\n<p>El t\u00e9cnico del Recoletas Salud San Pablo Burgos ha analizado el transcurso de una \u201csemana un poco complicada\u201d, en la que los castellanos han tenido que ir sobreponi\u00e9ndose a las ausencias que ya tuvieron en el \u00faltimo encuentro de la pretemporada frente al R\u00edo Breog\u00e1n: \u201cDurante la semana, hemos ido recuperando a la gente. No hemos podido tener una semana ideal, pero al final hemos llegado bien. Desde el mi\u00e9rcoles, hemos podido entrenar con casi todos para poder preparar el partido de Girona de la mejor manera posible. No estamos al cien por cien, pero estamos mejor\u201d.<\/p>\n\n\n\n<p>Entre los nombres propios de la semana, sobresale el de Sergi Garc\u00eda, el base que se ha incorporado en estos d\u00edas al equipo, sobre el que ha hablado Savignani: \u201cLe he visto bien. Quiz\u00e1 le va a costar un poco incorporarse, entender la din\u00e1mica de trabajo y de c\u00f3mo va el equipo, pero creo que es un chico bastante listo, bastante inteligente y lo demostr\u00f3 ya ayer desde el primer entrenamiento. Ha llegado disponible y con ganas de hacerlo bien\u201d.<\/p>\n\n\n\n<p>En el apartado de dudas para el compromiso liguero, aparece la de Pablo Almaz\u00e1n, que recibi\u00f3 un golpe en el partido disputado en Lugo el pasado domingo, del que se est\u00e1 recuperando. \u201cEst\u00e1 mejor. Los dos primeros d\u00edas de la semana no entren\u00f3, pero hicimos las pruebas m\u00e9dicas el lunes y, por suerte, no tiene nada grave\u201d, ha detallado el entrenador, que ha agregado: \u201cTiene alguna molestia por el golpe, con un poco de dolor, pero ha podido entrenar\u201d. Adem\u00e1s del granadino, ser\u00e1 duda tambi\u00e9n Juan Rubio, que ha tenido algunas molestias en el isquiotibial izquierdo.<\/p>\n\n\n<div class=\"wp-block-image\">\n<figure class=\"aligncenter size-large\"><img loading=\"lazy\" decoding=\"async\" width=\"1024\" height=\"683\" src=\"https:\/\/www.burgosdeporte.com\/wp-content\/uploads\/2025\/03\/T5A0177-1-1024x683.jpg\" alt=\"\" class=\"wp-image-137121\"\/><figcaption class=\"wp-element-caption\">Pablo Almaz\u00e1n  &#8211; San Pablo Burgos (Foto &#8211; JARCHA).<\/figcaption><\/figure>\n<\/div>\n\n\n<p><strong>B\u00e0squet Girona, primer rival en la vuelta a la Liga Endesa<\/strong><\/p>\n\n\n\n<p>B\u00e0squet Girona ser\u00e1 el primer equipo de la Liga Endesa en visitar el Coliseum en este regreso a la m\u00e1xima categor\u00eda. El compromiso de ma\u00f1ana ser\u00e1 un duelo in\u00e9dito en la competici\u00f3n liguera, ya que los caminos de los gerundenses y los burgaleses se cruzaron en la misma campa\u00f1a 2021\/22: cuando los catalanes lograron el ascenso, los castellanos descendieron.<\/p>\n\n\n\n<p>Con tres campa\u00f1as consecutivas de experiencia en la acb, B\u00e0squet Girona ha completado una positiva pretemporada, que finaliz\u00f3 con una contundente victoria frente al Napoli Basket (118-96). El club catal\u00e1n viene de una semana en la que han firmado la renovaci\u00f3n del entrenador Moncho Fern\u00e1ndez hasta junio de 2027 y en la que tambi\u00e9n han anunciado la incorporaci\u00f3n de Sander Hollanders de forma temporal al primer equipo.<\/p>\n\n\n\n<p>\u201cB\u00e0squet Girona es un equipo que termin\u00f3 la temporada muy bien, con las ideas muy claras. Han mantenido un bloque, con su entrenador y jugadores importantes, y se han reforzado muy bien\u201d, ha analizado Bruno Savignani, que ha detallado: \u201cEsa continuidad le da una cierta tranquilidad en lo que respecta a la identidad del equipo, con muchas posesiones, ritmo alto, presionando en toda la pista&#8230;\u201d.<\/p>\n\n\n\n<p>Para tratar de alcanzar el primer triunfo del curso de Liga Endesa, los burgaleses deber\u00e1n prestar atenci\u00f3n a ciertas claves, como \u201cla transici\u00f3n defensiva, intentar ser agresivos al rebote para empezar desde ah\u00ed, que ellos no corran la pista\u201d, lo que necesitar\u00e1 de una alta concentraci\u00f3n \u201cen los primeros segundos de cada ataque\u201d.<\/p>\n\n\n\n<p><strong>Un compromiso especial para devolver a Burgos a la acb<\/strong><\/p>\n\n\n\n<p>La afici\u00f3n burgalesa volver\u00e1 a ser una de las claves en esta temporada 2025\/26 para el \u00e9xito del cuadro burgal\u00e9s, especialmente cuando juegue como local. Savignani ha apuntado: \u201cNosotros nos tenemos que hacer fuertes en casa y aprovechar del ambiente que se crea en el Coliseum para que eso sea un plus que nos d\u00e9 la energ\u00eda suficiente para pelear desde el minuto uno al \u00faltimo\u201d.<\/p>\n\n\n\n<p>El entrenador brasile\u00f1o ha expuesto: \u201cCreo que es un intercambio de energ\u00eda: no tenemos solamente que esperar que ellos nos transmitan eso, sino que nosotros desde la pista debemos transmitir tambi\u00e9n esa energ\u00eda\u201d, a lo que ha subrayado: \u201cTenemos que hacer que nuestra gente est\u00e9 orgullosa de nosotros y de c\u00f3mo les representamos en la pista\u201d.<\/p>\n\n\n\n<p>En el deseado retorno a la Liga Endesa tras tres temporadas buscando el ascenso a acb, el Recoletas Salud San Pablo Burgos se medir\u00e1 al B\u00e0squet Girona, este s\u00e1bado, a partir de las 19:00 horas, en el Coliseum.<\/p>\n","protected":false},"excerpt":{"rendered":"<p>El equipo dirigido por Bruno Savignani se mide al B\u00e0squet Girona, este s\u00e1bado, desde las 19:00 horas, en la primera jornada de acb (Fotograf\u00edas: JARCHA) Despu\u00e9s de tres temporadas buscando el retorno a la acb, el Recoletas Salud San Pablo Burgos regresa a la Liga Endesa con la primera jornada liguera, que disputar\u00e1 frente al [&hellip;]<\/p>\n","protected":false},"author":10,"featured_media":143866,"comment_status":"closed","ping_status":"closed","sticky":false,"template":"","format":"standard","meta":{"_monsterinsights_skip_tracking":false,"_monsterinsights_sitenote_active":false,"_monsterinsights_sitenote_note":"","_monsterinsights_sitenote_category":0,"footnotes":""},"categories":[5],"tags":[920,6,1552,9],"class_list":{"0":"post-144864","1":"post","2":"type-post","3":"status-publish","4":"format-standard","5":"has-post-thumbnail","7":"category-baloncesto","8":"tag-acb","9":"tag-baloncesto","10":"tag-destacadas","11":"tag-sanpabloburgos"},"views":67,"_links":{"self":[{"href":"https:\/\/www.burgosdeporte.com\/index.php?rest_route=\/wp\/v2\/posts\/144864","targetHints":{"allow":["GET"]}}],"collection":[{"href":"https:\/\/www.burgosdeporte.com\/index.php?rest_route=\/wp\/v2\/posts"}],"about":[{"href":"https:\/\/www.burgosdeporte.com\/index.php?rest_route=\/wp\/v2\/types\/post"}],"author":[{"embeddable":true,"href":"https:\/\/www.burgosdeporte.com\/index.php?rest_route=\/wp\/v2\/users\/10"}],"replies":[{"embeddable":true,"href":"https:\/\/www.burgosdeporte.com\/index.php?rest_route=%2Fwp%2Fv2%2Fcomments&post=144864"}],"version-history":[{"count":1,"href":"https:\/\/www.burgosdeporte.com\/index.php?rest_route=\/wp\/v2\/posts\/144864\/revisions"}],"predecessor-version":[{"id":144865,"href":"https:\/\/www.burgosdeporte.com\/index.php?rest_route=\/wp\/v2\/posts\/144864\/revisions\/144865"}],"wp:featuredmedia":[{"embeddable":true,"href":"https:\/\/www.burgosdeporte.com\/index.php?rest_route=\/wp\/v2\/media\/143866"}],"wp:attachment":[{"href":"https:\/\/www.burgosdeporte.com\/index.php?rest_route=%2Fwp%2Fv2%2Fmedia&parent=144864"}],"wp:term":[{"taxonomy":"category","embeddable":true,"href":"https:\/\/www.burgosdeporte.com\/index.php?rest_route=%2Fwp%2Fv2%2Fcategories&post=144864"},{"taxonomy":"post_tag","embeddable":true,"href":"https:\/\/www.burgosdeporte.com\/index.php?rest_route=%2Fwp%2Fv2%2Ftags&post=144864"}],"curies":[{"name":"wp","href":"https:\/\/api.w.org\/{rel}","templated":true}]}}