{"id":144747,"date":"2025-09-30T16:27:16","date_gmt":"2025-09-30T14:27:16","guid":{"rendered":"https:\/\/www.burgosdeporte.com\/?p=144747"},"modified":"2025-10-01T14:32:47","modified_gmt":"2025-10-01T12:32:47","slug":"calendario-confirmado-del-burgos-grupo-de-santiago-en-la-primera-fase-de-liga-u","status":"publish","type":"post","link":"https:\/\/www.burgosdeporte.com\/?p=144747","title":{"rendered":"Calendario confirmado del Burgos Grupo de Santiago en la primera fase de Liga U"},"content":{"rendered":"\n<p><strong><em>El equipo del San Pablo Burgos disputar\u00e1 la primera fase en el Grupo B entre el viernes 10 de octubre de 2025 y el s\u00e1bado 3 de enero de 2026<\/em><\/strong><\/p>\n\n\n\n<p class=\"has-text-align-right\">(<em>Fotograf\u00eda: SPB\/Cintia Cort\u00e9s<\/em>)<\/p>\n\n\n<div class=\"wp-block-image\">\n<figure class=\"aligncenter size-full\"><a href=\"https:\/\/www.grupodesantiago.es\/vehiculo-nuevo\/captur-e-tech?utm_source=burgosdeporte&amp;utm_medium=banner&amp;utm_campaign=BurgosDeporte_RECaptur_Septiembre25\" target=\"_blank\" rel=\" noreferrer noopener\"><img loading=\"lazy\" decoding=\"async\" width=\"320\" height=\"250\" src=\"https:\/\/www.burgosdeporte.com\/wp-content\/uploads\/2025\/09\/BUDeporte_Captur_Sept25.gif\" alt=\"\" class=\"wp-image-144057\"\/><\/a><\/figure>\n<\/div>\n\n\n<p>El Burgos Grupo de Santiago ha conocido este martes el calendario de la primera fase del Grupo B de la Liga U. El equipo dirigido por Carles Leal iniciar\u00e1 la competici\u00f3n a domicilio el viernes 10 de octubre de 2025 en Murcia y cerrar\u00e1 esta primera fase como local el s\u00e1bado 3 de enero de 2026 en el Polideportivo El Plant\u00edo.<\/p>\n\n\n\n<p>Este es el calendario de los burgaleses en las primeras catorce jornadas de la Liga U:<\/p>\n\n\n\n<p>Primera vuelta:<\/p>\n\n\n\n<ul class=\"wp-block-list\">\n<li>Jornada 1: UCAM MURCIA \u2013 <strong>BURGOS GRUPO DE SANTIAGO<\/strong> | Viernes 10 de octubre de 2025 a las 20:30 horas | Pabell\u00f3n Pr\u00edncipe de Asturias.<\/li>\n\n\n\n<li>Jornada 2: <strong>BURGOS GRUPO DE SANTIAGO<\/strong> \u2013 AMARA LLEIDA | S\u00e1bado 18 de octubre de 2025 a las 16:00 horas | Polideportivo El Plant\u00edo.<\/li>\n\n\n\n<li>Jornada 3: GRAN CANARIA \u2013 <strong>BURGOS GRUPO DE SANTIAGO<\/strong> | S\u00e1bado 25 de octubre de 2025 a las 13:30 horas | Pabell\u00f3n Vega de San Jos\u00e9.<\/li>\n\n\n\n<li>Jornada 4: <strong>BURGOS GRUPO DE SANTIAGO<\/strong> \u2013 B\u00c0SQUET GIRONA | S\u00e1bado 1 de noviembre de 2025 a las 16:00 horas | Polideportivo El Plant\u00edo.<\/li>\n\n\n\n<li>Jornada 5: Descansa <strong>BURGOS GRUPO DE SANTIAGO<\/strong>.<\/li>\n\n\n\n<li>Jornada 6: <strong>BURGOS GRUPO DE SANTIAGO<\/strong> \u2013 BILBAO BASKET | S\u00e1bado 15 de noviembre de 2025 a las 16:00 horas | Polideportivo El Plant\u00edo.<\/li>\n\n\n\n<li>Jornada 7: STELLANTIS&amp;YOU GRANADA \u2013 <strong>BURGOS GRUPO DE SANTIAGO<\/strong> | Viernes 21 de noviembre de 2025 a las 18:00 horas | Palacio Municipal de Deportes.<\/li>\n<\/ul>\n\n\n\n<p>Segunda vuelta:<\/p>\n\n\n\n<ul class=\"wp-block-list\">\n<li>Jornada 8: AMARA LLEIDA \u2013 <strong>BURGOS GRUPO DE SANTIAGO<\/strong> | S\u00e1bado 29 de noviembre de 2025 a las 12:30 horas | Pabell\u00f3n Barris Nord.<\/li>\n\n\n\n<li>Jornada 9: <strong>BURGOS GRUPO DE SANTIAGO<\/strong> \u2013 UCAM MURCIA | Viernes 5 de diciembre de 2025 a las 16:00 horas | Coliseum.<\/li>\n\n\n\n<li>Jornada 10: <strong>BURGOS GRUPO DE SANTIAGO<\/strong> \u2013 GRAN CANARIA | S\u00e1bado 6 de diciembre de 2025 a las 13:00 horas | Polideportivo El Plant\u00edo.<\/li>\n\n\n\n<li>Jornada 11: B\u00c0SQUET GIRONA \u2013 <strong>BURGOS GRUPO DE SANTIAGO<\/strong> | S\u00e1bado 13 de diciembre de 2025 a las 12:30 horas | Pabell\u00f3n Municipal Girona \u2013 Fontajau.<\/li>\n\n\n\n<li>Jornada 12: Descansa <strong>BURGOS GRUPO DE SANTIAGO<\/strong>.<\/li>\n\n\n\n<li>Jornada 13: BILBAO BASKET \u2013 <strong>BURGOS GRUPO DE SANTIAGO<\/strong> | Viernes 26 de diciembre de 2025 a las 19:00 horas | Polideportivo de Artxanda.<\/li>\n\n\n\n<li>Jornada 14: <strong>BURGOS GRUPO DE SANTIAGO<\/strong> \u2013 STELLANTIS&amp;YOU GRANADA | S\u00e1bado 3 de enero de 2026 a las 16:00 horas | Polideportivo El Plant\u00edo.<\/li>\n<\/ul>\n","protected":false},"excerpt":{"rendered":"<p>El equipo del San Pablo Burgos disputar\u00e1 la primera fase en el Grupo B entre el viernes 10 de octubre de 2025 y el s\u00e1bado 3 de enero de 2026 (Fotograf\u00eda: SPB\/Cintia Cort\u00e9s) El Burgos Grupo de Santiago ha conocido este martes el calendario de la primera fase del Grupo B de la Liga U. [&hellip;]<\/p>\n","protected":false},"author":10,"featured_media":144748,"comment_status":"closed","ping_status":"closed","sticky":false,"template":"","format":"standard","meta":{"_monsterinsights_skip_tracking":false,"_monsterinsights_sitenote_active":false,"_monsterinsights_sitenote_note":"","_monsterinsights_sitenote_category":0,"footnotes":""},"categories":[5],"tags":[1553,6,2565,9],"class_list":{"0":"post-144747","1":"post","2":"type-post","3":"status-publish","4":"format-standard","5":"has-post-thumbnail","7":"category-baloncesto","8":"tag-actualidad-2","9":"tag-baloncesto","10":"tag-burgosgrupodesantiago","11":"tag-sanpabloburgos"},"views":31,"_links":{"self":[{"href":"https:\/\/www.burgosdeporte.com\/index.php?rest_route=\/wp\/v2\/posts\/144747","targetHints":{"allow":["GET"]}}],"collection":[{"href":"https:\/\/www.burgosdeporte.com\/index.php?rest_route=\/wp\/v2\/posts"}],"about":[{"href":"https:\/\/www.burgosdeporte.com\/index.php?rest_route=\/wp\/v2\/types\/post"}],"author":[{"embeddable":true,"href":"https:\/\/www.burgosdeporte.com\/index.php?rest_route=\/wp\/v2\/users\/10"}],"replies":[{"embeddable":true,"href":"https:\/\/www.burgosdeporte.com\/index.php?rest_route=%2Fwp%2Fv2%2Fcomments&post=144747"}],"version-history":[{"count":1,"href":"https:\/\/www.burgosdeporte.com\/index.php?rest_route=\/wp\/v2\/posts\/144747\/revisions"}],"predecessor-version":[{"id":144749,"href":"https:\/\/www.burgosdeporte.com\/index.php?rest_route=\/wp\/v2\/posts\/144747\/revisions\/144749"}],"wp:featuredmedia":[{"embeddable":true,"href":"https:\/\/www.burgosdeporte.com\/index.php?rest_route=\/wp\/v2\/media\/144748"}],"wp:attachment":[{"href":"https:\/\/www.burgosdeporte.com\/index.php?rest_route=%2Fwp%2Fv2%2Fmedia&parent=144747"}],"wp:term":[{"taxonomy":"category","embeddable":true,"href":"https:\/\/www.burgosdeporte.com\/index.php?rest_route=%2Fwp%2Fv2%2Fcategories&post=144747"},{"taxonomy":"post_tag","embeddable":true,"href":"https:\/\/www.burgosdeporte.com\/index.php?rest_route=%2Fwp%2Fv2%2Ftags&post=144747"}],"curies":[{"name":"wp","href":"https:\/\/api.w.org\/{rel}","templated":true}]}}