{"id":144739,"date":"2025-09-30T16:33:25","date_gmt":"2025-09-30T14:33:25","guid":{"rendered":"https:\/\/www.burgosdeporte.com\/?p=144739"},"modified":"2025-10-01T17:47:58","modified_gmt":"2025-10-01T15:47:58","slug":"el-acuerdo-sobre-el-plantio-entre-el-burgos-cf-y-el-ayuntamiento-puede-fraguarse-el-proximo-viernes","status":"publish","type":"post","link":"https:\/\/www.burgosdeporte.com\/?p=144739","title":{"rendered":"El acuerdo sobre El Plant\u00edo entre el Burgos CF y el Ayuntamiento puede fraguarse el pr\u00f3ximo viernes"},"content":{"rendered":"\n<h2 class=\"wp-block-heading\"><strong>El consejero delegado del Burgos CF, Alejandro Grandinetti, particip\u00f3 en el programa Tiempo Extra de Burgosdeporte en el que anunci\u00f3 que registrar\u00e1n este martes el proyecto en el  Ayuntamiento. Si hay acuerdo y se cumplen los plazos en 2028 estar\u00eda concluida la obra.<\/strong><\/h2>\n\n\n<div class=\"wp-block-image\">\n<figure class=\"aligncenter size-full\"><img loading=\"lazy\" decoding=\"async\" width=\"300\" height=\"90\" src=\"https:\/\/www.burgosdeporte.com\/wp-content\/uploads\/2023\/10\/Felix_rubio_2.gif\" alt=\"\" class=\"wp-image-108903\"\/><\/figure>\n<\/div>\n\n\n<p>Esta puede ser una semana importante en la que puede fraguarse el acuerdo entre el Ayuntamiento y el Burgos CF para la remodelaci\u00f3n de El Plant\u00edo. El consejero delegado del Burgos CF, Alejandro Grandinetti, anunci\u00f3 en el programa Tiempo Extra de Burgosdeporte que este pr\u00f3ximo viernes tienen prevista una reuni\u00f3n con la alcaldesa de Burgos, Cristina Ayala, y parte del equipo de Gobierno para tratar de empezar a buscar caminos de \u00abcolaboraci\u00f3n entre las dos entidades\u00bb de cara a la remodelaci\u00f3n del Estadio de El Plant\u00edo.<\/p>\n\n\n\n<p>Si se lleva a cabo la remodelaci\u00f3n seg\u00fan la pauta del proyecto de Marcelo Figoli, con el cierre y traslado a otro campo modular, la obra se llevar\u00eda a cabo en un \u00abm\u00e1ximo de un a\u00f1o y seis meses\u00bb. Este tema y la construcci\u00f3n de un estadio modular provisional son algunos de los temas que abordar\u00e1n las partes en la reuni\u00f3n del viernes que viene con el proyecto ya en mano.<\/p>\n\n\n\n<p>Grandinetti cree que \u00abse llegar\u00e1 a un buen acuerdo\u00bb tanto para el club como para Burgos porque el estadio es un \u00abproyecto de ciudad\u00bb que llega de la mano de inversi\u00f3n ajena a la Administraci\u00f3n en un importante porcentaje.&nbsp;<\/p>\n\n\n\n<p><strong>OPTIMISMO<\/strong><\/p>\n\n\n\n<p>El consejero delegado es \u00aboptimista\u00bb en cuanto a la posibilidad de llegar acuerdos pero si no se llega a ninguna entente, Grandinetti ha descartado que Marcelo Figoli abandone el barco porque \u00abla inversi\u00f3n\u00bb que ha realizado es \u00abcasi similar a la que se har\u00eda para remodelar el estadio y nadie tira esa cantidad de euros por la ventana\u00bb y Burgos tiene una oportunidad para \u00abrealizar eventos de mayor categor\u00eda\u00bb, no s\u00f3lo en el f\u00fatbol<\/p>\n\n\n\n<p>En las \u00faltimas semanas, desde la \u00faltima cita en la tercera semana de agosto, tanto Ayala como el vicealcalde, Juan Manuel Manso, han asegurado que desde el equipo de Gobierno no se van a pronunciar sobre el estadio hasta no contar con un proyecto. Ese proyecto se va a registrar este mismo \u00abmartes\u00bb. As\u00ed, con estos documentos en mano, Ayala tendr\u00e1 que estudiar de qu\u00e9 manera colaborar.<\/p>\n\n\n\n<p><strong>UN ACUERDO IMPRESCINDIBLE<\/strong><\/p>\n\n\n\n<p>Grandinetti, como representante del primer equipo de f\u00fatbol de la provincia, sabe -como tambi\u00e9n lo ha reconocido Ayala- que el Ayuntamiento y el Burgos CF est\u00e1n condenados a entenderse. Y eso que, en las dos \u00faltimas citas del mes de agosto, las posturas no eran cercanas.<\/p>\n\n\n\n<p>El consejero delegado ha asegurado que ya han presentado \u00abvarios pre proyectos\u00bb que, por el momento no son suficientes para el Consistorio. Pero con la entrevista del viernes que viene, \u00abse abre la oportunidad de negociaci\u00f3n\u00bb y en este sentido ha advertido de que para que un club sea grande debe andar \u00abbien no s\u00f3lo en el aspecto deportivo\u00bb.<\/p>\n\n\n\n<p><strong>PROYECTO AMBICIOSO<\/strong><\/p>\n\n\n\n<p>Grandinetti record\u00f3 que Marcelo Figoli lleg\u00f3 a Burgos \u00aba gestionar, a trabajar, a arremangarse\u00bb. La idea es \u00abir cambiando\u00bb roles de empresas o instituciones y \u00abgenerar confianza\u00bb y no s\u00f3lo en el \u00e1mbito regional o nacional porque la idea es \u00abtransnacionalizar\u00bb la sociedad para tener un \u00abproyecto que sea realmente ambicioso\u00bb.<\/p>\n\n\n\n<p>En esta idea de hacer un Burgos CF grande, con un estadio acorde a su categor\u00eda de club y de ciudad, est\u00e1 la premisa de que el club es mucho m\u00e1s que un equipo de f\u00fatbol, es \u00abuna instituci\u00f3n\u00bb. Y ha recordado Grandinetti que el estadio remodelado quedar\u00e1 \u00abpara la ciudad, para los burgaleses\u00bb, algo que \u00abno es so\u00f1ar ni hacer castillos en el aire\u00bb sino simplemente tener \u00aben claro las metas a las cuales aspiramos\u00bb, ha subrayado. Y en esas se encuentra ahora mismo embarcados Figoli y Grandinetti. En el \u00e1mbito local tienen el aval de los dos grupos pol\u00edticos de la oposici\u00f3n, PSOE y Vox y es un aspecto importante.<\/p>\n\n\n\n<p><strong>VARIAS OPCIONES<\/strong><\/p>\n\n\n\n<p>El punto de partida es claro para el consejero delegado, \u00absi el Ayuntamiento lo quiere hacer entero, no hay problema\u00bb; que quiere que lo haga el Burgos CF en solitario, \u00abque nos venda la tierra y no hay problema\u00bb; que quiere que la obre sea conjunta, la entidad ya ha dicho que \u00abpone el 60% y el Ayuntamiento pondr\u00eda el 40%\u00bb; despu\u00e9s ya se estudiar\u00eda que hacer con el estadio m\u00f3vil. Ha insistido en que \u00abno se pueden pasar 15 a\u00f1os para hacer un estadio\u00bb.&nbsp;<\/p>\n\n\n\n<p>Y ha enfatizado que \u00ablos primeros implicados para que eso no ocurra no es el Ayuntamiento es el propietario del Burgos CF\u00bb porque la sociedad pierde la \u00ablocal\u00eda, la capacidad de generar ingresos, de perder abonos\u2026\u00bb. Eso \u00abser\u00eda tirarnos un tiro en el pie pondr\u00eda en riesgo a toda la inversi\u00f3n realizada\u00bb.<\/p>\n\n\n\n<p>La idea de construir un estadio nuevo en otra ubicaci\u00f3n en la ciudad tambi\u00e9n est\u00e1 en la mente de los gestores del Burgos CF, que podr\u00eda incluso salir m\u00e1s barato que hacer una reforma en El Plant\u00edo, pero se trata de un futurible poco probable que har\u00eda perder identidad al Burgos CF.<\/p>\n\n\n\n<p><strong>OPORTUNIDAD \u00daNICA PARA BURGOS<\/strong><\/p>\n\n\n\n<p>El consejero delegado del Burgos CF no eludi\u00f3 en sus declaraciones a Burgosdeporte que los planes de expansi\u00f3n de negocio de las empresas de Figoli con la entrada en el capital de un parque de atracciones en Zaragoza constituyen una \u00aboportunidad de inversi\u00f3n\u00bb, m\u00e1s all\u00e1 del f\u00fatbol. Por lo que se refiere al inicio de liga del Burgos CF, Grandinetti est\u00e1 satisfecho. El consejero delegado ve una plantilla con una \u00abgran competencia interna y con equilibrio\u00bb; pero ha recordado que \u00abtodo pasa por los n\u00fameros\u00bb, en referencia a partidos como contra el M\u00e1laga CF que, sin ser un buen partido, el equipo supo sacarlo adelante.<\/p>\n\n\n\n<p><strong>PROGRAMA COMPLETO DE TIEMPO EXTRA DON LAS DECLARACIONES DEL CONSEJERO DELEGADO DEL BURGOS CF,  ALEJANDRO GRANDINETTI.<\/strong><\/p>\n\n\n\n<figure class=\"wp-block-embed is-type-video is-provider-youtube wp-block-embed-youtube wp-embed-aspect-16-9 wp-has-aspect-ratio\"><div class=\"wp-block-embed__wrapper\">\n<div class=\"youtube-embed\" data-video_id=\"BCYtb6lz7R0\"><iframe loading=\"lazy\" title=\"Tiempo Extra #114 | Vencer o convencer, con Miguel \u00c1. Atienza y Alejandro Grandinetti (29-09-2025)\" width=\"696\" height=\"392\" src=\"https:\/\/www.youtube.com\/embed\/BCYtb6lz7R0?start=46&#038;feature=oembed\" frameborder=\"0\" allow=\"accelerometer; autoplay; clipboard-write; encrypted-media; gyroscope; picture-in-picture; web-share\" referrerpolicy=\"strict-origin-when-cross-origin\" allowfullscreen><\/iframe><\/div>\n<\/div><\/figure>\n","protected":false},"excerpt":{"rendered":"<p>El consejero delegado del Burgos CF, Alejandro Grandinetti, particip\u00f3 en el programa Tiempo Extra de Burgosdeporte en el que anunci\u00f3 que registrar\u00e1n este martes el proyecto en el Ayuntamiento. Si hay acuerdo y se cumplen los plazos en 2028 estar\u00eda concluida la obra. Esta puede ser una semana importante en la que puede fraguarse el [&hellip;]<\/p>\n","protected":false},"author":21,"featured_media":133902,"comment_status":"closed","ping_status":"closed","sticky":false,"template":"","format":"standard","meta":{"_monsterinsights_skip_tracking":false,"_monsterinsights_sitenote_active":false,"_monsterinsights_sitenote_note":"","_monsterinsights_sitenote_category":0,"footnotes":""},"categories":[4],"tags":[1553,1644,217,29,38],"class_list":{"0":"post-144739","1":"post","2":"type-post","3":"status-publish","4":"format-standard","5":"has-post-thumbnail","7":"category-futbol","8":"tag-actualidad-2","9":"tag-alejandrograndinetti","10":"tag-aytoburgos","11":"tag-burgoscf","12":"tag-tiempoextra"},"views":185,"_links":{"self":[{"href":"https:\/\/www.burgosdeporte.com\/index.php?rest_route=\/wp\/v2\/posts\/144739","targetHints":{"allow":["GET"]}}],"collection":[{"href":"https:\/\/www.burgosdeporte.com\/index.php?rest_route=\/wp\/v2\/posts"}],"about":[{"href":"https:\/\/www.burgosdeporte.com\/index.php?rest_route=\/wp\/v2\/types\/post"}],"author":[{"embeddable":true,"href":"https:\/\/www.burgosdeporte.com\/index.php?rest_route=\/wp\/v2\/users\/21"}],"replies":[{"embeddable":true,"href":"https:\/\/www.burgosdeporte.com\/index.php?rest_route=%2Fwp%2Fv2%2Fcomments&post=144739"}],"version-history":[{"count":1,"href":"https:\/\/www.burgosdeporte.com\/index.php?rest_route=\/wp\/v2\/posts\/144739\/revisions"}],"predecessor-version":[{"id":144741,"href":"https:\/\/www.burgosdeporte.com\/index.php?rest_route=\/wp\/v2\/posts\/144739\/revisions\/144741"}],"wp:featuredmedia":[{"embeddable":true,"href":"https:\/\/www.burgosdeporte.com\/index.php?rest_route=\/wp\/v2\/media\/133902"}],"wp:attachment":[{"href":"https:\/\/www.burgosdeporte.com\/index.php?rest_route=%2Fwp%2Fv2%2Fmedia&parent=144739"}],"wp:term":[{"taxonomy":"category","embeddable":true,"href":"https:\/\/www.burgosdeporte.com\/index.php?rest_route=%2Fwp%2Fv2%2Fcategories&post=144739"},{"taxonomy":"post_tag","embeddable":true,"href":"https:\/\/www.burgosdeporte.com\/index.php?rest_route=%2Fwp%2Fv2%2Ftags&post=144739"}],"curies":[{"name":"wp","href":"https:\/\/api.w.org\/{rel}","templated":true}]}}