{"id":144383,"date":"2025-09-23T21:29:50","date_gmt":"2025-09-23T19:29:50","guid":{"rendered":"https:\/\/www.burgosdeporte.com\/?p=144383"},"modified":"2025-09-25T14:06:30","modified_gmt":"2025-09-25T12:06:30","slug":"teodoro-gonzalez-ya-tiene-su-sala-de-tenis-de-mesa-en-burgos","status":"publish","type":"post","link":"https:\/\/www.burgosdeporte.com\/?p=144383","title":{"rendered":"Teodoro Gonz\u00e1lez ya tiene su Sala de Tenis de Mesa en Burgos"},"content":{"rendered":"\n<h2 class=\"wp-block-heading\">Mar\u00eda Berzosa y Juan Pedro S\u00e1nchez se proclaman campeones del IX Memorial.<\/h2>\n\n\n<div class=\"wp-block-image\">\n<figure class=\"aligncenter size-full\"><img loading=\"lazy\" decoding=\"async\" width=\"300\" height=\"400\" src=\"https:\/\/www.burgosdeporte.com\/wp-content\/uploads\/2025\/06\/Nomina_CajaViva.jpg\" alt=\"\" class=\"wp-image-140655\" srcset=\"https:\/\/www.burgosdeporte.com\/wp-content\/uploads\/2025\/06\/Nomina_CajaViva.jpg 300w, https:\/\/www.burgosdeporte.com\/wp-content\/uploads\/2025\/06\/Nomina_CajaViva-225x300.jpg 225w, https:\/\/www.burgosdeporte.com\/wp-content\/uploads\/2025\/06\/Nomina_CajaViva-150x200.jpg 150w\" sizes=\"auto, (max-width: 300px) 100vw, 300px\" \/><\/figure>\n<\/div>\n\n\n<p>Burgos se lo deb\u00eda, y lo ha hecho realidad. Desde el pasado domingo la Sala de Tenis de Mesa de Burgos, pasa a denominarse Sala Teodoro Gonz\u00e1lez. Quien fuera el impulsor de este deporte en nuestra ciudad y provincia, tendr\u00e1 en este lugar un bonito recuerdo, del que todos los que le conoc\u00edan est\u00e1n muy orgullosos. <\/p>\n\n\n\n<p>Bajo un precioso mural, realizado en la puerta de entrada de la instalaci\u00f3n, por la joven jugadora del UBU RM Ter\u00e1n, Elvira Marcos, que ya es conocida como una verdadera artista, tuvo lugar la entrega de premios a los triunfadores del IX Memorial. <\/p>\n\n\n\n<p>Se dieron cita en Burgos, un total de 72 palistas de diferentes lugares de Espa\u00f1a, principalmente de la zona norte ( Cantabria, Pa\u00eds Vasco, Arag\u00f3n, Catalu\u00f1a, Castilla y Le\u00f3n, Madrid&#8230;), que competieron a lo largo de toda la jornada dominical, rindiendo un gran homenaje a Teodoro. <\/p>\n\n\n\n<p>Destacada actuaci\u00f3n de los dos favoritos al triunfo final, que adem\u00e1s disputaron la final, ya que el torneo ten\u00eda car\u00e1cter mixto. Mar\u00eda Berzosa del UBU RM Ter\u00e1n, y Juan Pedro S\u00e1nchez, jugador murciano, y una de las incorporaciones de Fran Berzosa, al UBU TPF, se hicieron un el t\u00edtulo. <\/p>\n\n\n\n<p>Estuvieron presentes en la final y en la posterior entrega de premios: Marisol Tapia, viuda de Teodoro Gonz\u00e1lez, Ana Celia Alonso, presidenta del Burgos Feminas Tenis de Mesa, Jos\u00e9 Luis Bermejo, presidente de la Federaci\u00f3n de Castilla y Le\u00f3n de Tenis de Mesa, y David Corral, director t\u00e9cnico de la RFETM. Este \u00faltimo agradeci\u00f3 a Burgos, su acogida a los jugadores de la selecci\u00f3n espa\u00f1ola U13, que durante los \u00faltimos d\u00edas han estado preparando el Campeonato de Europa que desde este mi\u00e9rcoles comienza en la ciudad de Kosta ( Suecia ), donde dirigidos por el seleccionador nacional, Fran Berzosa, Espa\u00f1a es una de las favoritas al podium final.<\/p>\n\n\n\n<p><strong>RESULTADOS IX MEMORIAL TEODORO GONZALEZ<\/strong><\/p>\n\n\n\n<p><strong>CATEGORIA MASCULINA<\/strong><\/p>\n\n\n\n<p>1\u00ba.- JUAN PEDRO SANCHEZ ( UBU TPF )<\/p>\n\n\n\n<p>2\u00ba.- SERGIO MENDEZ ( UBU TPF )<\/p>\n\n\n\n<p>3\u00ba.- GUILLERMO FERNANDEZ ( UBU TPF )<\/p>\n\n\n\n<p>4\u00ba.- MARCOS GOMEZ ( CARTAMA &#8211; MALAGA )<\/p>\n\n\n\n<p><strong>CATEGORIA FEMENINA<\/strong><\/p>\n\n\n\n<p>1\u00ba.- MARIA BERZOSA ( UBU RM TERAN )<\/p>\n\n\n\n<p>2\u00ba.- ESTHER HASEK ( UBU RM TERAN )<\/p>\n\n\n\n<p>3\u00ba.- MARIA MENDEZ ( UBU RM TERAN )<\/p>\n\n\n\n<p>4\u00ba.- AINA CASANOVAS ( BADALONA TT &#8211; BARCELONA )<\/p>\n","protected":false},"excerpt":{"rendered":"<p>Mar\u00eda Berzosa y Juan Pedro S\u00e1nchez se proclaman campeones del IX Memorial. Burgos se lo deb\u00eda, y lo ha hecho realidad. Desde el pasado domingo la Sala de Tenis de Mesa de Burgos, pasa a denominarse Sala Teodoro Gonz\u00e1lez. Quien fuera el impulsor de este deporte en nuestra ciudad y provincia, tendr\u00e1 en este lugar [&hellip;]<\/p>\n","protected":false},"author":10,"featured_media":144384,"comment_status":"closed","ping_status":"closed","sticky":false,"template":"","format":"standard","meta":{"_monsterinsights_skip_tracking":false,"_monsterinsights_sitenote_active":false,"_monsterinsights_sitenote_note":"","_monsterinsights_sitenote_category":0,"footnotes":""},"categories":[97],"tags":[1553,96,2177],"class_list":{"0":"post-144383","1":"post","2":"type-post","3":"status-publish","4":"format-standard","5":"has-post-thumbnail","7":"category-tenis-de-mesa","8":"tag-actualidad-2","9":"tag-burgostenisdemesa","10":"tag-memorialteodorogonzalez"},"views":135,"_links":{"self":[{"href":"https:\/\/www.burgosdeporte.com\/index.php?rest_route=\/wp\/v2\/posts\/144383","targetHints":{"allow":["GET"]}}],"collection":[{"href":"https:\/\/www.burgosdeporte.com\/index.php?rest_route=\/wp\/v2\/posts"}],"about":[{"href":"https:\/\/www.burgosdeporte.com\/index.php?rest_route=\/wp\/v2\/types\/post"}],"author":[{"embeddable":true,"href":"https:\/\/www.burgosdeporte.com\/index.php?rest_route=\/wp\/v2\/users\/10"}],"replies":[{"embeddable":true,"href":"https:\/\/www.burgosdeporte.com\/index.php?rest_route=%2Fwp%2Fv2%2Fcomments&post=144383"}],"version-history":[{"count":1,"href":"https:\/\/www.burgosdeporte.com\/index.php?rest_route=\/wp\/v2\/posts\/144383\/revisions"}],"predecessor-version":[{"id":144385,"href":"https:\/\/www.burgosdeporte.com\/index.php?rest_route=\/wp\/v2\/posts\/144383\/revisions\/144385"}],"wp:featuredmedia":[{"embeddable":true,"href":"https:\/\/www.burgosdeporte.com\/index.php?rest_route=\/wp\/v2\/media\/144384"}],"wp:attachment":[{"href":"https:\/\/www.burgosdeporte.com\/index.php?rest_route=%2Fwp%2Fv2%2Fmedia&parent=144383"}],"wp:term":[{"taxonomy":"category","embeddable":true,"href":"https:\/\/www.burgosdeporte.com\/index.php?rest_route=%2Fwp%2Fv2%2Fcategories&post=144383"},{"taxonomy":"post_tag","embeddable":true,"href":"https:\/\/www.burgosdeporte.com\/index.php?rest_route=%2Fwp%2Fv2%2Ftags&post=144383"}],"curies":[{"name":"wp","href":"https:\/\/api.w.org\/{rel}","templated":true}]}}