{"id":144326,"date":"2025-09-22T14:23:05","date_gmt":"2025-09-22T12:23:05","guid":{"rendered":"https:\/\/www.burgosdeporte.com\/?p=144326"},"modified":"2025-09-23T20:55:35","modified_gmt":"2025-09-23T18:55:35","slug":"0-1-primera-victoria-del-curso-para-la-arandina-en-su-visita-al-mojados","status":"publish","type":"post","link":"https:\/\/www.burgosdeporte.com\/?p=144326","title":{"rendered":"0-1 Primera victoria del curso para la Arandina en su visita al Mojados"},"content":{"rendered":"\n<p><strong><em>Los ribere\u00f1os logran su primer triunfo de la temporada y suman cuatro puntos<\/em><\/strong><\/p>\n\n\n\n<p class=\"has-text-align-right\">(<em>Fotograf\u00eda: David S\u00e1nchez<\/em>)<\/p>\n\n\n<div class=\"wp-block-image\">\n<figure class=\"aligncenter size-full is-resized\"><a href=\"https:\/\/www.cajaviva.es\/particulares\/servicio-nomina\" target=\"_blank\" rel=\" noreferrer noopener\"><img loading=\"lazy\" decoding=\"async\" width=\"300\" height=\"400\" src=\"https:\/\/www.burgosdeporte.com\/wp-content\/uploads\/2025\/06\/Nomina_CajaViva.jpg\" alt=\"\" class=\"wp-image-140655\" style=\"width:156px;height:auto\" srcset=\"https:\/\/www.burgosdeporte.com\/wp-content\/uploads\/2025\/06\/Nomina_CajaViva.jpg 300w, https:\/\/www.burgosdeporte.com\/wp-content\/uploads\/2025\/06\/Nomina_CajaViva-225x300.jpg 225w, https:\/\/www.burgosdeporte.com\/wp-content\/uploads\/2025\/06\/Nomina_CajaViva-150x200.jpg 150w\" sizes=\"auto, (max-width: 300px) 100vw, 300px\" \/><\/a><\/figure>\n<\/div>\n\n\n<p>Primer triunfo de la temporada y segunda jornada puntuando para los de Pablo Gil. El proyecto sigue al alza en este arranque del campeonato y suma ya cuatro puntos. El tanto de la victoria fue obra de Tijan en un saque de esquina en los \u00faltimos minutos<\/p>\n\n\n\n<p>La Arandina suma el primer triunfo de la temporada tras vencer en el Municipal de Mojados ante la escuadra vallisoletana (0-1) Los de Pablo Gil suman ahora cuatro puntos tras el empate frente al Almaz\u00e1n de la pasada jornada. El equipo sigue acumulando minutos en este arranque en el Grupo VIII de Tercera Federaci\u00f3n.<\/p>\n\n\n\n<p>Pablo Gil form\u00f3 de inicio con Sergio; Niang, Mario, Freixa, Benja, Manuel, Barroso, Benedet, Diouf, Mariano y Rengel. Benedet regresaba al once tras cumplir partido de sanci\u00f3n. El equipo lo intent\u00f3 en la primera parte.<\/p>\n\n\n\n<p>Los blanquiazules pudieron adelantarse en un saque de esquina, pero el remate lo sac\u00f3 el meta vallisoletano tras una gran intervenci\u00f3n. Sin la fortuna y con mucha igualdad el partido lleg\u00f3 al descanso con el marcador inicial de empate sin goles (0-0).<\/p>\n\n\n\n<p><strong>Sufrimiento y premio final<\/strong><\/p>\n\n\n\n<p>En la segunda parte la escuadra de las Tierras del Duero volvi\u00f3 a intentarlo. Aunque fue el Mojados quien dispuso de las mejores ocasiones. Sergio Garc\u00eda salv\u00f3 a los arandinistas. Pero a\u00fan quedaba la traca final de los blanquiazules. As\u00ed en un saque de esquina lleg\u00f3 el gol del triunfo obra de Tijan. Triunfo in extremis.<\/p>\n\n\n\n<p>Con este resultado la Arandina suma cuatro puntos de nueve posibles en un arranque de temporada en el que los blanquiazules van encajando sus piezas de manera paulatina. El pr\u00f3ximo fin de semana, cuarta jornada del Campeonato con la visita del filial de la Cultural al Juan Carlos Higuero.<\/p>\n","protected":false},"excerpt":{"rendered":"<p>Los ribere\u00f1os logran su primer triunfo de la temporada y suman cuatro puntos (Fotograf\u00eda: David S\u00e1nchez) Primer triunfo de la temporada y segunda jornada puntuando para los de Pablo Gil. El proyecto sigue al alza en este arranque del campeonato y suma ya cuatro puntos. El tanto de la victoria fue obra de Tijan en [&hellip;]<\/p>\n","protected":false},"author":24,"featured_media":144327,"comment_status":"closed","ping_status":"closed","sticky":false,"template":"","format":"standard","meta":{"_monsterinsights_skip_tracking":false,"_monsterinsights_sitenote_active":false,"_monsterinsights_sitenote_note":"","_monsterinsights_sitenote_category":0,"footnotes":""},"categories":[4],"tags":[1553,288,32],"class_list":{"0":"post-144326","1":"post","2":"type-post","3":"status-publish","4":"format-standard","5":"has-post-thumbnail","7":"category-futbol","8":"tag-actualidad-2","9":"tag-arandinacf","10":"tag-futbol"},"views":36,"_links":{"self":[{"href":"https:\/\/www.burgosdeporte.com\/index.php?rest_route=\/wp\/v2\/posts\/144326","targetHints":{"allow":["GET"]}}],"collection":[{"href":"https:\/\/www.burgosdeporte.com\/index.php?rest_route=\/wp\/v2\/posts"}],"about":[{"href":"https:\/\/www.burgosdeporte.com\/index.php?rest_route=\/wp\/v2\/types\/post"}],"author":[{"embeddable":true,"href":"https:\/\/www.burgosdeporte.com\/index.php?rest_route=\/wp\/v2\/users\/24"}],"replies":[{"embeddable":true,"href":"https:\/\/www.burgosdeporte.com\/index.php?rest_route=%2Fwp%2Fv2%2Fcomments&post=144326"}],"version-history":[{"count":1,"href":"https:\/\/www.burgosdeporte.com\/index.php?rest_route=\/wp\/v2\/posts\/144326\/revisions"}],"predecessor-version":[{"id":144328,"href":"https:\/\/www.burgosdeporte.com\/index.php?rest_route=\/wp\/v2\/posts\/144326\/revisions\/144328"}],"wp:featuredmedia":[{"embeddable":true,"href":"https:\/\/www.burgosdeporte.com\/index.php?rest_route=\/wp\/v2\/media\/144327"}],"wp:attachment":[{"href":"https:\/\/www.burgosdeporte.com\/index.php?rest_route=%2Fwp%2Fv2%2Fmedia&parent=144326"}],"wp:term":[{"taxonomy":"category","embeddable":true,"href":"https:\/\/www.burgosdeporte.com\/index.php?rest_route=%2Fwp%2Fv2%2Fcategories&post=144326"},{"taxonomy":"post_tag","embeddable":true,"href":"https:\/\/www.burgosdeporte.com\/index.php?rest_route=%2Fwp%2Fv2%2Ftags&post=144326"}],"curies":[{"name":"wp","href":"https:\/\/api.w.org\/{rel}","templated":true}]}}