{"id":144165,"date":"2025-09-19T13:01:34","date_gmt":"2025-09-19T11:01:34","guid":{"rendered":"https:\/\/www.burgosdeporte.com\/?p=144165"},"modified":"2025-09-20T15:12:41","modified_gmt":"2025-09-20T13:12:41","slug":"nueve-tiradores-del-saes-bu-abren-la-temporada-nacional-en-amposta","status":"publish","type":"post","link":"https:\/\/www.burgosdeporte.com\/?p=144165","title":{"rendered":"Nueve tiradores del SAES-BU abren la temporada nacional en Amposta"},"content":{"rendered":"\n<p><strong><em>Los burgaleses se trasladar\u00e1n a la localidad de Tarragona para competir<\/em><\/strong><\/p>\n\n\n<div class=\"wp-block-image\">\n<figure class=\"aligncenter size-full is-resized\"><a href=\"https:\/\/www.ferroplas.com\/\" target=\"_blank\" rel=\" noreferrer noopener\"><img loading=\"lazy\" decoding=\"async\" width=\"900\" height=\"412\" src=\"https:\/\/www.burgosdeporte.com\/wp-content\/uploads\/2025\/05\/Ferroplas-1.jpg\" alt=\"\" class=\"wp-image-140430\" style=\"width:297px;height:auto\" srcset=\"https:\/\/www.burgosdeporte.com\/wp-content\/uploads\/2025\/05\/Ferroplas-1.jpg 900w, https:\/\/www.burgosdeporte.com\/wp-content\/uploads\/2025\/05\/Ferroplas-1-300x137.jpg 300w, https:\/\/www.burgosdeporte.com\/wp-content\/uploads\/2025\/05\/Ferroplas-1-768x352.jpg 768w, https:\/\/www.burgosdeporte.com\/wp-content\/uploads\/2025\/05\/Ferroplas-1-150x69.jpg 150w, https:\/\/www.burgosdeporte.com\/wp-content\/uploads\/2025\/05\/Ferroplas-1-696x319.jpg 696w\" sizes=\"auto, (max-width: 900px) 100vw, 900px\" \/><\/a><\/figure>\n<\/div>\n\n\n<p>Comienza la temporada nacional para la Sala de Esgrima de Burgos, nueve deportistas de espada masculina viajan a la localidad tarraconense de Amposta para participar\u00e1 en la primera competici\u00f3n nacional que puntuar\u00e1 para los ranking internos de la Federaci\u00f3n espa\u00f1ola&nbsp; y el clasificatorio para el Campeonato de Espa\u00f1a para menores de 20 a\u00f1os.<\/p>\n\n\n\n<p>Jos\u00e9 Miguel Mart\u00edn (n\u00famero 1 del Ranking), Gabriel del Torno, Guillermo M\u00edguez, Ricardo Mar\u00edn, Alvar Fern\u00e1ndez, V\u00edctor Calleja, Alberto Mart\u00edn, Pablo Luengas y Mario Panadero acompa\u00f1ados por Carlos Zayas y Diego L\u00f3pez, ser\u00e1n los representantes que participar\u00e1n en la competici\u00f3n nacional el s\u00e1bado a las 9:00 horas.<\/p>\n\n\n\n<p>El domingo se disputar\u00e1 la competici\u00f3n por equipos, los 16 mejores clasificados de este torneo optar\u00e1n a la clasificaci\u00f3n para el Campeonato de Espa\u00f1a por clubes y solo los 8 mejores participaran en al nacional de espada.<\/p>\n","protected":false},"excerpt":{"rendered":"<p>Los burgaleses se trasladar\u00e1n a la localidad de Tarragona para competir Comienza la temporada nacional para la Sala de Esgrima de Burgos, nueve deportistas de espada masculina viajan a la localidad tarraconense de Amposta para participar\u00e1 en la primera competici\u00f3n nacional que puntuar\u00e1 para los ranking internos de la Federaci\u00f3n espa\u00f1ola&nbsp; y el clasificatorio para [&hellip;]<\/p>\n","protected":false},"author":10,"featured_media":144166,"comment_status":"closed","ping_status":"closed","sticky":false,"template":"","format":"standard","meta":{"_monsterinsights_skip_tracking":false,"_monsterinsights_sitenote_active":false,"_monsterinsights_sitenote_note":"","_monsterinsights_sitenote_category":0,"footnotes":""},"categories":[53,15],"tags":[1553,54,55],"class_list":{"0":"post-144165","1":"post","2":"type-post","3":"status-publish","4":"format-standard","5":"has-post-thumbnail","7":"category-esgrima","8":"category-otros","9":"tag-actualidad-2","10":"tag-esgrima","11":"tag-saesbu"},"views":16,"_links":{"self":[{"href":"https:\/\/www.burgosdeporte.com\/index.php?rest_route=\/wp\/v2\/posts\/144165","targetHints":{"allow":["GET"]}}],"collection":[{"href":"https:\/\/www.burgosdeporte.com\/index.php?rest_route=\/wp\/v2\/posts"}],"about":[{"href":"https:\/\/www.burgosdeporte.com\/index.php?rest_route=\/wp\/v2\/types\/post"}],"author":[{"embeddable":true,"href":"https:\/\/www.burgosdeporte.com\/index.php?rest_route=\/wp\/v2\/users\/10"}],"replies":[{"embeddable":true,"href":"https:\/\/www.burgosdeporte.com\/index.php?rest_route=%2Fwp%2Fv2%2Fcomments&post=144165"}],"version-history":[{"count":1,"href":"https:\/\/www.burgosdeporte.com\/index.php?rest_route=\/wp\/v2\/posts\/144165\/revisions"}],"predecessor-version":[{"id":144167,"href":"https:\/\/www.burgosdeporte.com\/index.php?rest_route=\/wp\/v2\/posts\/144165\/revisions\/144167"}],"wp:featuredmedia":[{"embeddable":true,"href":"https:\/\/www.burgosdeporte.com\/index.php?rest_route=\/wp\/v2\/media\/144166"}],"wp:attachment":[{"href":"https:\/\/www.burgosdeporte.com\/index.php?rest_route=%2Fwp%2Fv2%2Fmedia&parent=144165"}],"wp:term":[{"taxonomy":"category","embeddable":true,"href":"https:\/\/www.burgosdeporte.com\/index.php?rest_route=%2Fwp%2Fv2%2Fcategories&post=144165"},{"taxonomy":"post_tag","embeddable":true,"href":"https:\/\/www.burgosdeporte.com\/index.php?rest_route=%2Fwp%2Fv2%2Ftags&post=144165"}],"curies":[{"name":"wp","href":"https:\/\/api.w.org\/{rel}","templated":true}]}}