{"id":143595,"date":"2025-09-05T12:25:18","date_gmt":"2025-09-05T10:25:18","guid":{"rendered":"https:\/\/www.burgosdeporte.com\/?p=143595"},"modified":"2025-09-06T19:14:36","modified_gmt":"2025-09-06T17:14:36","slug":"los-escaladores-del-burgos-burpellet-bh-a-por-cinco-clasicas-italianas","status":"publish","type":"post","link":"https:\/\/www.burgosdeporte.com\/?p=143595","title":{"rendered":"Los escaladores del Burgos Burpellet BH, a por cinco cl\u00e1sicas italianas"},"content":{"rendered":"\n<p><strong><em>El equipo morado doblar\u00e1 competici\u00f3n m\u00e1s all\u00e1 de La Vuelta, disputando cinco prestigiosas carreras de un d\u00eda entre el 7 y el 14 de septiembre<\/em><\/strong><\/p>\n\n\n\n<p class=\"has-text-align-right\">(<em>Fotograf\u00eda: Rafa G\u00f3mez \/ Sprint Cycling Agency<\/em>)<\/p>\n\n\n<div class=\"wp-block-image\">\n<figure class=\"aligncenter size-full\"><a href=\"https:\/\/www.tandemgyd.com\/\" target=\"_blank\" rel=\" noreferrer noopener\"><img loading=\"lazy\" decoding=\"async\" width=\"200\" height=\"183\" src=\"https:\/\/www.burgosdeporte.com\/wp-content\/uploads\/2023\/09\/Logo_Tandem.jpg\" alt=\"\" class=\"wp-image-107992\" srcset=\"https:\/\/www.burgosdeporte.com\/wp-content\/uploads\/2023\/09\/Logo_Tandem.jpg 200w, https:\/\/www.burgosdeporte.com\/wp-content\/uploads\/2023\/09\/Logo_Tandem-150x137.jpg 150w\" sizes=\"auto, (max-width: 200px) 100vw, 200px\" \/><\/a><\/figure>\n<\/div>\n\n\n<p>La Vuelta centra casi todos los esfuerzos del Burgos Burpellet BH durante estas semanas de septiembre, pero no ser\u00e1 la \u00fanica carrera para los morados antes del final del verano. Otro bloque de corredores se desplazar\u00e1 hasta Italia para participar en hasta cinco cl\u00e1sicas en apenas ocho d\u00edas. La acci\u00f3n comenzar\u00e1 este domingo 7 en el Gran Premio Industria &amp; Artigianato, que los morados disputan por primera vez en su historia. El mi\u00e9rcoles 10 y el jueves 11, el equipo burgal\u00e9s regresar\u00e1 al Giro della Toscana y a la Coppa Sabatini. El bloque de carreras se cerrar\u00e1 el s\u00e1bado 13 y el domingo 14 con el Memorial Marco Pantani y el Trofeo Matteotti, donde la escuadra castellana consigui\u00f3 la segunda posici\u00f3n en 2020. En la alineaci\u00f3n morada destaca el regreso de Jos\u00e9 Manuel D\u00edaz, ya recuperado de la fractura de clav\u00edcula sufrida en la Vuelta a Burgos.<\/p>\n\n\n\n<p>La primera de las cl\u00e1sicas ser\u00e1 el Gran Premio Industria &amp; Artigianato, que se disputar\u00e1 este domingo 7 de septiembre. Con salida y llegada en la localidad de Larciano, la prueba ampl\u00eda su recorrido hasta los 196 kil\u00f3metros, a\u00f1adiendo este a\u00f1o un tercer paso por San Baronto. En la parte inicial de la carrera se completar\u00e1n cuatro giros a un peque\u00f1o circuito llano de apenas 14 kil\u00f3metros. El segundo de los bucles incluir\u00e1 el ascenso a Fornello (3 km al 6%), complet\u00e1ndose en dos ocasiones. Finalmente, el tercer circuito se repetir\u00e1 hasta tres veces, incluyendo siempre la subida a San Baronto (8 km al 3,5%), que tiene un inicio con rampas de hasta el 15% de desnivel.<\/p>\n\n\n\n<p>El mi\u00e9rcoles 10 tendr\u00e1 lugar el Giro de la Toscana &#8211; Memorial Alfredo Martini, prueba casi centenaria que tiene como epicentro a la localidad de Pontedera. La carrera tendr\u00e1 198 kil\u00f3metros y mantiene un recorrido similar al de los \u00faltimos a\u00f1os, con el doble ascenso al Monte Serra como juez de la carrera. Tras un inicio relativamente llano, los corredores se enfrentar\u00e1n en dos ocasiones a este puerto de 8 kil\u00f3metros al 7% de desnivel medio, que se coronar\u00e1 por \u00faltima vez a 30 kil\u00f3metros de meta.<\/p>\n\n\n\n<p>Al d\u00eda siguiente, el jueves 11, se disputar\u00e1 el Gran Premio citt\u00e0 di Peccioli &#8211; Coppa Sabatini, sobre un recorrido de 201 kil\u00f3metros. La ciudad de Peccioli acoge el inicio y el final de una prueba que cuenta con varios circuitos. El principal de ellos, de 25 kil\u00f3metros de extensi\u00f3n, se completar\u00e1 en siete ocasiones, contando con los ascensos a Montefoscoli (800 m al 11%), Terricciola (4 km al 3%) y el Muro di Peccioli (900 m al 10%). En las tres vueltas posteriores, el trazado se reduce a solo 12 kil\u00f3metros, subiendo \u00fanicamente el Muro di Peccioli, donde se ubicar\u00e1 la l\u00ednea de meta.<\/p>\n\n\n\n<p>El s\u00e1bado 13 tendr\u00e1 lugar una nueva edici\u00f3n del Memorial Marco Pantani, en recuerdo al carism\u00e1tico ciclista italiano. La cl\u00e1sica comenzar\u00e1 y finalizar\u00e1 en Cesenatico, contando con un recorrido de 195 kil\u00f3metros. Los corredores afrontar\u00e1n primero un circuito de 24 kil\u00f3metros en los que se ascender\u00e1 hasta Sogliano al Rubicone. Le suceder\u00e1 otro bucle de 21 kil\u00f3metros con dos subidas: Longiano y Bivio Roncofreddo. Tras ello restar\u00e1 una \u00faltima hora de carrera completamente llana, en la que se incluye un peque\u00f1o circuito local de 5 kil\u00f3metros en torno a Cesenatico, que se realizar\u00e1 en cuatro ocasiones.<\/p>\n\n\n\n<p>La \u00faltimas de estas cinco cl\u00e1sicas italianas ser\u00e1 el Trofeo Matteotti, que se disputar\u00e1 el domingo 14, coincidiendo con la \u00faltima etapa de La Vuelta. Ser\u00e1 la tercera vez que los morados disputen esta cita en la que Diego Rubio se qued\u00f3 a las puertas de la victoria en 2020, acabando en segunda posici\u00f3n. La prueba tendr\u00e1 como epicentro a la ciudad de Pescara, en torno a la que se dar\u00e1n 13 vueltas al ya tradicional circuito de 15 kil\u00f3metros, para completar un total de 195 kil\u00f3metros. En cada giro se ascender\u00e1n tres peque\u00f1as cotas enlazadas: la Salita Tiberi (900 m al 5%), el Colle Scorrano (600 m al 6%) y Montesilvano Colle (700 m al 5%).<\/p>\n\n\n\n<p>El Burgos Burpellet BH acudir\u00e1 a estas cinco carreras italianas con un potente bloque de escaladores y velocistas, listos para brillar en todo tipo de terrenos. La principal nota positiva la marca el regreso de Jos\u00e9 Manuel D\u00edaz, un mes despu\u00e9s de fracturarse la clav\u00edcula en la Vuelta a Burgos. El jienense volver\u00e1 a la competici\u00f3n en unas cl\u00e1sicas monta\u00f1osas en las que tambi\u00e9n podr\u00edan brillar Ander Okamika, David Delgado, Josh Burnett y Merhawi Kudus. De cara a posibles llegadas al sprint, Antonio Angulo y Cl\u00e9ment Alleno ser\u00e1n los hombres r\u00e1pidos.<\/p>\n","protected":false},"excerpt":{"rendered":"<p>El equipo morado doblar\u00e1 competici\u00f3n m\u00e1s all\u00e1 de La Vuelta, disputando cinco prestigiosas carreras de un d\u00eda entre el 7 y el 14 de septiembre (Fotograf\u00eda: Rafa G\u00f3mez \/ Sprint Cycling Agency) La Vuelta centra casi todos los esfuerzos del Burgos Burpellet BH durante estas semanas de septiembre, pero no ser\u00e1 la \u00fanica carrera para [&hellip;]<\/p>\n","protected":false},"author":10,"featured_media":143596,"comment_status":"closed","ping_status":"closed","sticky":false,"template":"","format":"standard","meta":{"_monsterinsights_skip_tracking":false,"_monsterinsights_sitenote_active":false,"_monsterinsights_sitenote_note":"","_monsterinsights_sitenote_category":0,"footnotes":""},"categories":[63],"tags":[1553,11,64],"class_list":{"0":"post-143595","1":"post","2":"type-post","3":"status-publish","4":"format-standard","5":"has-post-thumbnail","7":"category-ciclismo","8":"tag-actualidad-2","9":"tag-burgosbh","10":"tag-ciclismo"},"views":24,"_links":{"self":[{"href":"https:\/\/www.burgosdeporte.com\/index.php?rest_route=\/wp\/v2\/posts\/143595","targetHints":{"allow":["GET"]}}],"collection":[{"href":"https:\/\/www.burgosdeporte.com\/index.php?rest_route=\/wp\/v2\/posts"}],"about":[{"href":"https:\/\/www.burgosdeporte.com\/index.php?rest_route=\/wp\/v2\/types\/post"}],"author":[{"embeddable":true,"href":"https:\/\/www.burgosdeporte.com\/index.php?rest_route=\/wp\/v2\/users\/10"}],"replies":[{"embeddable":true,"href":"https:\/\/www.burgosdeporte.com\/index.php?rest_route=%2Fwp%2Fv2%2Fcomments&post=143595"}],"version-history":[{"count":1,"href":"https:\/\/www.burgosdeporte.com\/index.php?rest_route=\/wp\/v2\/posts\/143595\/revisions"}],"predecessor-version":[{"id":143597,"href":"https:\/\/www.burgosdeporte.com\/index.php?rest_route=\/wp\/v2\/posts\/143595\/revisions\/143597"}],"wp:featuredmedia":[{"embeddable":true,"href":"https:\/\/www.burgosdeporte.com\/index.php?rest_route=\/wp\/v2\/media\/143596"}],"wp:attachment":[{"href":"https:\/\/www.burgosdeporte.com\/index.php?rest_route=%2Fwp%2Fv2%2Fmedia&parent=143595"}],"wp:term":[{"taxonomy":"category","embeddable":true,"href":"https:\/\/www.burgosdeporte.com\/index.php?rest_route=%2Fwp%2Fv2%2Fcategories&post=143595"},{"taxonomy":"post_tag","embeddable":true,"href":"https:\/\/www.burgosdeporte.com\/index.php?rest_route=%2Fwp%2Fv2%2Ftags&post=143595"}],"curies":[{"name":"wp","href":"https:\/\/api.w.org\/{rel}","templated":true}]}}