{"id":143544,"date":"2025-09-03T16:24:54","date_gmt":"2025-09-03T14:24:54","guid":{"rendered":"https:\/\/www.burgosdeporte.com\/?p=143544"},"modified":"2025-09-04T15:04:26","modified_gmt":"2025-09-04T13:04:26","slug":"el-cidiano-gaspar-latham-compite-en-los-campeonatos-sudamericanos","status":"publish","type":"post","link":"https:\/\/www.burgosdeporte.com\/?p=143544","title":{"rendered":"El cidiano Gaspar Latham compite en los campeonatos sudamericanos"},"content":{"rendered":"\n<p><strong><em>El tirador del Esgrima Cid Campeador participa del 5 al 12 de septiembre en Medell\u00edn (Colombia)<\/em><\/strong><\/p>\n\n\n<div class=\"wp-block-image\">\n<figure class=\"aligncenter size-full\"><a href=\"https:\/\/castillafloristeria.com\/\" target=\"_blank\" rel=\" noreferrer noopener\"><img loading=\"lazy\" decoding=\"async\" width=\"300\" height=\"90\" src=\"https:\/\/www.burgosdeporte.com\/wp-content\/uploads\/2023\/10\/floristeria_castilla.fw_.png\" alt=\"\" class=\"wp-image-108421\" srcset=\"https:\/\/www.burgosdeporte.com\/wp-content\/uploads\/2023\/10\/floristeria_castilla.fw_.png 300w, https:\/\/www.burgosdeporte.com\/wp-content\/uploads\/2023\/10\/floristeria_castilla.fw_-150x45.png 150w\" sizes=\"auto, (max-width: 300px) 100vw, 300px\" \/><\/a><\/figure>\n<\/div>\n\n\n<p>El cidiano Gaspar Latham da otro paso de gigante en su carrera deportiva tras haber sido convocado por Chile, su pa\u00eds natal, como miembro del equipo nacional para los campeonatos sudamericanos sub-23 y senior, que tendr\u00e1n lugar del 5 al 12 de septiembre en Medell\u00edn (Colombia). Esta ser\u00e1 una gran oportunidad para afianzarse en dichas categor\u00edas y hacerse fijo en la m\u00e1xima.<\/p>\n\n\n\n<p>Su debut comienza el viernes 5 de septiembre en la categor\u00eda sub-23. Si llegara a las semifinales, coincidir\u00eda con la gala de inauguraci\u00f3n del campeonato, el lunes 8 llegar\u00e1 la categor\u00eda senior y el martes 9 competir\u00e1 por equipos.<\/p>\n\n\n\n<p>Esta es su primera clasificaci\u00f3n para los campeonatos sudamericanos. Ya es un \u00e9xito su clasificaci\u00f3n en ambas categor\u00edas as\u00ed que todo lo que consiga ser\u00e1 una proeza. Este ha sido su \u00faltimo a\u00f1o de cadete (menor de 17 a\u00f1os) y ha cumplido todas las expectativas.<\/p>\n\n\n\n<p>Despu\u00e9s de su participaci\u00f3n en los juegos Panamericanos, donde culmin\u00f3 con un octavo puesto, ha continuado en Santiago de Chile su preparaci\u00f3n con sus compa\u00f1eros de equipo para estar listo para el gran evento que llega este pr\u00f3ximo fin de semana.<\/p>\n","protected":false},"excerpt":{"rendered":"<p>El tirador del Esgrima Cid Campeador participa del 5 al 12 de septiembre en Medell\u00edn (Colombia) El cidiano Gaspar Latham da otro paso de gigante en su carrera deportiva tras haber sido convocado por Chile, su pa\u00eds natal, como miembro del equipo nacional para los campeonatos sudamericanos sub-23 y senior, que tendr\u00e1n lugar del 5 [&hellip;]<\/p>\n","protected":false},"author":10,"featured_media":143545,"comment_status":"closed","ping_status":"closed","sticky":false,"template":"","format":"standard","meta":{"_monsterinsights_skip_tracking":false,"_monsterinsights_sitenote_active":false,"_monsterinsights_sitenote_note":"","_monsterinsights_sitenote_category":0,"footnotes":""},"categories":[53,15],"tags":[1553,54,87,2533],"class_list":{"0":"post-143544","1":"post","2":"type-post","3":"status-publish","4":"format-standard","5":"has-post-thumbnail","7":"category-esgrima","8":"category-otros","9":"tag-actualidad-2","10":"tag-esgrima","11":"tag-esgrimacid","12":"tag-gasparlatham"},"views":9,"_links":{"self":[{"href":"https:\/\/www.burgosdeporte.com\/index.php?rest_route=\/wp\/v2\/posts\/143544","targetHints":{"allow":["GET"]}}],"collection":[{"href":"https:\/\/www.burgosdeporte.com\/index.php?rest_route=\/wp\/v2\/posts"}],"about":[{"href":"https:\/\/www.burgosdeporte.com\/index.php?rest_route=\/wp\/v2\/types\/post"}],"author":[{"embeddable":true,"href":"https:\/\/www.burgosdeporte.com\/index.php?rest_route=\/wp\/v2\/users\/10"}],"replies":[{"embeddable":true,"href":"https:\/\/www.burgosdeporte.com\/index.php?rest_route=%2Fwp%2Fv2%2Fcomments&post=143544"}],"version-history":[{"count":1,"href":"https:\/\/www.burgosdeporte.com\/index.php?rest_route=\/wp\/v2\/posts\/143544\/revisions"}],"predecessor-version":[{"id":143546,"href":"https:\/\/www.burgosdeporte.com\/index.php?rest_route=\/wp\/v2\/posts\/143544\/revisions\/143546"}],"wp:featuredmedia":[{"embeddable":true,"href":"https:\/\/www.burgosdeporte.com\/index.php?rest_route=\/wp\/v2\/media\/143545"}],"wp:attachment":[{"href":"https:\/\/www.burgosdeporte.com\/index.php?rest_route=%2Fwp%2Fv2%2Fmedia&parent=143544"}],"wp:term":[{"taxonomy":"category","embeddable":true,"href":"https:\/\/www.burgosdeporte.com\/index.php?rest_route=%2Fwp%2Fv2%2Fcategories&post=143544"},{"taxonomy":"post_tag","embeddable":true,"href":"https:\/\/www.burgosdeporte.com\/index.php?rest_route=%2Fwp%2Fv2%2Ftags&post=143544"}],"curies":[{"name":"wp","href":"https:\/\/api.w.org\/{rel}","templated":true}]}}