{"id":143515,"date":"2025-09-02T19:07:16","date_gmt":"2025-09-02T17:07:16","guid":{"rendered":"https:\/\/www.burgosdeporte.com\/?p=143515"},"modified":"2025-09-03T16:29:28","modified_gmt":"2025-09-03T14:29:28","slug":"recoletas-burgos-caja-rural-abre-el-curso-con-el-memorial-j-a-hermosilla","status":"publish","type":"post","link":"https:\/\/www.burgosdeporte.com\/?p=143515","title":{"rendered":"Recoletas Burgos Caja Rural abre el curso con el Memorial Hermosilla"},"content":{"rendered":"\n<h2 class=\"wp-block-heading\"><strong>Tendr\u00e1 lugar el pr\u00f3ximo s\u00e1bado 6 de septiembre en Valladolid y servir\u00e1 como homenaje al exjugador del VRAC Jos\u00e9 \u00c1ngel Hermosilla.<\/strong><\/h2>\n\n\n<div class=\"wp-block-image\">\n<figure class=\"aligncenter size-full\"><img loading=\"lazy\" decoding=\"async\" width=\"300\" height=\"400\" src=\"https:\/\/www.burgosdeporte.com\/wp-content\/uploads\/2025\/06\/Nomina_CajaViva.jpg\" alt=\"\" class=\"wp-image-140655\" srcset=\"https:\/\/www.burgosdeporte.com\/wp-content\/uploads\/2025\/06\/Nomina_CajaViva.jpg 300w, https:\/\/www.burgosdeporte.com\/wp-content\/uploads\/2025\/06\/Nomina_CajaViva-225x300.jpg 225w, https:\/\/www.burgosdeporte.com\/wp-content\/uploads\/2025\/06\/Nomina_CajaViva-150x200.jpg 150w\" sizes=\"auto, (max-width: 300px) 100vw, 300px\" \/><\/figure>\n<\/div>\n\n\n<p>El Memorial Hermosilla servir\u00e1 para estrenar el curso a modo de duelo amistoso entre el Campe\u00f3n de Copa del Rey 2024\u201025, el Vrac Quesos Entrepinares y el Recoletas Burgos Caja Rural. <\/p>\n\n\n\n<p>Este Memorial es ya un cl\u00e1sico que pretende ofrecer un merecido homenaje al legendario Jos\u00e9 \u00c1ngel Hermosilla, exjugador del VRAC. El encuentro tendr\u00e1 lugar el s\u00e1bado 6 de septiembre a partir de las 12.00 h., en el campo de rugby del Pepe Rojo de Valladolid.<\/p>\n\n\n\n<figure class=\"wp-block-image size-full\"><img loading=\"lazy\" decoding=\"async\" width=\"1000\" height=\"647\" src=\"https:\/\/www.burgosdeporte.com\/wp-content\/uploads\/2025\/09\/encuentro-entre-vrac-y-recoletas.jpg\" alt=\"\" class=\"wp-image-143516\" srcset=\"https:\/\/www.burgosdeporte.com\/wp-content\/uploads\/2025\/09\/encuentro-entre-vrac-y-recoletas.jpg 1000w, https:\/\/www.burgosdeporte.com\/wp-content\/uploads\/2025\/09\/encuentro-entre-vrac-y-recoletas-300x194.jpg 300w, https:\/\/www.burgosdeporte.com\/wp-content\/uploads\/2025\/09\/encuentro-entre-vrac-y-recoletas-768x497.jpg 768w, https:\/\/www.burgosdeporte.com\/wp-content\/uploads\/2025\/09\/encuentro-entre-vrac-y-recoletas-150x97.jpg 150w, https:\/\/www.burgosdeporte.com\/wp-content\/uploads\/2025\/09\/encuentro-entre-vrac-y-recoletas-696x450.jpg 696w\" sizes=\"auto, (max-width: 1000px) 100vw, 1000px\" \/><figcaption class=\"wp-element-caption\">Un momento del \u00faltimo partido jugado entre VRAC y  Recoletas Burgos Caja Rural en Valladolid.- <\/figcaption><\/figure>\n\n\n\n<p>El entrenador del conjunto burgal\u00e9s, Jos\u00e9 Bssso, destaca que:  <em>\u201cEl objetivo es poner en pr\u00e1ctica el sistema en ataque y con novedades que queremos introducir en nuestro juego.<br>Se augura una temporada muy exigente y complicada ante una plantilla que si bien se mantiene pr\u00e1cticamente en su totalidad, esperamos que los nuevos fichajes aporten la experiencia y el nivel competitivo deseado\u201d.  <\/em><\/p>\n\n\n\n<p>As\u00ed las cosas, el resultado de este encuentro pasa a segundo plano, sobre todo cuando el rugby de la Comunidad de Castilla y Le\u00f3n se une para mantener su esp\u00edritu de solidaridad y camarader\u00eda. <\/p>\n\n\n\n<p><\/p>\n\n\n\n<p><\/p>\n","protected":false},"excerpt":{"rendered":"<p>Tendr\u00e1 lugar el pr\u00f3ximo s\u00e1bado 6 de septiembre en Valladolid y servir\u00e1 como homenaje al exjugador del VRAC Jos\u00e9 \u00c1ngel Hermosilla. El Memorial Hermosilla servir\u00e1 para estrenar el curso a modo de duelo amistoso entre el Campe\u00f3n de Copa del Rey 2024\u201025, el Vrac Quesos Entrepinares y el Recoletas Burgos Caja Rural. Este Memorial es [&hellip;]<\/p>\n","protected":false},"author":10,"featured_media":143520,"comment_status":"closed","ping_status":"closed","sticky":false,"template":"","format":"standard","meta":{"_monsterinsights_skip_tracking":false,"_monsterinsights_sitenote_active":false,"_monsterinsights_sitenote_note":"","_monsterinsights_sitenote_category":0,"footnotes":""},"categories":[93],"tags":[1553,780,94,1830],"class_list":{"0":"post-143515","1":"post","2":"type-post","3":"status-publish","4":"format-standard","5":"has-post-thumbnail","7":"category-rugby","8":"tag-actualidad-2","9":"tag-recoletasburgoscajarural","10":"tag-rugby","11":"tag-vracquesosentrepinares"},"views":59,"_links":{"self":[{"href":"https:\/\/www.burgosdeporte.com\/index.php?rest_route=\/wp\/v2\/posts\/143515","targetHints":{"allow":["GET"]}}],"collection":[{"href":"https:\/\/www.burgosdeporte.com\/index.php?rest_route=\/wp\/v2\/posts"}],"about":[{"href":"https:\/\/www.burgosdeporte.com\/index.php?rest_route=\/wp\/v2\/types\/post"}],"author":[{"embeddable":true,"href":"https:\/\/www.burgosdeporte.com\/index.php?rest_route=\/wp\/v2\/users\/10"}],"replies":[{"embeddable":true,"href":"https:\/\/www.burgosdeporte.com\/index.php?rest_route=%2Fwp%2Fv2%2Fcomments&post=143515"}],"version-history":[{"count":2,"href":"https:\/\/www.burgosdeporte.com\/index.php?rest_route=\/wp\/v2\/posts\/143515\/revisions"}],"predecessor-version":[{"id":143521,"href":"https:\/\/www.burgosdeporte.com\/index.php?rest_route=\/wp\/v2\/posts\/143515\/revisions\/143521"}],"wp:featuredmedia":[{"embeddable":true,"href":"https:\/\/www.burgosdeporte.com\/index.php?rest_route=\/wp\/v2\/media\/143520"}],"wp:attachment":[{"href":"https:\/\/www.burgosdeporte.com\/index.php?rest_route=%2Fwp%2Fv2%2Fmedia&parent=143515"}],"wp:term":[{"taxonomy":"category","embeddable":true,"href":"https:\/\/www.burgosdeporte.com\/index.php?rest_route=%2Fwp%2Fv2%2Fcategories&post=143515"},{"taxonomy":"post_tag","embeddable":true,"href":"https:\/\/www.burgosdeporte.com\/index.php?rest_route=%2Fwp%2Fv2%2Ftags&post=143515"}],"curies":[{"name":"wp","href":"https:\/\/api.w.org\/{rel}","templated":true}]}}