{"id":143504,"date":"2025-09-02T14:33:34","date_gmt":"2025-09-02T12:33:34","guid":{"rendered":"https:\/\/www.burgosdeporte.com\/?p=143504"},"modified":"2025-09-04T12:31:08","modified_gmt":"2025-09-04T10:31:08","slug":"la-ii-backyard-haciendo-sed-concluye-despues-de-34-horas","status":"publish","type":"post","link":"https:\/\/www.burgosdeporte.com\/?p=143504","title":{"rendered":"La II Backyard Haciendo Sed concluye despu\u00e9s de 34 horas"},"content":{"rendered":"\n<p><strong><em>El ambiente l\u00fadico y deportivo protagoniz\u00f3 el fin de semana, durante el que tambi\u00e9n tuvo lugar el IV Trail Run HSB y la marcha solidaria<\/em><\/strong><\/p>\n\n\n\n<p class=\"has-text-align-right\">(<em>Fotograf\u00eda: Alba Delgado<\/em>)<\/p>\n\n\n<div class=\"wp-block-image\">\n<figure class=\"aligncenter size-full is-resized\"><a href=\"https:\/\/felixrubio.es\/\" target=\"_blank\" rel=\" noreferrer noopener\"><img loading=\"lazy\" decoding=\"async\" width=\"300\" height=\"90\" src=\"https:\/\/www.burgosdeporte.com\/wp-content\/uploads\/2023\/10\/Felix_rubio.fw_.png\" alt=\"\" class=\"wp-image-108428\" style=\"width:300px;height:auto\" srcset=\"https:\/\/www.burgosdeporte.com\/wp-content\/uploads\/2023\/10\/Felix_rubio.fw_.png 300w, https:\/\/www.burgosdeporte.com\/wp-content\/uploads\/2023\/10\/Felix_rubio.fw_-150x45.png 150w\" sizes=\"auto, (max-width: 300px) 100vw, 300px\" \/><\/a><\/figure>\n<\/div>\n\n\n<p>La Asociaci\u00f3n Deportiva Haciendo Sed ha conseguido congregar una vez m\u00e1s la atenci\u00f3n del deporte burgal\u00e9s este fin de semana en la localidad de Sedano, con la segunda edici\u00f3n de su prueba de resistencia, la Backyard, que arranc\u00f3 el s\u00e1bado a las 9:00h y finaliz\u00f3 el domingo a las 19:00h, tras m\u00e1s de treinta y cuatro horas de carrera.<\/p>\n\n\n\n<p>C\u00e9sar Dom\u00ednguez se proclam\u00f3 \u201cfinisher\u201d en la II Backyard Haciendo Sed, despu\u00e9s de completar treinta y cuatro vueltas (34 horas) al circuito, sumando un total de 228 km con 14000 metros de desnivel acumulado y superando la cifra conseguida en la primera edici\u00f3n, que fueron veintiocho vueltas. Por otro lado, cabe destacar la gran carrera de Sergio Vara (vencedor del a\u00f1o pasado) que ha finalizado como \u201casistente\u201d despu\u00e9s de completar treinta y tres vueltas.<\/p>\n\n\n\n<p>En la categor\u00eda femenina, Margarita Mateu, del Club Trail Tarraco, se ha proclamado vencedora despu\u00e9s de completar veintitr\u00e9s vueltas, por delante de Silvia Andueza, la gran sorpresa del evento, que complet\u00f3 diecis\u00e9is.<\/p>\n\n\n\n<p>El buen tiempo acompa\u00f1\u00f3 durante toda la ma\u00f1ana del s\u00e1bado, donde corredores y participantes de la marcha disfrutaron del exigente recorrido del circuito. A media tarde, ya avanzada la prueba, y con una temperatura elevada (en torno a los 28 grados), fue el punto de inflexi\u00f3n para muchos corredores que vieron mermadas sus fuerzas para continuar en la carrera y hacer frente a la exigencia del circuito.<\/p>\n\n\n\n<p>Ya por la noche, a partir de la decimotercera vuelta, \u201csolamente\u201d quedaban veinticuatro corredores. Entre ellos, hay que destacar el coraje de Silvia Andueza y Virginia L\u00f3pez, que completaron diecis\u00e9is y catorce vueltas, respectivamente, en su primera participaci\u00f3n en una prueba de este tipo.<\/p>\n\n\n\n<p>A las 8 de la ma\u00f1ana del domingo (despu\u00e9s de casi un d\u00eda corriendo), completaban su participaci\u00f3n Javier Lozano y Margarita Mateu, ganadora en categor\u00eda femenina tras 154 km.<\/p>\n\n\n\n<p>Y a partir de ese momento, Ricardo Garc\u00eda, C\u00e9sar Dom\u00ednguez y Sergio Vara comenzaron una lucha en solitario desde la vuelta veinticuatro para hacerse con la victoria, con una emocionante disputa en cada una de las vueltas sucesivas hasta que en la vuelta treinta y cuatro, C\u00e9sar Dom\u00ednguez se proclam\u00f3 vencedor de la II Backyard Haciendo Sed Burgos.<\/p>\n\n\n\n<p>La marcha solidaria y trail. Paralelamente a la segunda edici\u00f3n de la Backyard Haciendo Sed, tuvo lugar la marcha solidaria, a las 11 horas. Cerca de doscientos cincuenta participantes recorrieron 6,7 kil\u00f3metros, a favor de ATAB, la Asociaci\u00f3n de Trastornos Alimentarios de Burgos.<\/p>\n\n\n\n<p>El domingo, se sum\u00f3 al evento la cuarta edici\u00f3n del Trial Run Haciendo Sed, en el que participaron m\u00e1s de cuatrocientas personas a favor de la Asociaci\u00f3n Saltando Charcos. Durante las primeras horas del domingo, ambas pruebas compartieron protagonismo y aplausos del p\u00fablico.<\/p>\n\n\n\n<p><strong>Jornada de fiesta<\/strong>. Junto a las pruebas deportivas, la Asociaci\u00f3n Haciendo Sed, junto al Ayuntamiento de Sedano y la Asociaci\u00f3n Pajariteros de Sedano, dise\u00f1aron un ambicioso programa, en el que no faltaron los conciertos ni las comidas populares.<\/p>\n\n\n\n<p>Durante todo el fin de semana hubo actividades para todos los p\u00fablicos, incluyendo food truck, rifa, visitas a la localidad, hinchables, bingo\u2026, que fueron un \u00e9xito de p\u00fablico, reuniendo a cientos de personas, y de ambiente, ya que se respiraba fiesta, deporte y solidaridad.<\/p>\n\n\n\n<p>La Asociaci\u00f3n Haciendo Sed Burgos destac\u00f3 el buen ambiente y la participaci\u00f3n en el evento, agradeciendo el apoyo de los voluntarios, los colaboradores, el Ayuntamiento de Sedano, y se mostr\u00f3 satisfecho con la recaudaci\u00f3n obtenida para la asociaci\u00f3n ATAB a trav\u00e9s de todas las iniciativas, que, calculan, est\u00e1 cerca de los 3.950 euros.<\/p>\n\n\n\n<p>La clasificaci\u00f3n de las diferentes vueltas est\u00e1 publicada en este enlace junto con la galer\u00eda de fotos, que podr\u00e1 consultarse en los pr\u00f3ximos d\u00edas en la web de la prueba.<\/p>\n\n\n\n<p><strong><a href=\"https:\/\/rs-sport.es\/live\/g-live.html?f=..\/CLASIF25\/BACKYARDHSB2025\/BACKYARDHSB2025.clax\" target=\"_blank\" rel=\"noopener\">CLASIFICACION<\/a><\/strong><\/p>\n\n\n\n<p><\/p>\n","protected":false},"excerpt":{"rendered":"<p>El ambiente l\u00fadico y deportivo protagoniz\u00f3 el fin de semana, durante el que tambi\u00e9n tuvo lugar el IV Trail Run HSB y la marcha solidaria (Fotograf\u00eda: Alba Delgado) La Asociaci\u00f3n Deportiva Haciendo Sed ha conseguido congregar una vez m\u00e1s la atenci\u00f3n del deporte burgal\u00e9s este fin de semana en la localidad de Sedano, con la [&hellip;]<\/p>\n","protected":false},"author":10,"featured_media":143505,"comment_status":"closed","ping_status":"closed","sticky":false,"template":"","format":"standard","meta":{"_monsterinsights_skip_tracking":false,"_monsterinsights_sitenote_active":false,"_monsterinsights_sitenote_note":"","_monsterinsights_sitenote_category":0,"footnotes":""},"categories":[24,15],"tags":[1553,46,2299],"class_list":{"0":"post-143504","1":"post","2":"type-post","3":"status-publish","4":"format-standard","5":"has-post-thumbnail","7":"category-atletismo","8":"category-otros","9":"tag-actualidad-2","10":"tag-atletismo","11":"tag-haciendosedburgos"},"views":137,"_links":{"self":[{"href":"https:\/\/www.burgosdeporte.com\/index.php?rest_route=\/wp\/v2\/posts\/143504","targetHints":{"allow":["GET"]}}],"collection":[{"href":"https:\/\/www.burgosdeporte.com\/index.php?rest_route=\/wp\/v2\/posts"}],"about":[{"href":"https:\/\/www.burgosdeporte.com\/index.php?rest_route=\/wp\/v2\/types\/post"}],"author":[{"embeddable":true,"href":"https:\/\/www.burgosdeporte.com\/index.php?rest_route=\/wp\/v2\/users\/10"}],"replies":[{"embeddable":true,"href":"https:\/\/www.burgosdeporte.com\/index.php?rest_route=%2Fwp%2Fv2%2Fcomments&post=143504"}],"version-history":[{"count":2,"href":"https:\/\/www.burgosdeporte.com\/index.php?rest_route=\/wp\/v2\/posts\/143504\/revisions"}],"predecessor-version":[{"id":143554,"href":"https:\/\/www.burgosdeporte.com\/index.php?rest_route=\/wp\/v2\/posts\/143504\/revisions\/143554"}],"wp:featuredmedia":[{"embeddable":true,"href":"https:\/\/www.burgosdeporte.com\/index.php?rest_route=\/wp\/v2\/media\/143505"}],"wp:attachment":[{"href":"https:\/\/www.burgosdeporte.com\/index.php?rest_route=%2Fwp%2Fv2%2Fmedia&parent=143504"}],"wp:term":[{"taxonomy":"category","embeddable":true,"href":"https:\/\/www.burgosdeporte.com\/index.php?rest_route=%2Fwp%2Fv2%2Fcategories&post=143504"},{"taxonomy":"post_tag","embeddable":true,"href":"https:\/\/www.burgosdeporte.com\/index.php?rest_route=%2Fwp%2Fv2%2Ftags&post=143504"}],"curies":[{"name":"wp","href":"https:\/\/api.w.org\/{rel}","templated":true}]}}