{"id":143457,"date":"2025-09-01T00:48:40","date_gmt":"2025-08-31T22:48:40","guid":{"rendered":"https:\/\/www.burgosdeporte.com\/?p=143457"},"modified":"2025-09-01T19:30:28","modified_gmt":"2025-09-01T17:30:28","slug":"ramis-hemos-salido-dormidos","status":"publish","type":"post","link":"https:\/\/www.burgosdeporte.com\/?p=143457","title":{"rendered":"Ramis: \u00abHemos salido dormidos\u00bb"},"content":{"rendered":"\n<h2 class=\"wp-block-heading\">El entrenador del Burgos CF valora la derrota de su equipo en Andorra. <\/h2>\n\n\n<div class=\"wp-block-image\">\n<figure class=\"aligncenter size-full\"><img loading=\"lazy\" decoding=\"async\" width=\"300\" height=\"226\" src=\"https:\/\/www.burgosdeporte.com\/wp-content\/uploads\/2023\/09\/FCastilla_2019.gif\" alt=\"\" class=\"wp-image-107980\"\/><\/figure>\n<\/div>\n\n\n<p>Luis Miguel Ramis, t\u00e9cnico del Burgos CF valor\u00f3 tras la el partido la que fue la primera derrota de su equipo esta temporada. Estas fueron sus principales frases:  <\/p>\n\n\n\n<p><strong>MAL COMIENZO DE PARTIDO<\/strong><\/p>\n\n\n\n<p><em>\u00a0\u201cLa respuesta es muy sencilla, hemos llegado tarde pr\u00e1cticamente 45 minutos, una primera parte muy floja, con muy poca intensidad, muy poca actividad competitiva. A\u00fan con eso, que no lo merec\u00edamos, hemos tenido dos situaciones para hacer gol.\u00a0Cuando llegas tarde, te castigan.<\/em>\u00ab<\/p>\n\n\n\n<p><strong> LA SEGUNDA PARTE, MEJOR<\/strong><\/p>\n\n\n\n<p><em>\u00abEn la segunda parte hemos entrado mejor, hemos empezado con una ocasi\u00f3n clar\u00edsima de gol y pod\u00edamos haber empatado el partido. Han cambiado las sensaciones, hemos sido m\u00e1s agresivos en la presi\u00f3n. Con bal\u00f3n hemos estado un poco mejor que en primera parte, pero tampoco me ha gustado nada, no hemos tenido fluidez, no hemos dado continuidad al juego. Algo irreconocible y que tenemos que trabajar\u201d.<\/em><\/p>\n\n\n\n<p><strong>CLAVE DE LA DERROTA<\/strong><\/p>\n\n\n\n<p>\u00ab<em>No hemos entrado activados al partido. O llegas bien a la presi\u00f3n o llegas tarde a todas, adem\u00e1s no hemos salido agresivos, recuper\u00e1bamos y perd\u00edamos el bal\u00f3n.\u00a0Ha ocurrido porque el Andorra iba a una velocidad distinta a la nuestra.\u00a0En la segunda parte se ha equilibrado y, aun estando imprecisos, hemos sido m\u00e1s nosotros. Hemos llegado m\u00e1s, hemos presionado m\u00e1s al rival y hemos tenido ocasiones. En la segunda parte nos hemos parecido algo m\u00e1s a lo que somos nosotros\u201d.<\/em><\/p>\n\n\n\n<p><strong>APRENDER LA LECCI\u00d3N<\/strong><\/p>\n\n\n\n<p><em>\u00a0\u201cEl problema no ha sido de ir a presionar al rival, el problema es decidir bien la altura a la que realiz\u00e1bamos la presi\u00f3n y sobre todo no dejar pensar al rival.\u00a0Hemos salido dormidos, apagados, espesos, ellos juegan r\u00e1pido y le dan ritmo al bal\u00f3n, te da la sensaci\u00f3n de que no llegas a nada porque llegas tarde.\u00a0No nos han provocado un peligro excesivo, nosotros tambi\u00e9n hemos llegado a su \u00e1rea. Cada vez que ten\u00edamos paciencia y lleg\u00e1bamos al \u00e1rea rival, ten\u00edamos ocasiones. Cuando eso no lo provocas, juegas muy lejos de la porter\u00eda y el rival gana confianza y te va ganando metros\u201d.<\/em><\/p>\n\n\n\n<p><strong>ENFADO AL DESCANSO<\/strong><\/p>\n\n\n\n<p><em>\u00a0\u201cEn el descanso est\u00e1bamos todos enfadados porque\u00a0no \u00e9ramos reconocibles. Somos mucho mejores con bal\u00f3n de lo que hemos demostrado y con mucha m\u00e1s personalidad. Las velocidades que hemos tenido en el campo no son las nuestras. Estamos en la jornada tres y estos golpes nos tienen que hacer ver la realidad y esa realidad es que en Segunda Divisi\u00f3n cuando te duermes un minuto, el rival te penaliza\u201d.<\/em><\/p>\n","protected":false},"excerpt":{"rendered":"<p>El entrenador del Burgos CF valora la derrota de su equipo en Andorra. Luis Miguel Ramis, t\u00e9cnico del Burgos CF valor\u00f3 tras la el partido la que fue la primera derrota de su equipo esta temporada. Estas fueron sus principales frases: MAL COMIENZO DE PARTIDO \u00a0\u201cLa respuesta es muy sencilla, hemos llegado tarde pr\u00e1cticamente 45 [&hellip;]<\/p>\n","protected":false},"author":10,"featured_media":143440,"comment_status":"closed","ping_status":"closed","sticky":false,"template":"","format":"standard","meta":{"_monsterinsights_skip_tracking":false,"_monsterinsights_sitenote_active":false,"_monsterinsights_sitenote_note":"","_monsterinsights_sitenote_category":0,"footnotes":""},"categories":[4],"tags":[1553,29,2217],"class_list":{"0":"post-143457","1":"post","2":"type-post","3":"status-publish","4":"format-standard","5":"has-post-thumbnail","7":"category-futbol","8":"tag-actualidad-2","9":"tag-burgoscf","10":"tag-luismiguelramis"},"views":36,"_links":{"self":[{"href":"https:\/\/www.burgosdeporte.com\/index.php?rest_route=\/wp\/v2\/posts\/143457","targetHints":{"allow":["GET"]}}],"collection":[{"href":"https:\/\/www.burgosdeporte.com\/index.php?rest_route=\/wp\/v2\/posts"}],"about":[{"href":"https:\/\/www.burgosdeporte.com\/index.php?rest_route=\/wp\/v2\/types\/post"}],"author":[{"embeddable":true,"href":"https:\/\/www.burgosdeporte.com\/index.php?rest_route=\/wp\/v2\/users\/10"}],"replies":[{"embeddable":true,"href":"https:\/\/www.burgosdeporte.com\/index.php?rest_route=%2Fwp%2Fv2%2Fcomments&post=143457"}],"version-history":[{"count":2,"href":"https:\/\/www.burgosdeporte.com\/index.php?rest_route=\/wp\/v2\/posts\/143457\/revisions"}],"predecessor-version":[{"id":143493,"href":"https:\/\/www.burgosdeporte.com\/index.php?rest_route=\/wp\/v2\/posts\/143457\/revisions\/143493"}],"wp:featuredmedia":[{"embeddable":true,"href":"https:\/\/www.burgosdeporte.com\/index.php?rest_route=\/wp\/v2\/media\/143440"}],"wp:attachment":[{"href":"https:\/\/www.burgosdeporte.com\/index.php?rest_route=%2Fwp%2Fv2%2Fmedia&parent=143457"}],"wp:term":[{"taxonomy":"category","embeddable":true,"href":"https:\/\/www.burgosdeporte.com\/index.php?rest_route=%2Fwp%2Fv2%2Fcategories&post=143457"},{"taxonomy":"post_tag","embeddable":true,"href":"https:\/\/www.burgosdeporte.com\/index.php?rest_route=%2Fwp%2Fv2%2Ftags&post=143457"}],"curies":[{"name":"wp","href":"https:\/\/api.w.org\/{rel}","templated":true}]}}