{"id":143325,"date":"2025-08-26T13:39:57","date_gmt":"2025-08-26T11:39:57","guid":{"rendered":"https:\/\/www.burgosdeporte.com\/?p=143325"},"modified":"2025-08-26T19:53:47","modified_gmt":"2025-08-26T17:53:47","slug":"0-4-la-arandina-cae-ante-el-uds-salamanca-en-su-estreno-de-pretemporada","status":"publish","type":"post","link":"https:\/\/www.burgosdeporte.com\/?p=143325","title":{"rendered":"0-4 La Arandina cae ante el UDS Salamanca en su estreno de pretemporada"},"content":{"rendered":"\n<h2 class=\"wp-block-heading\">El nuevo proyecto blanquiazul inicia de menos a m\u00e1s ante los charros que resuelven con tantos de Abraham, Aimar y doblete de Tomi.<\/h2>\n\n\n<div class=\"wp-block-image\">\n<figure class=\"aligncenter size-full\"><img loading=\"lazy\" decoding=\"async\" width=\"300\" height=\"400\" src=\"https:\/\/www.burgosdeporte.com\/wp-content\/uploads\/2025\/06\/Nomina_CajaViva.jpg\" alt=\"\" class=\"wp-image-140655\" srcset=\"https:\/\/www.burgosdeporte.com\/wp-content\/uploads\/2025\/06\/Nomina_CajaViva.jpg 300w, https:\/\/www.burgosdeporte.com\/wp-content\/uploads\/2025\/06\/Nomina_CajaViva-225x300.jpg 225w, https:\/\/www.burgosdeporte.com\/wp-content\/uploads\/2025\/06\/Nomina_CajaViva-150x200.jpg 150w\" sizes=\"auto, (max-width: 300px) 100vw, 300px\" \/><\/figure>\n<\/div>\n\n\n<p>La\u00a0Arandina\u00a0arranca la pretemporada con una derrota ante el\u00a0UDS Salamanca\u00a0de 2\u2032 Federaci\u00f3n. Un tanto de\u00a0Abraham, a los 13 minutos, y otro de\u00a0Aimar\u00a0y dos m\u00e1s de\u00a0Tomi, en la reanudaci\u00f3n, decantan el duelo del lado charro.<\/p>\n\n\n\n<p>La primera parte se resolver\u00eda en favor de la escuadra charra. La puesta de largo de los blanquiazules apenas dej\u00f3 ver m\u00e1s que las\u00a0nuevas caras\u00a0en los primeros cuarenta y cinco minutos.\u00a0Domin\u00f3 la escuadra charra.<\/p>\n\n\n\n<p>Pablo Gil inici\u00f3 con: Sergio; Benja, Nicolo, Albert, Niang, Santino, Sandro, Mamadou, Julio, Israel y Guille. Pocas conclusiones con\u00a0cerca dos centenares de espectadores\u00a0en las gradas.<\/p>\n\n\n\n<p>En la reanudaci\u00f3n, mejor imagen inicial de los de Pablo Gil dando un paso adelante y logrando m\u00e1s transiciones en ataque. A pesar de ello, llegar\u00eda el tanto de\u00a0Aimar\u00a0que servir\u00eda para cerrar el partido por\u00a00-2. Ya en el tramo final y con una Arandina desfondada llegar\u00eda el doblete de\u00a0Tomi\u00a0para cerrar el choque con el\u00a00-4\u00a0definitivo.<\/p>\n\n\n\n<p>Primera prueba superada antes de medirse el pr\u00f3ximo mi\u00e9rcoles en\u00a0Langa\u00a0a la escuadra soriana.<\/p>\n","protected":false},"excerpt":{"rendered":"<p>El nuevo proyecto blanquiazul inicia de menos a m\u00e1s ante los charros que resuelven con tantos de Abraham, Aimar y doblete de Tomi. La\u00a0Arandina\u00a0arranca la pretemporada con una derrota ante el\u00a0UDS Salamanca\u00a0de 2\u2032 Federaci\u00f3n. Un tanto de\u00a0Abraham, a los 13 minutos, y otro de\u00a0Aimar\u00a0y dos m\u00e1s de\u00a0Tomi, en la reanudaci\u00f3n, decantan el duelo del lado [&hellip;]<\/p>\n","protected":false},"author":24,"featured_media":143326,"comment_status":"closed","ping_status":"closed","sticky":false,"template":"","format":"standard","meta":{"_monsterinsights_skip_tracking":false,"_monsterinsights_sitenote_active":false,"_monsterinsights_sitenote_note":"","_monsterinsights_sitenote_category":0,"footnotes":""},"categories":[4],"tags":[1553,288,1826],"class_list":{"0":"post-143325","1":"post","2":"type-post","3":"status-publish","4":"format-standard","5":"has-post-thumbnail","7":"category-futbol","8":"tag-actualidad-2","9":"tag-arandinacf","10":"tag-duerodeporte"},"views":40,"_links":{"self":[{"href":"https:\/\/www.burgosdeporte.com\/index.php?rest_route=\/wp\/v2\/posts\/143325","targetHints":{"allow":["GET"]}}],"collection":[{"href":"https:\/\/www.burgosdeporte.com\/index.php?rest_route=\/wp\/v2\/posts"}],"about":[{"href":"https:\/\/www.burgosdeporte.com\/index.php?rest_route=\/wp\/v2\/types\/post"}],"author":[{"embeddable":true,"href":"https:\/\/www.burgosdeporte.com\/index.php?rest_route=\/wp\/v2\/users\/24"}],"replies":[{"embeddable":true,"href":"https:\/\/www.burgosdeporte.com\/index.php?rest_route=%2Fwp%2Fv2%2Fcomments&post=143325"}],"version-history":[{"count":1,"href":"https:\/\/www.burgosdeporte.com\/index.php?rest_route=\/wp\/v2\/posts\/143325\/revisions"}],"predecessor-version":[{"id":143327,"href":"https:\/\/www.burgosdeporte.com\/index.php?rest_route=\/wp\/v2\/posts\/143325\/revisions\/143327"}],"wp:featuredmedia":[{"embeddable":true,"href":"https:\/\/www.burgosdeporte.com\/index.php?rest_route=\/wp\/v2\/media\/143326"}],"wp:attachment":[{"href":"https:\/\/www.burgosdeporte.com\/index.php?rest_route=%2Fwp%2Fv2%2Fmedia&parent=143325"}],"wp:term":[{"taxonomy":"category","embeddable":true,"href":"https:\/\/www.burgosdeporte.com\/index.php?rest_route=%2Fwp%2Fv2%2Fcategories&post=143325"},{"taxonomy":"post_tag","embeddable":true,"href":"https:\/\/www.burgosdeporte.com\/index.php?rest_route=%2Fwp%2Fv2%2Ftags&post=143325"}],"curies":[{"name":"wp","href":"https:\/\/api.w.org\/{rel}","templated":true}]}}