{"id":143081,"date":"2025-08-19T14:31:33","date_gmt":"2025-08-19T12:31:33","guid":{"rendered":"https:\/\/www.burgosdeporte.com\/?p=143081"},"modified":"2025-08-20T12:49:02","modified_gmt":"2025-08-20T10:49:02","slug":"se-pone-en-marcha-el-nuevo-proyecto-de-la-arandina-2025-26","status":"publish","type":"post","link":"https:\/\/www.burgosdeporte.com\/?p=143081","title":{"rendered":"Se pone en marcha el nuevo proyecto de la Arandina 2025-26"},"content":{"rendered":"\n<h2 class=\"wp-block-heading\">El conjunto blanquiazul ha iniciado los entrenamientos con cerca de veinte jugadores. El club ya ha presentado oficialmente a seis de ellos. El primer partido de la pretemporada, este domingo ante la UDS Salamanca en el Juan Carlos Higuero.<\/h2>\n\n\n<div class=\"wp-block-image\">\n<figure class=\"aligncenter size-full\"><img loading=\"lazy\" decoding=\"async\" width=\"300\" height=\"250\" src=\"https:\/\/www.burgosdeporte.com\/wp-content\/uploads\/2025\/08\/Banner_QQ_300x250_AGOSTO25.gif\" alt=\"\" class=\"wp-image-142772\"\/><\/figure>\n<\/div>\n\n\n<p>La&nbsp;Arandina<a href=\"https:\/\/www.instagram.com\/arandinacf\/?hl=es\" target=\"_blank\" rel=\"noopener\">&nbsp;<\/a>de la temporada 25-26 ha comenzado los entrenamientos de&nbsp;pretemporada. El proyecto que estar\u00e1 supervisado por Racing City Group&nbsp;&nbsp;y que contar\u00e1 con&nbsp;Pablo Gil&nbsp;como entrenador se ha puesto en marcha con&nbsp;cerca de una veintena de jugadores&nbsp;en la primera sesi\u00f3n de trabajo llevada a cabo en el Juan Carlos Higuero.<\/p>\n\n\n\n<p>Una presentaci\u00f3n que ha contado con la presencia del presidente del club,&nbsp;Demetrio Rodr\u00edguez, y algunos de los responsables de Racing City, entre ellos el propietario&nbsp;Morris Pagniello.<\/p>\n\n\n\n<p>Hasta la fecha el club ha anunciado oficialmente a cuatro integrantes del plantel que a partir del 7 de septiembre competir\u00e1 en el Grupo VIII de&nbsp;Tercera Federaci\u00f3n. Se trata de Sergio Garc\u00eda, Albert Freixa, Sandro Benchoch e&nbsp;Israel Gonz\u00e1lez.<\/p>\n\n\n\n<p>Una primera semana de trabajo por delante en la que el equipo ya disputar\u00e1 su primer partido de la pretemporada. Ser\u00e1 el&nbsp;domingo&nbsp;(19:00 horas) ante la&nbsp;UDS Salamanca&nbsp;en el&nbsp;Juan Carlos Higuero. Primera de las tres pruebas que ha dise\u00f1ado el cuerpo t\u00e9cnico para llegar lo mejor posible al estreno ante el Palencia en la capital morada.<\/p>\n\n\n\n<p><a href=\"https:\/\/whatsapp.com\/channel\/0029VaKr9Jr5kg76tHjXkZ2b\" target=\"_blank\" rel=\"noopener\"><\/a><\/p>\n","protected":false},"excerpt":{"rendered":"<p>El conjunto blanquiazul ha iniciado los entrenamientos con cerca de veinte jugadores. El club ya ha presentado oficialmente a seis de ellos. El primer partido de la pretemporada, este domingo ante la UDS Salamanca en el Juan Carlos Higuero. La&nbsp;Arandina&nbsp;de la temporada 25-26 ha comenzado los entrenamientos de&nbsp;pretemporada. El proyecto que estar\u00e1 supervisado por Racing [&hellip;]<\/p>\n","protected":false},"author":24,"featured_media":143087,"comment_status":"closed","ping_status":"closed","sticky":false,"template":"","format":"standard","meta":{"_monsterinsights_skip_tracking":false,"_monsterinsights_sitenote_active":false,"_monsterinsights_sitenote_note":"","_monsterinsights_sitenote_category":0,"footnotes":""},"categories":[4],"tags":[1553,288,1826],"class_list":{"0":"post-143081","1":"post","2":"type-post","3":"status-publish","4":"format-standard","5":"has-post-thumbnail","7":"category-futbol","8":"tag-actualidad-2","9":"tag-arandinacf","10":"tag-duerodeporte"},"views":168,"_links":{"self":[{"href":"https:\/\/www.burgosdeporte.com\/index.php?rest_route=\/wp\/v2\/posts\/143081","targetHints":{"allow":["GET"]}}],"collection":[{"href":"https:\/\/www.burgosdeporte.com\/index.php?rest_route=\/wp\/v2\/posts"}],"about":[{"href":"https:\/\/www.burgosdeporte.com\/index.php?rest_route=\/wp\/v2\/types\/post"}],"author":[{"embeddable":true,"href":"https:\/\/www.burgosdeporte.com\/index.php?rest_route=\/wp\/v2\/users\/24"}],"replies":[{"embeddable":true,"href":"https:\/\/www.burgosdeporte.com\/index.php?rest_route=%2Fwp%2Fv2%2Fcomments&post=143081"}],"version-history":[{"count":1,"href":"https:\/\/www.burgosdeporte.com\/index.php?rest_route=\/wp\/v2\/posts\/143081\/revisions"}],"predecessor-version":[{"id":143088,"href":"https:\/\/www.burgosdeporte.com\/index.php?rest_route=\/wp\/v2\/posts\/143081\/revisions\/143088"}],"wp:featuredmedia":[{"embeddable":true,"href":"https:\/\/www.burgosdeporte.com\/index.php?rest_route=\/wp\/v2\/media\/143087"}],"wp:attachment":[{"href":"https:\/\/www.burgosdeporte.com\/index.php?rest_route=%2Fwp%2Fv2%2Fmedia&parent=143081"}],"wp:term":[{"taxonomy":"category","embeddable":true,"href":"https:\/\/www.burgosdeporte.com\/index.php?rest_route=%2Fwp%2Fv2%2Fcategories&post=143081"},{"taxonomy":"post_tag","embeddable":true,"href":"https:\/\/www.burgosdeporte.com\/index.php?rest_route=%2Fwp%2Fv2%2Ftags&post=143081"}],"curies":[{"name":"wp","href":"https:\/\/api.w.org\/{rel}","templated":true}]}}