{"id":143026,"date":"2025-08-16T19:44:34","date_gmt":"2025-08-16T17:44:34","guid":{"rendered":"https:\/\/www.burgosdeporte.com\/?p=143026"},"modified":"2025-08-18T15:14:14","modified_gmt":"2025-08-18T13:14:14","slug":"pablo-gil-sera-el-entrenador-para-la-nueva-etapa-de-la-arandina","status":"publish","type":"post","link":"https:\/\/www.burgosdeporte.com\/?p=143026","title":{"rendered":"Pablo Gil ser\u00e1 el entrenador para la nueva etapa de la Arandina"},"content":{"rendered":"\n<h2 class=\"wp-block-heading\">El t\u00e9cnico vallisoletano, que iba a dirigir al Tur\u00e9gano (Regional) esta temporada, acepta la llamada de Racing City Group para dirigir el proyecto blanquiazul. Gil volver\u00e1 tomar las riendas de un equipo en Tercera Federaci\u00f3n tras su paso por Villaralbo hace dos temporadas.<\/h2>\n\n\n<div class=\"wp-block-image\">\n<figure class=\"aligncenter size-full\"><img loading=\"lazy\" decoding=\"async\" width=\"300\" height=\"400\" src=\"https:\/\/www.burgosdeporte.com\/wp-content\/uploads\/2025\/06\/Nomina_CajaViva.jpg\" alt=\"\" class=\"wp-image-140655\" srcset=\"https:\/\/www.burgosdeporte.com\/wp-content\/uploads\/2025\/06\/Nomina_CajaViva.jpg 300w, https:\/\/www.burgosdeporte.com\/wp-content\/uploads\/2025\/06\/Nomina_CajaViva-225x300.jpg 225w, https:\/\/www.burgosdeporte.com\/wp-content\/uploads\/2025\/06\/Nomina_CajaViva-150x200.jpg 150w\" sizes=\"auto, (max-width: 300px) 100vw, 300px\" \/><\/figure>\n<\/div>\n\n\n<p>El entrenador elegido para dirigir el nuevo proyecto de la\u00a0Arandina\u00a0es\u00a0Pablo Gil. El t\u00e9cnico vallisoletano abandona el\u00a0Tur\u00e9gano, al que iba a dirigir esta temporada, tras recibir la llamada del Racing City Group\u00a0y liderar\u00e1 a la entidad blanquiazul la temporada 25-26.<\/p>\n\n\n\n<p>El vallisoletano regresa a Tercera Federaci\u00f3n tras su paso por\u00a0Villaralbo\u00a0(23-24) y\u00a0La Cist\u00e9rniga\u00a0(Regional Aficionados) Junto a Gil, la direcci\u00f3n deportiva de la Arandina, encabezada por\u00a0Ricardo L\u00f3pez, ha elegido al arandino\u00a0Dani Calvo como auxiliar\u00a0del t\u00e9cnico pucelano.<\/p>\n\n\n\n<p>Adem\u00e1s, el club ha dado a conocer los nombres del resto de componentes del cuerpo t\u00e9cnico:\u00a0\u00c1lvaro de Pedro\u00a0(preparador f\u00edsico) y\u00a0Jos\u00e9 Luis P\u00e9rez\u00a0(entrenador de porteros)<\/p>\n\n\n\n<p>De esta manera se deshoja la margarita de nombres que hab\u00edan salido a la luz en las \u00faltimas semanas para dirigir a los blanquiazules en esta nueva etapa institucional. As\u00ed, pues\u00a0Mar\u00eda Hern\u00e1ndez\u00a0o\u00a0Miguel de la Fuente, quienes llegaron a mantener conversaciones con el club deber\u00e1n esperar otra oportunidad para entrenar a los del Juan Carlos Higuero.<\/p>\n\n\n\n<h3 class=\"wp-block-heading\"><strong>El lunes arranca la pretemporada con varios jugadores<\/strong><\/h3>\n\n\n\n<p>Tras el anuncio del entrenador y cuerpo t\u00e9cnico, a partir de ahora el club\u00a0ir\u00e1\u00a0anunciando los nombres de los nuevos jugadores que conformar\u00e1n la plantilla\u00a0para competir en Tercera Federaci\u00f3n.<\/p>\n\n\n\n<p>El pr\u00f3ximo\u00a0lunes comenzar\u00e1 los entrenamientos\u00a0en el Juan Carlos Hoguero y all\u00ed podr\u00e1n verse sobre el verde a los nuevos futbolistas que en apenas tres semanas, el\u00a07 de septiembre,\u00a0debutar\u00e1n en Palencia.<\/p>\n","protected":false},"excerpt":{"rendered":"<p>El t\u00e9cnico vallisoletano, que iba a dirigir al Tur\u00e9gano (Regional) esta temporada, acepta la llamada de Racing City Group para dirigir el proyecto blanquiazul. Gil volver\u00e1 tomar las riendas de un equipo en Tercera Federaci\u00f3n tras su paso por Villaralbo hace dos temporadas. El entrenador elegido para dirigir el nuevo proyecto de la\u00a0Arandina\u00a0es\u00a0Pablo Gil. El [&hellip;]<\/p>\n","protected":false},"author":24,"featured_media":143027,"comment_status":"closed","ping_status":"closed","sticky":false,"template":"","format":"standard","meta":{"_monsterinsights_skip_tracking":false,"_monsterinsights_sitenote_active":false,"_monsterinsights_sitenote_note":"","_monsterinsights_sitenote_category":0,"footnotes":""},"categories":[4],"tags":[1553,288,1826,2539],"class_list":{"0":"post-143026","1":"post","2":"type-post","3":"status-publish","4":"format-standard","5":"has-post-thumbnail","7":"category-futbol","8":"tag-actualidad-2","9":"tag-arandinacf","10":"tag-duerodeporte","11":"tag-pablogil"},"views":116,"_links":{"self":[{"href":"https:\/\/www.burgosdeporte.com\/index.php?rest_route=\/wp\/v2\/posts\/143026","targetHints":{"allow":["GET"]}}],"collection":[{"href":"https:\/\/www.burgosdeporte.com\/index.php?rest_route=\/wp\/v2\/posts"}],"about":[{"href":"https:\/\/www.burgosdeporte.com\/index.php?rest_route=\/wp\/v2\/types\/post"}],"author":[{"embeddable":true,"href":"https:\/\/www.burgosdeporte.com\/index.php?rest_route=\/wp\/v2\/users\/24"}],"replies":[{"embeddable":true,"href":"https:\/\/www.burgosdeporte.com\/index.php?rest_route=%2Fwp%2Fv2%2Fcomments&post=143026"}],"version-history":[{"count":1,"href":"https:\/\/www.burgosdeporte.com\/index.php?rest_route=\/wp\/v2\/posts\/143026\/revisions"}],"predecessor-version":[{"id":143028,"href":"https:\/\/www.burgosdeporte.com\/index.php?rest_route=\/wp\/v2\/posts\/143026\/revisions\/143028"}],"wp:featuredmedia":[{"embeddable":true,"href":"https:\/\/www.burgosdeporte.com\/index.php?rest_route=\/wp\/v2\/media\/143027"}],"wp:attachment":[{"href":"https:\/\/www.burgosdeporte.com\/index.php?rest_route=%2Fwp%2Fv2%2Fmedia&parent=143026"}],"wp:term":[{"taxonomy":"category","embeddable":true,"href":"https:\/\/www.burgosdeporte.com\/index.php?rest_route=%2Fwp%2Fv2%2Fcategories&post=143026"},{"taxonomy":"post_tag","embeddable":true,"href":"https:\/\/www.burgosdeporte.com\/index.php?rest_route=%2Fwp%2Fv2%2Ftags&post=143026"}],"curies":[{"name":"wp","href":"https:\/\/api.w.org\/{rel}","templated":true}]}}