{"id":142948,"date":"2025-08-12T15:38:26","date_gmt":"2025-08-12T13:38:26","guid":{"rendered":"https:\/\/www.burgosdeporte.com\/?p=142948"},"modified":"2025-08-14T12:07:03","modified_gmt":"2025-08-14T10:07:03","slug":"la-nueva-arandina-liderada-por-racing-city-group-y-ruben-de-la-red","status":"publish","type":"post","link":"https:\/\/www.burgosdeporte.com\/?p=142948","title":{"rendered":"La nueva Arandina, liderada por Racing City Group y Rub\u00e9n de la Red"},"content":{"rendered":"\n<p><strong><em>El club estar\u00e1 liderado por Grupo City Group y contar\u00e1 con el ex internacional madridista Rub\u00e9n de la Red<\/em><\/strong><\/p>\n\n\n<div class=\"wp-block-image\">\n<figure class=\"aligncenter size-full\"><a href=\"https:\/\/felixrubio.es\/\" target=\"_blank\" rel=\" noreferrer noopener\"><img loading=\"lazy\" decoding=\"async\" width=\"300\" height=\"90\" src=\"https:\/\/www.burgosdeporte.com\/wp-content\/uploads\/2023\/10\/Felix_rubio_2.gif\" alt=\"\" class=\"wp-image-108903\"\/><\/a><\/figure>\n<\/div>\n\n\n<p>La nueva Arandina estar\u00e1 liderada por Grupo City Group y contar\u00e1 con el ex internacional madridista Rub\u00e9n de la Red, como ya avanz\u00f3 hace meses DUERO Deporte. El madrile\u00f1o se ha presentado a los medios de comunicaci\u00f3n acompa\u00f1ado del presidente del club, Demetrio Rodr\u00edguez, el nuevo director deportivo Ricardo L\u00f3pez y el asesor jur\u00eddico Jos\u00e9 Miguel Benito.<\/p>\n\n\n\n<p>La llegada del nuevo grupo no provocar\u00e1 cambios m\u00e1s que en la gesti\u00f3n de club, no en sus \u00f3rganos de Gobierno, con una directiva que seguir\u00e1 encabezada por Demetrio Rodr\u00edguez, por el momento.<\/p>\n\n\n\n<p>Este nuevo grupo de trabajo ha arrojado luz a todas las preguntas que se hace el socio blanquiazul sobre la viabilidad de la entidad, la llegada de liquidez, el proyecto deportivo para competir a partir de pr\u00f3ximo 7 de septiembre en el Grupo 8 de Tercera Federaci\u00f3n.<\/p>\n\n\n\n<p><strong>El femenino ha de esperar y proyecto de cantera<\/strong><\/p>\n\n\n\n<p>Adem\u00e1s, De la Red se ha desmarcado de los comentarios en parte de la sociedad arandina sobre el plan de trabajo que se pretende desarrollar con el f\u00fatbol base y sus categor\u00edas inferiores avanzando que \u00abest\u00e1 temporada no contaremos con equipo femenino\u00bb.<\/p>\n\n\n\n<p>Al mismo tiempo ha manifestado que \u00abahora tenemos cuatro equipos, pero lo idea es que est\u00e9n todos los que quieran estar\u00bb. La cabeza visible del nuevo proyecto blanquiazul ha manifestado su deseo que el d\u00eda de ma\u00f1ana \u00abpueda haber jugadores de Aranda en el primer equipo\u00bb.<\/p>\n\n\n\n<p><strong>\u00bfQu\u00e9 es Racing City Group?<\/strong><\/p>\n\n\n\n<p>Una pregunta es obvia, \u00bfqu\u00e9 es Racing City Group? la respuesta es clara. Racing City Group es un grupo de Racing City Group es un holding a nivel mundial centrado en la gesti\u00f3n del f\u00fatbol, dedicado a desarrollar y apoyar el talento, a la vez que promueve la cultura futbol\u00edstica en todo el mundo.<\/p>\n\n\n\n<p>Cuentan con equipos clave como Racing Murcia y Racing Madrid en Espa\u00f1a, Racing Los \u00c1ngeles y Racing Dallas en Estados Unidos.<\/p>\n","protected":false},"excerpt":{"rendered":"<p>El club estar\u00e1 liderado por Grupo City Group y contar\u00e1 con el ex internacional madridista Rub\u00e9n de la Red La nueva Arandina estar\u00e1 liderada por Grupo City Group y contar\u00e1 con el ex internacional madridista Rub\u00e9n de la Red, como ya avanz\u00f3 hace meses DUERO Deporte. El madrile\u00f1o se ha presentado a los medios de [&hellip;]<\/p>\n","protected":false},"author":24,"featured_media":142949,"comment_status":"closed","ping_status":"closed","sticky":false,"template":"","format":"standard","meta":{"_monsterinsights_skip_tracking":false,"_monsterinsights_sitenote_active":false,"_monsterinsights_sitenote_note":"","_monsterinsights_sitenote_category":0,"footnotes":""},"categories":[4],"tags":[1553,288,1826,32],"class_list":{"0":"post-142948","1":"post","2":"type-post","3":"status-publish","4":"format-standard","5":"has-post-thumbnail","7":"category-futbol","8":"tag-actualidad-2","9":"tag-arandinacf","10":"tag-duerodeporte","11":"tag-futbol"},"views":274,"_links":{"self":[{"href":"https:\/\/www.burgosdeporte.com\/index.php?rest_route=\/wp\/v2\/posts\/142948","targetHints":{"allow":["GET"]}}],"collection":[{"href":"https:\/\/www.burgosdeporte.com\/index.php?rest_route=\/wp\/v2\/posts"}],"about":[{"href":"https:\/\/www.burgosdeporte.com\/index.php?rest_route=\/wp\/v2\/types\/post"}],"author":[{"embeddable":true,"href":"https:\/\/www.burgosdeporte.com\/index.php?rest_route=\/wp\/v2\/users\/24"}],"replies":[{"embeddable":true,"href":"https:\/\/www.burgosdeporte.com\/index.php?rest_route=%2Fwp%2Fv2%2Fcomments&post=142948"}],"version-history":[{"count":1,"href":"https:\/\/www.burgosdeporte.com\/index.php?rest_route=\/wp\/v2\/posts\/142948\/revisions"}],"predecessor-version":[{"id":142950,"href":"https:\/\/www.burgosdeporte.com\/index.php?rest_route=\/wp\/v2\/posts\/142948\/revisions\/142950"}],"wp:featuredmedia":[{"embeddable":true,"href":"https:\/\/www.burgosdeporte.com\/index.php?rest_route=\/wp\/v2\/media\/142949"}],"wp:attachment":[{"href":"https:\/\/www.burgosdeporte.com\/index.php?rest_route=%2Fwp%2Fv2%2Fmedia&parent=142948"}],"wp:term":[{"taxonomy":"category","embeddable":true,"href":"https:\/\/www.burgosdeporte.com\/index.php?rest_route=%2Fwp%2Fv2%2Fcategories&post=142948"},{"taxonomy":"post_tag","embeddable":true,"href":"https:\/\/www.burgosdeporte.com\/index.php?rest_route=%2Fwp%2Fv2%2Ftags&post=142948"}],"curies":[{"name":"wp","href":"https:\/\/api.w.org\/{rel}","templated":true}]}}