{"id":142896,"date":"2025-08-10T19:28:17","date_gmt":"2025-08-10T17:28:17","guid":{"rendered":"https:\/\/www.burgosdeporte.com\/?p=142896"},"modified":"2025-08-11T13:44:06","modified_gmt":"2025-08-11T11:44:06","slug":"roberto-manzano-coordinara-la-seccion-femenina-del-cd-burgos-ifa","status":"publish","type":"post","link":"https:\/\/www.burgosdeporte.com\/?p=142896","title":{"rendered":"Roberto Manzano coordinar\u00e1 la secci\u00f3n femenina del CD Burgos IFA"},"content":{"rendered":"\n<h2 class=\"wp-block-heading\">Adem\u00e1s Manzano ejercer\u00e1 como entrenador del Mudanzas Mediavilla, primer equipo femenino del Burgos IFA , que competir\u00e1 en categor\u00eda auton\u00f3mica. <\/h2>\n\n\n\n<p>El CD Burgos IFA ha confirmado que Roberto Manzano ser\u00e1 el coordinador de la secci\u00f3n femenina del club y adem\u00e1s entrenar\u00e1 al Mudanzas Mediavilla, primer equipo femenino del club burgal\u00e9s que competir\u00e1 en la Liga Doble G de la Segunda Divisi\u00f3n Auton\u00f3mica de f\u00fatbol femenino. <\/p>\n\n\n\n<p>Manzano llega procedente del CD Capiscol Femenino, equipo con el que logr\u00b4p el ascenso a la Tercera Federaci\u00f3n Femenina la pasada temporada. <\/p>\n\n\n\n<p>El t\u00e9cnico estar\u00e1 acompa\u00f1ado por Penche, como segundo entrenador, \u00c1lvaro y Karol como ayudantes y Rodrigo como entrenador de guardametas. <\/p>\n\n\n\n<p>El equipo tiene previsto comenzar la pretemporada el pr\u00f3ximo 20 de agosto y, desde el club, destacan que su objetivo ser\u00e1 el ascenso de categor\u00eda. <\/p>\n\n\n\n<p><\/p>\n\n\n\n<p><br><\/p>\n\n\n\n<p><\/p>\n\n\n\n<p><\/p>\n","protected":false},"excerpt":{"rendered":"<p>Adem\u00e1s Manzano ejercer\u00e1 como entrenador del Mudanzas Mediavilla, primer equipo femenino del Burgos IFA , que competir\u00e1 en categor\u00eda auton\u00f3mica. El CD Burgos IFA ha confirmado que Roberto Manzano ser\u00e1 el coordinador de la secci\u00f3n femenina del club y adem\u00e1s entrenar\u00e1 al Mudanzas Mediavilla, primer equipo femenino del club burgal\u00e9s que competir\u00e1 en la Liga [&hellip;]<\/p>\n","protected":false},"author":10,"featured_media":142897,"comment_status":"closed","ping_status":"closed","sticky":false,"template":"","format":"standard","meta":{"_monsterinsights_skip_tracking":false,"_monsterinsights_sitenote_active":false,"_monsterinsights_sitenote_note":"","_monsterinsights_sitenote_category":0,"footnotes":""},"categories":[4],"tags":[1553,2525,299,2526],"class_list":{"0":"post-142896","1":"post","2":"type-post","3":"status-publish","4":"format-standard","5":"has-post-thumbnail","7":"category-futbol","8":"tag-actualidad-2","9":"tag-cdburgosifa","10":"tag-futbolfemenino","11":"tag-robertomanzano"},"views":83,"_links":{"self":[{"href":"https:\/\/www.burgosdeporte.com\/index.php?rest_route=\/wp\/v2\/posts\/142896","targetHints":{"allow":["GET"]}}],"collection":[{"href":"https:\/\/www.burgosdeporte.com\/index.php?rest_route=\/wp\/v2\/posts"}],"about":[{"href":"https:\/\/www.burgosdeporte.com\/index.php?rest_route=\/wp\/v2\/types\/post"}],"author":[{"embeddable":true,"href":"https:\/\/www.burgosdeporte.com\/index.php?rest_route=\/wp\/v2\/users\/10"}],"replies":[{"embeddable":true,"href":"https:\/\/www.burgosdeporte.com\/index.php?rest_route=%2Fwp%2Fv2%2Fcomments&post=142896"}],"version-history":[{"count":1,"href":"https:\/\/www.burgosdeporte.com\/index.php?rest_route=\/wp\/v2\/posts\/142896\/revisions"}],"predecessor-version":[{"id":142898,"href":"https:\/\/www.burgosdeporte.com\/index.php?rest_route=\/wp\/v2\/posts\/142896\/revisions\/142898"}],"wp:featuredmedia":[{"embeddable":true,"href":"https:\/\/www.burgosdeporte.com\/index.php?rest_route=\/wp\/v2\/media\/142897"}],"wp:attachment":[{"href":"https:\/\/www.burgosdeporte.com\/index.php?rest_route=%2Fwp%2Fv2%2Fmedia&parent=142896"}],"wp:term":[{"taxonomy":"category","embeddable":true,"href":"https:\/\/www.burgosdeporte.com\/index.php?rest_route=%2Fwp%2Fv2%2Fcategories&post=142896"},{"taxonomy":"post_tag","embeddable":true,"href":"https:\/\/www.burgosdeporte.com\/index.php?rest_route=%2Fwp%2Fv2%2Ftags&post=142896"}],"curies":[{"name":"wp","href":"https:\/\/api.w.org\/{rel}","templated":true}]}}