{"id":142877,"date":"2025-08-10T00:47:07","date_gmt":"2025-08-09T22:47:07","guid":{"rendered":"https:\/\/www.burgosdeporte.com\/?p=142877"},"modified":"2025-08-10T22:59:29","modified_gmt":"2025-08-10T20:59:29","slug":"el-burgos-burpellet-bh-gana-la-montana-y-acaricia-un-top-10-en-la-vuelta-a-burgos","status":"publish","type":"post","link":"https:\/\/www.burgosdeporte.com\/?p=142877","title":{"rendered":"El Burgos Burpellet BH gana la monta\u00f1a y acaricia un top-10 en la Vuelta a Burgos"},"content":{"rendered":"\n<h2 class=\"wp-block-heading\"><strong>Carlos Garc\u00eda Pierna se llev\u00f3 el maillot de los escaladores con una nueva escapada en la etapa con final en las Lagunas de Neila y Mario Aparicio acab\u00f3 12\u00ba en la clasificaci\u00f3n general.<\/strong><\/h2>\n\n\n<div class=\"wp-block-image\">\n<figure class=\"aligncenter size-full\"><img loading=\"lazy\" decoding=\"async\" width=\"300\" height=\"400\" src=\"https:\/\/www.burgosdeporte.com\/wp-content\/uploads\/2025\/06\/Nomina_CajaViva.jpg\" alt=\"\" class=\"wp-image-140655\" srcset=\"https:\/\/www.burgosdeporte.com\/wp-content\/uploads\/2025\/06\/Nomina_CajaViva.jpg 300w, https:\/\/www.burgosdeporte.com\/wp-content\/uploads\/2025\/06\/Nomina_CajaViva-225x300.jpg 225w, https:\/\/www.burgosdeporte.com\/wp-content\/uploads\/2025\/06\/Nomina_CajaViva-150x200.jpg 150w\" sizes=\"auto, (max-width: 300px) 100vw, 300px\" \/><\/figure>\n<\/div>\n\n\n<p>El Burgos Burpellet BH complet\u00f3 una de sus mejores participaciones en la Vuelta a Burgos. Mario Aparicio realiz\u00f3 un gran ascenso a las Lagunas de Neila en la quinta etapa y escal\u00f3 hasta la 12\u00aa posici\u00f3n de la clasificaci\u00f3n general. Su compa\u00f1ero Carlos Garc\u00eda Pierna volvi\u00f3 a entrar en la escapada como ya hiciera en la primera jornada y defendi\u00f3 el maillot de la clasificaci\u00f3n de la monta\u00f1a. El madrile\u00f1o coron\u00f3 en primera posici\u00f3n el dur\u00edsimo Alto de Rozavientos y aguant\u00f3 por delante del pelot\u00f3n hasta los \u00faltimos 3 kil\u00f3metros. Una m\u00e1s que notable actuaci\u00f3n de los morados, que se vio empa\u00f1ada \u00fanicamente por la desafortunada ca\u00edda sufrida por Jos\u00e9 Manuel D\u00edaz, que sufri\u00f3 una fractura de clav\u00edcula.<\/p>\n\n\n\n<p>La Vuelta a Burgos lleg\u00f3 a su final con una etapa de 138 kil\u00f3metros en la Sierra de la Demanda, con salida en la Bodega Cillar de Silos de Quintana del Pidio y final en las emblem\u00e1ticas y siempre decisivas Lagunas de Neila. Carlos Garc\u00eda Pierna lleg\u00f3 a esta \u00faltima jornada como l\u00edder de la monta\u00f1a, dispuesto a defender el maillot rojo que se hab\u00eda enfundado el primer d\u00eda. Tras un inicio de etapa con continuos ataques y un ritmo muy elevado, el madrile\u00f1o consigui\u00f3 filtrarse en un grupo de seis ciclistas que recibi\u00f3 el visto bueno del pelot\u00f3n. La cuarta fuga del Burgos Burpellet BH en las cinco etapas de la Vuelta a Burgos.<\/p>\n\n\n\n<figure class=\"wp-block-image size-large\"><img loading=\"lazy\" decoding=\"async\" width=\"1024\" height=\"682\" src=\"https:\/\/www.burgosdeporte.com\/wp-content\/uploads\/2025\/08\/3e88c227-6b15-ac22-576b-c0db9f08b749-1024x682.jpg\" alt=\"\" class=\"wp-image-142880\" srcset=\"https:\/\/www.burgosdeporte.com\/wp-content\/uploads\/2025\/08\/3e88c227-6b15-ac22-576b-c0db9f08b749-1024x682.jpg 1024w, https:\/\/www.burgosdeporte.com\/wp-content\/uploads\/2025\/08\/3e88c227-6b15-ac22-576b-c0db9f08b749-300x200.jpg 300w, https:\/\/www.burgosdeporte.com\/wp-content\/uploads\/2025\/08\/3e88c227-6b15-ac22-576b-c0db9f08b749-768x512.jpg 768w, https:\/\/www.burgosdeporte.com\/wp-content\/uploads\/2025\/08\/3e88c227-6b15-ac22-576b-c0db9f08b749-1536x1024.jpg 1536w, https:\/\/www.burgosdeporte.com\/wp-content\/uploads\/2025\/08\/3e88c227-6b15-ac22-576b-c0db9f08b749-150x100.jpg 150w, https:\/\/www.burgosdeporte.com\/wp-content\/uploads\/2025\/08\/3e88c227-6b15-ac22-576b-c0db9f08b749-696x464.jpg 696w, https:\/\/www.burgosdeporte.com\/wp-content\/uploads\/2025\/08\/3e88c227-6b15-ac22-576b-c0db9f08b749-1068x712.jpg 1068w, https:\/\/www.burgosdeporte.com\/wp-content\/uploads\/2025\/08\/3e88c227-6b15-ac22-576b-c0db9f08b749-1920x1280.jpg 1920w, https:\/\/www.burgosdeporte.com\/wp-content\/uploads\/2025\/08\/3e88c227-6b15-ac22-576b-c0db9f08b749.jpg 2000w\" sizes=\"auto, (max-width: 1024px) 100vw, 1024px\" \/><figcaption class=\"wp-element-caption\">El madrile\u00f1o volvi\u00f3 a coger la fuga y coron\u00f3 tres puertos en cabeza. Foto: Luis \u00c1ngel G\u00f3mez \/ Sprint Cycling Agency<\/figcaption><\/figure>\n\n\n\n<p>Garc\u00eda Pierna fue cumpliendo su objetivo en cada subida que coronaba y sum\u00f3 el m\u00e1ximo de puntos posibles en el Alto del Cerro y el Alto de Arroyo. Solo quedaba hacer lo mismo en el Alto de Rozavientos y el maillot ser\u00eda suyo. Los fugados llegaron a las primeras rampas con m\u00e1s de dos minutos de ventaja y el ciclista morado puso un fuerte ritmo que le permiti\u00f3 soltar a varios rivales y completar su objetivo. Tras ello sigui\u00f3 peleando hasta el final y aguant\u00f3 por delante del pelot\u00f3n hasta los \u00faltimos cinco kil\u00f3metros de carrera.<\/p>\n\n\n\n<p><strong>CA\u00cdDA Y LESI\u00d3N DE D\u00cdAZ GALLEGO<\/strong><\/p>\n\n\n\n<p>En el descenso de este puerto se produjo la ca\u00edda que provoc\u00f3 el abandono de Jos\u00e9 Manuel D\u00edaz Gallego, que era trasladado a Burgos en ambulancia. Las pruebas m\u00e9dicas confirmaban la fractura sufrida en la clav\u00edcula derecha. El jienense ser\u00e1 operado este domingo en el Hospital Recoletas Salud Burgos por un doctor del equipo. Por el momento no se establecen plazos para su regreso a la competici\u00f3n.<\/p>\n\n\n\n<figure class=\"wp-block-image size-large\"><img loading=\"lazy\" decoding=\"async\" width=\"1024\" height=\"682\" src=\"https:\/\/www.burgosdeporte.com\/wp-content\/uploads\/2025\/08\/fe1f4f96-fec1-0b13-11c0-deb979426208-1024x682.jpg\" alt=\"\" class=\"wp-image-142879\" srcset=\"https:\/\/www.burgosdeporte.com\/wp-content\/uploads\/2025\/08\/fe1f4f96-fec1-0b13-11c0-deb979426208-1024x682.jpg 1024w, https:\/\/www.burgosdeporte.com\/wp-content\/uploads\/2025\/08\/fe1f4f96-fec1-0b13-11c0-deb979426208-300x200.jpg 300w, https:\/\/www.burgosdeporte.com\/wp-content\/uploads\/2025\/08\/fe1f4f96-fec1-0b13-11c0-deb979426208-768x512.jpg 768w, https:\/\/www.burgosdeporte.com\/wp-content\/uploads\/2025\/08\/fe1f4f96-fec1-0b13-11c0-deb979426208-1536x1024.jpg 1536w, https:\/\/www.burgosdeporte.com\/wp-content\/uploads\/2025\/08\/fe1f4f96-fec1-0b13-11c0-deb979426208-150x100.jpg 150w, https:\/\/www.burgosdeporte.com\/wp-content\/uploads\/2025\/08\/fe1f4f96-fec1-0b13-11c0-deb979426208-696x464.jpg 696w, https:\/\/www.burgosdeporte.com\/wp-content\/uploads\/2025\/08\/fe1f4f96-fec1-0b13-11c0-deb979426208-1068x712.jpg 1068w, https:\/\/www.burgosdeporte.com\/wp-content\/uploads\/2025\/08\/fe1f4f96-fec1-0b13-11c0-deb979426208-1920x1280.jpg 1920w, https:\/\/www.burgosdeporte.com\/wp-content\/uploads\/2025\/08\/fe1f4f96-fec1-0b13-11c0-deb979426208.jpg 2000w\" sizes=\"auto, (max-width: 1024px) 100vw, 1024px\" \/><figcaption class=\"wp-element-caption\">Los siete morados presentes en Burgos rindieron a gran nivel. Foto: Luis \u00c1ngel G\u00f3mez \/ Sprint Cycling Agency<\/figcaption><\/figure>\n\n\n\n<p>El pelot\u00f3n principal ascendi\u00f3 a las Lagunas de Neila a mucha velocidad y se hizo pronto la selecci\u00f3n entre los candidatos a la victoria. Mario Aparicio subi\u00f3 a su propio ritmo sin quemarse y acab\u00f3 en la 17\u00aa posici\u00f3n, lo que le aupaba a una destacada 12\u00aa plaza en la clasificaci\u00f3n general. Adem\u00e1s, recibi\u00f3 un a\u00f1o m\u00e1s el maillot azul de mejor corredor burgal\u00e9s de la carrera. Tambi\u00e9n recuper\u00f3 sensaciones Sergio Chumil, que entraba en el puesto 21 en la l\u00ednea de meta. Una actuaci\u00f3n colectiva que permiti\u00f3 al Burgos Burpellet BH acabar en quinta posici\u00f3n en la clasificaci\u00f3n por equipos.<\/p>\n\n\n\n<p><strong>Carlos Garc\u00eda Pierna: \u00abTodo esfuerzo tiene su recompensa\u00bb<\/strong><\/p>\n\n\n\n<p> <em>\u201cHice todo lo posible por intentar entrar en la escapada y sumar puntos. Al final conseguimos llegar bastante lejos y termino muy contento. Es cierta la frase de que todo esfuerzo tiene su recompensa y la de hoy es una recompensa bonita. Era la carrera de casa y hab\u00eda que intentar ser protagonistas. Desde el primer el d\u00eda ya cog\u00ed los puntos y se empez\u00f3 a convertir en un objetivo. Hoy han respondido las fuerzas y las piernas para, despu\u00e9s de mucha pelea, conseguir entrar en la escapada buena y al final ha sido un \u00e9xito\u201d.<\/em><\/p>\n\n\n\n<figure class=\"wp-block-image size-large\"><img loading=\"lazy\" decoding=\"async\" width=\"1024\" height=\"682\" src=\"https:\/\/www.burgosdeporte.com\/wp-content\/uploads\/2025\/08\/b028fca9-03a1-d93d-e116-01eb922cf3b9-1024x682.jpg\" alt=\"\" class=\"wp-image-142878\" srcset=\"https:\/\/www.burgosdeporte.com\/wp-content\/uploads\/2025\/08\/b028fca9-03a1-d93d-e116-01eb922cf3b9-1024x682.jpg 1024w, https:\/\/www.burgosdeporte.com\/wp-content\/uploads\/2025\/08\/b028fca9-03a1-d93d-e116-01eb922cf3b9-300x200.jpg 300w, https:\/\/www.burgosdeporte.com\/wp-content\/uploads\/2025\/08\/b028fca9-03a1-d93d-e116-01eb922cf3b9-768x512.jpg 768w, https:\/\/www.burgosdeporte.com\/wp-content\/uploads\/2025\/08\/b028fca9-03a1-d93d-e116-01eb922cf3b9-1536x1024.jpg 1536w, https:\/\/www.burgosdeporte.com\/wp-content\/uploads\/2025\/08\/b028fca9-03a1-d93d-e116-01eb922cf3b9-150x100.jpg 150w, https:\/\/www.burgosdeporte.com\/wp-content\/uploads\/2025\/08\/b028fca9-03a1-d93d-e116-01eb922cf3b9-696x464.jpg 696w, https:\/\/www.burgosdeporte.com\/wp-content\/uploads\/2025\/08\/b028fca9-03a1-d93d-e116-01eb922cf3b9-1068x712.jpg 1068w, https:\/\/www.burgosdeporte.com\/wp-content\/uploads\/2025\/08\/b028fca9-03a1-d93d-e116-01eb922cf3b9-1920x1280.jpg 1920w, https:\/\/www.burgosdeporte.com\/wp-content\/uploads\/2025\/08\/b028fca9-03a1-d93d-e116-01eb922cf3b9.jpg 2000w\" sizes=\"auto, (max-width: 1024px) 100vw, 1024px\" \/><figcaption class=\"wp-element-caption\">Mario Aparicio, ganador de la clasificaci\u00f3n del mejor burgal\u00e9s. Foto: Luis \u00c1ngel G\u00f3mez \/ Sprint Cycling Agency<\/figcaption><\/figure>\n\n\n\n<p><strong>Mario Aparicio fue el mejor burgal\u00e9s:  \u00abEste es el camino\u00bb<\/strong><\/p>\n\n\n\n<p><em>\u201cHe tenido buenas sensaciones. En la subida final a Neila intent\u00e9 tener un poco m\u00e1s de temple, porque el ritmo que marcaba el pelot\u00f3n era muy fuerte. Opt\u00e9 por regular fuerzas, aunque al final el puerto se me hizo un poco largo. Hago un balance bastante positivo. Ambiciosamente buscaba un top-10 y al final he acabado en 12\u00aa posici\u00f3n. Hay que estar contentos con el resultado. Este es el buen camino y de aqu\u00ed esperamos coger un poco m\u00e1s de ritmo de cara a una posible participaci\u00f3n en La Vuelta\u201d.<\/em><\/p>\n\n\n\n<p><\/p>\n\n\n\n<p><\/p>\n","protected":false},"excerpt":{"rendered":"<p>Carlos Garc\u00eda Pierna se llev\u00f3 el maillot de los escaladores con una nueva escapada en la etapa con final en las Lagunas de Neila y Mario Aparicio acab\u00f3 12\u00ba en la clasificaci\u00f3n general. El Burgos Burpellet BH complet\u00f3 una de sus mejores participaciones en la Vuelta a Burgos. Mario Aparicio realiz\u00f3 un gran ascenso a [&hellip;]<\/p>\n","protected":false},"author":10,"featured_media":142881,"comment_status":"closed","ping_status":"closed","sticky":false,"template":"","format":"standard","meta":{"_monsterinsights_skip_tracking":false,"_monsterinsights_sitenote_active":false,"_monsterinsights_sitenote_note":"","_monsterinsights_sitenote_category":0,"footnotes":""},"categories":[63],"tags":[1553,2284,691],"class_list":{"0":"post-142877","1":"post","2":"type-post","3":"status-publish","4":"format-standard","5":"has-post-thumbnail","7":"category-ciclismo","8":"tag-actualidad-2","9":"tag-burgosburpelletbh","10":"tag-vueltaburgos"},"views":52,"_links":{"self":[{"href":"https:\/\/www.burgosdeporte.com\/index.php?rest_route=\/wp\/v2\/posts\/142877","targetHints":{"allow":["GET"]}}],"collection":[{"href":"https:\/\/www.burgosdeporte.com\/index.php?rest_route=\/wp\/v2\/posts"}],"about":[{"href":"https:\/\/www.burgosdeporte.com\/index.php?rest_route=\/wp\/v2\/types\/post"}],"author":[{"embeddable":true,"href":"https:\/\/www.burgosdeporte.com\/index.php?rest_route=\/wp\/v2\/users\/10"}],"replies":[{"embeddable":true,"href":"https:\/\/www.burgosdeporte.com\/index.php?rest_route=%2Fwp%2Fv2%2Fcomments&post=142877"}],"version-history":[{"count":1,"href":"https:\/\/www.burgosdeporte.com\/index.php?rest_route=\/wp\/v2\/posts\/142877\/revisions"}],"predecessor-version":[{"id":142882,"href":"https:\/\/www.burgosdeporte.com\/index.php?rest_route=\/wp\/v2\/posts\/142877\/revisions\/142882"}],"wp:featuredmedia":[{"embeddable":true,"href":"https:\/\/www.burgosdeporte.com\/index.php?rest_route=\/wp\/v2\/media\/142881"}],"wp:attachment":[{"href":"https:\/\/www.burgosdeporte.com\/index.php?rest_route=%2Fwp%2Fv2%2Fmedia&parent=142877"}],"wp:term":[{"taxonomy":"category","embeddable":true,"href":"https:\/\/www.burgosdeporte.com\/index.php?rest_route=%2Fwp%2Fv2%2Fcategories&post=142877"},{"taxonomy":"post_tag","embeddable":true,"href":"https:\/\/www.burgosdeporte.com\/index.php?rest_route=%2Fwp%2Fv2%2Ftags&post=142877"}],"curies":[{"name":"wp","href":"https:\/\/api.w.org\/{rel}","templated":true}]}}