{"id":142814,"date":"2025-08-09T20:46:36","date_gmt":"2025-08-09T18:46:36","guid":{"rendered":"https:\/\/www.burgosdeporte.com\/?p=142814"},"modified":"2025-08-11T13:44:23","modified_gmt":"2025-08-11T11:44:23","slug":"isaac-del-toro-ganador-de-la-vuelta-a-burgos-2025","status":"publish","type":"post","link":"https:\/\/www.burgosdeporte.com\/?p=142814","title":{"rendered":"Isaac del Toro, ganador de la Vuelta a Burgos 2025"},"content":{"rendered":"\n<h2 class=\"wp-block-heading\">El italiano Giulio Ciccone (Lidl-Trek) se llev\u00f3 el triunfo de etapa en un espectacular desenlace.<\/h2>\n\n\n\n<p>La Vuelta a Burgos 2025 se despidi\u00f3 este s\u00e1bado con una jornada \u00e9pica, donde el mexicano Isaac del Toro (UAE Team Emirates) se proclam\u00f3 vencedor final y el italiano Giulio Ciccone (Lidl-Trek) se llev\u00f3 el triunfo de etapa en un espectacular desenlace.<\/p>\n\n\n\n<figure class=\"wp-block-image size-full\"><img loading=\"lazy\" decoding=\"async\" width=\"1000\" height=\"653\" src=\"https:\/\/www.burgosdeporte.com\/wp-content\/uploads\/2025\/08\/homenaje-guardia-civil-vuelta.jpg\" alt=\"\" class=\"wp-image-142860\" srcset=\"https:\/\/www.burgosdeporte.com\/wp-content\/uploads\/2025\/08\/homenaje-guardia-civil-vuelta.jpg 1000w, https:\/\/www.burgosdeporte.com\/wp-content\/uploads\/2025\/08\/homenaje-guardia-civil-vuelta-300x196.jpg 300w, https:\/\/www.burgosdeporte.com\/wp-content\/uploads\/2025\/08\/homenaje-guardia-civil-vuelta-768x502.jpg 768w, https:\/\/www.burgosdeporte.com\/wp-content\/uploads\/2025\/08\/homenaje-guardia-civil-vuelta-150x98.jpg 150w, https:\/\/www.burgosdeporte.com\/wp-content\/uploads\/2025\/08\/homenaje-guardia-civil-vuelta-696x454.jpg 696w\" sizes=\"auto, (max-width: 1000px) 100vw, 1000px\" \/><figcaption class=\"wp-element-caption\">Cuatro guardias civiles, muy veteranos en la Vuelta a Burgos, fueron homenajeados en la salida.- Foto: Ricardo Ord\u00f3\u00f1ez<\/figcaption><\/figure>\n\n\n\n<p>La etapa reina de la ronda burgalesa estuvo marcada por el ataque de Ciccone a 900 metros de meta, movimiento que le permiti\u00f3 cruzar la l\u00ednea en solitario y levantar los brazos en uno de los finales m\u00e1s emblem\u00e1ticos del calendario espa\u00f1ol. Del Toro, l\u00edder de la general, defendi\u00f3 con solvencia su ventaja, entrando en segunda posici\u00f3n y asegurando as\u00ed su segunda victoria de la temporada, tras imponerse en Getxo, y consolidando un a\u00f1o de gran regularidad en el que tambi\u00e9n fue segundo en el Giro de Italia.<\/p>\n\n\n\n<figure class=\"wp-block-image size-full\"><img loading=\"lazy\" decoding=\"async\" width=\"595\" height=\"641\" src=\"https:\/\/www.burgosdeporte.com\/wp-content\/uploads\/2025\/08\/del-toro-campeon-.jpg\" alt=\"\" class=\"wp-image-142862\" srcset=\"https:\/\/www.burgosdeporte.com\/wp-content\/uploads\/2025\/08\/del-toro-campeon-.jpg 595w, https:\/\/www.burgosdeporte.com\/wp-content\/uploads\/2025\/08\/del-toro-campeon--278x300.jpg 278w, https:\/\/www.burgosdeporte.com\/wp-content\/uploads\/2025\/08\/del-toro-campeon--150x162.jpg 150w, https:\/\/www.burgosdeporte.com\/wp-content\/uploads\/2025\/08\/del-toro-campeon--300x323.jpg 300w\" sizes=\"auto, (max-width: 595px) 100vw, 595px\" \/><figcaption class=\"wp-element-caption\">Del Toro triunfa en Burgos en una gran temporada.- Foto: Ricardo Ord\u00f3\u00f1ez<\/figcaption><\/figure>\n\n\n\n<p>El podio de la etapa lo complet\u00f3 Lorenzo Fortunato (Astana), mientras que el franc\u00e9s Leo Bisiaux (AG2R), que part\u00eda como l\u00edder, cedi\u00f3 tiempo en la ascensi\u00f3n final y perdi\u00f3 el maillot morado.<\/p>\n\n\n\n<p>La jornada comenz\u00f3 con la escapada del d\u00eda con Nico Denz (Bora), Mathijs Paasschens (Bahrain-Victorious), Carlos Garc\u00eda Pierna (Burgos-BH), Matteo Moschetti (Q36.5), Txomin Juaristi (Euskaltel) y Samuele Zoccarato (Polti-Kometa). Garc\u00eda Pierna, muy combativo, sum\u00f3 los puntos necesarios en el Alto del Cerro y el Alto del Arroyo para asegurar el maillot de la monta\u00f1a, y junto a Juaristi seleccion\u00f3 la fuga en Rozavientos.<\/p>\n\n\n\n<figure class=\"wp-block-image size-large\"><img loading=\"lazy\" decoding=\"async\" width=\"1024\" height=\"566\" src=\"https:\/\/www.burgosdeporte.com\/wp-content\/uploads\/2025\/08\/vuelta-burgos-25-5-6-1024x566.jpg\" alt=\"\" class=\"wp-image-142865\" srcset=\"https:\/\/www.burgosdeporte.com\/wp-content\/uploads\/2025\/08\/vuelta-burgos-25-5-6-1024x566.jpg 1024w, https:\/\/www.burgosdeporte.com\/wp-content\/uploads\/2025\/08\/vuelta-burgos-25-5-6-300x166.jpg 300w, https:\/\/www.burgosdeporte.com\/wp-content\/uploads\/2025\/08\/vuelta-burgos-25-5-6-768x424.jpg 768w, https:\/\/www.burgosdeporte.com\/wp-content\/uploads\/2025\/08\/vuelta-burgos-25-5-6-150x83.jpg 150w, https:\/\/www.burgosdeporte.com\/wp-content\/uploads\/2025\/08\/vuelta-burgos-25-5-6-696x385.jpg 696w, https:\/\/www.burgosdeporte.com\/wp-content\/uploads\/2025\/08\/vuelta-burgos-25-5-6.jpg 1062w\" sizes=\"auto, (max-width: 1024px) 100vw, 1024px\" \/><figcaption class=\"wp-element-caption\">Foto: Ricardo Ord\u00f3\u00f1ez<\/figcaption><\/figure>\n\n\n\n<p>En los \u00faltimos 12 kil\u00f3metros, un pinchazo oblig\u00f3 a Del Toro a realizar una remontada r\u00e1pida gracias al trabajo de su equipo. La ofensiva final comenz\u00f3 con un ataque de Esteban Chaves, seguido por Jefferson Cepeda, hasta que Ciccone y Del Toro marcaron un ritmo que dej\u00f3 sin opciones a Bisiaux.<\/p>\n\n\n\n<figure class=\"wp-block-image size-full\"><img loading=\"lazy\" decoding=\"async\" width=\"1000\" height=\"666\" src=\"https:\/\/www.burgosdeporte.com\/wp-content\/uploads\/2025\/08\/neila-campaon.jpg\" alt=\"\" class=\"wp-image-142864\" srcset=\"https:\/\/www.burgosdeporte.com\/wp-content\/uploads\/2025\/08\/neila-campaon.jpg 1000w, https:\/\/www.burgosdeporte.com\/wp-content\/uploads\/2025\/08\/neila-campaon-300x200.jpg 300w, https:\/\/www.burgosdeporte.com\/wp-content\/uploads\/2025\/08\/neila-campaon-768x511.jpg 768w, https:\/\/www.burgosdeporte.com\/wp-content\/uploads\/2025\/08\/neila-campaon-150x100.jpg 150w, https:\/\/www.burgosdeporte.com\/wp-content\/uploads\/2025\/08\/neila-campaon-696x464.jpg 696w\" sizes=\"auto, (max-width: 1000px) 100vw, 1000px\" \/><figcaption class=\"wp-element-caption\">Giulio Ciccone entrando en la meya de Neila.- Foto: Ricardo Ord\u00f3\u00f1ez<\/figcaption><\/figure>\n\n\n\n<p>En la \u00faltima rampa, el italiano lanz\u00f3 su ataque definitivo para firmar la victoria parcial, mientras el mexicano celebraba su primer t\u00edtulo en la Vuelta a Burgos, una carrera que volvi\u00f3 a ofrecer espect\u00e1culo, emoci\u00f3n y un escenario incomparable para el ciclismo&nbsp;internacional.<\/p>\n\n\n\n<p><strong>CLASIFICACION DE LA ETAPA<\/strong><\/p>\n\n\n\n<ol class=\"wp-block-list\">\n<li>Giulio Ciccone (Italia) | 3:23:16\u2033.<\/li>\n\n\n\n<li>Isaac del Toro (M\u00e9xico) | +10\u2033.<\/li>\n\n\n\n<li>Lorenzo Fortunato (Italia) | +27\u2033.<\/li>\n\n\n\n<li>Torstein Traeen (Noruega) | +34\u2033.<\/li>\n\n\n\n<li>Damien Howson (Australia) | +36\u2033.<\/li>\n\n\n\n<li>Egan Bernal (Colombia) | +36\u2033.<\/li>\n\n\n\n<li>Giulio Pellizzari (Italia) | +38\u2033.<\/li>\n\n\n\n<li>Giovanni Aleotti (Italia) | +53\u2033.<\/li>\n\n\n\n<li>Diego Pescador (Colombia) | +55\u2033.<\/li>\n\n\n\n<li>Johannes Kulset (Noruega) | +55<\/li>\n<\/ol>\n\n\n\n<p><strong>CLASIFICACION FINAL DE LA VUELTA A BURGOS<\/strong><\/p>\n\n\n\n<ol class=\"wp-block-list\">\n<li>Isaac del Toro (M\u00e9xico) | 19:46:48.<\/li>\n\n\n\n<li>Lorenzo Fortunato (Italia) | +19\u2033.<\/li>\n\n\n\n<li>Leo Bisaux (Francia) | +25\u2033.<\/li>\n\n\n\n<li>Giulio Pellizzari (Italia) | +30\u2033.<\/li>\n\n\n\n<li>Giulio Ciccone (Italia) | +56\u2033.<\/li>\n\n\n\n<li>Egan Bernal (Colombia) | +59\u2033.<\/li>\n\n\n\n<li>Torstein Traeen (Noruega) | +1:01\u2033.<\/li>\n\n\n\n<li>Giovanni Aleotti (Italia) | +1:03\u2033.<\/li>\n\n\n\n<li>Johannes Kulset (Noruega) | + 1:05\u2033.<\/li>\n\n\n\n<li>Urko Berrade (Espa\u00f1a) | +2:04\u2033.<\/li>\n<\/ol>\n","protected":false},"excerpt":{"rendered":"<p>El italiano Giulio Ciccone (Lidl-Trek) se llev\u00f3 el triunfo de etapa en un espectacular desenlace. La Vuelta a Burgos 2025 se despidi\u00f3 este s\u00e1bado con una jornada \u00e9pica, donde el mexicano Isaac del Toro (UAE Team Emirates) se proclam\u00f3 vencedor final y el italiano Giulio Ciccone (Lidl-Trek) se llev\u00f3 el triunfo de etapa en un [&hellip;]<\/p>\n","protected":false},"author":10,"featured_media":142863,"comment_status":"closed","ping_status":"closed","sticky":false,"template":"","format":"standard","meta":{"_monsterinsights_skip_tracking":false,"_monsterinsights_sitenote_active":false,"_monsterinsights_sitenote_note":"","_monsterinsights_sitenote_category":0,"footnotes":""},"categories":[63],"tags":[1553,266,479,691],"class_list":{"0":"post-142814","1":"post","2":"type-post","3":"status-publish","4":"format-standard","5":"has-post-thumbnail","7":"category-ciclismo","8":"tag-actualidad-2","9":"tag-idjburgos","10":"tag-vueltaaburgos","11":"tag-vueltaburgos"},"views":54,"_links":{"self":[{"href":"https:\/\/www.burgosdeporte.com\/index.php?rest_route=\/wp\/v2\/posts\/142814","targetHints":{"allow":["GET"]}}],"collection":[{"href":"https:\/\/www.burgosdeporte.com\/index.php?rest_route=\/wp\/v2\/posts"}],"about":[{"href":"https:\/\/www.burgosdeporte.com\/index.php?rest_route=\/wp\/v2\/types\/post"}],"author":[{"embeddable":true,"href":"https:\/\/www.burgosdeporte.com\/index.php?rest_route=\/wp\/v2\/users\/10"}],"replies":[{"embeddable":true,"href":"https:\/\/www.burgosdeporte.com\/index.php?rest_route=%2Fwp%2Fv2%2Fcomments&post=142814"}],"version-history":[{"count":1,"href":"https:\/\/www.burgosdeporte.com\/index.php?rest_route=\/wp\/v2\/posts\/142814\/revisions"}],"predecessor-version":[{"id":142871,"href":"https:\/\/www.burgosdeporte.com\/index.php?rest_route=\/wp\/v2\/posts\/142814\/revisions\/142871"}],"wp:featuredmedia":[{"embeddable":true,"href":"https:\/\/www.burgosdeporte.com\/index.php?rest_route=\/wp\/v2\/media\/142863"}],"wp:attachment":[{"href":"https:\/\/www.burgosdeporte.com\/index.php?rest_route=%2Fwp%2Fv2%2Fmedia&parent=142814"}],"wp:term":[{"taxonomy":"category","embeddable":true,"href":"https:\/\/www.burgosdeporte.com\/index.php?rest_route=%2Fwp%2Fv2%2Fcategories&post=142814"},{"taxonomy":"post_tag","embeddable":true,"href":"https:\/\/www.burgosdeporte.com\/index.php?rest_route=%2Fwp%2Fv2%2Ftags&post=142814"}],"curies":[{"name":"wp","href":"https:\/\/api.w.org\/{rel}","templated":true}]}}