{"id":142785,"date":"2025-08-08T17:36:33","date_gmt":"2025-08-08T15:36:33","guid":{"rendered":"https:\/\/www.burgosdeporte.com\/?p=142785"},"modified":"2025-08-10T00:54:58","modified_gmt":"2025-08-09T22:54:58","slug":"caruso-gana-la-cuarta-etapa-y-bisiaux-mantiene-el-liderato","status":"publish","type":"post","link":"https:\/\/www.burgosdeporte.com\/?p=142785","title":{"rendered":"Caruso gana la cuarta etapa y Bisiaux mantiene el liderato"},"content":{"rendered":"\n<h2 class=\"wp-block-heading\"><strong>La ronda burgalesa se decidir\u00e1 ma\u00f1ana s\u00e1bado en la quinta y \u00faltima etapa con final en Neila. <\/strong><\/h2>\n\n\n<div class=\"wp-block-image\">\n<figure class=\"aligncenter size-full\"><img loading=\"lazy\" decoding=\"async\" width=\"300\" height=\"400\" src=\"https:\/\/www.burgosdeporte.com\/wp-content\/uploads\/2025\/06\/Nomina_CajaViva.jpg\" alt=\"\" class=\"wp-image-140655\" srcset=\"https:\/\/www.burgosdeporte.com\/wp-content\/uploads\/2025\/06\/Nomina_CajaViva.jpg 300w, https:\/\/www.burgosdeporte.com\/wp-content\/uploads\/2025\/06\/Nomina_CajaViva-225x300.jpg 225w, https:\/\/www.burgosdeporte.com\/wp-content\/uploads\/2025\/06\/Nomina_CajaViva-150x200.jpg 150w\" sizes=\"auto, (max-width: 300px) 100vw, 300px\" \/><\/figure>\n<\/div>\n\n\n<p>El ciclista italiano Damiano Caruso se impuso en la cuarta etapa de la Vuelta a Burgos con meta en Regumiel de la Sierra tras la salida en las instalaciones de Burpellet en Do\u00f1a Santos. &nbsp;Una etapa, en principio tranquila aunque dejaba abierta la posibilidad de alguna fuga, pero poco proclive a grandes sorpresas.  <\/p>\n\n\n\n<figure class=\"wp-block-image size-full\"><img loading=\"lazy\" decoding=\"async\" width=\"1000\" height=\"668\" src=\"https:\/\/www.burgosdeporte.com\/wp-content\/uploads\/2025\/08\/VUELTA-BURGOS-25-4-1.jpg\" alt=\"\" class=\"wp-image-142795\" srcset=\"https:\/\/www.burgosdeporte.com\/wp-content\/uploads\/2025\/08\/VUELTA-BURGOS-25-4-1.jpg 1000w, https:\/\/www.burgosdeporte.com\/wp-content\/uploads\/2025\/08\/VUELTA-BURGOS-25-4-1-300x200.jpg 300w, https:\/\/www.burgosdeporte.com\/wp-content\/uploads\/2025\/08\/VUELTA-BURGOS-25-4-1-768x513.jpg 768w, https:\/\/www.burgosdeporte.com\/wp-content\/uploads\/2025\/08\/VUELTA-BURGOS-25-4-1-150x100.jpg 150w, https:\/\/www.burgosdeporte.com\/wp-content\/uploads\/2025\/08\/VUELTA-BURGOS-25-4-1-696x465.jpg 696w\" sizes=\"auto, (max-width: 1000px) 100vw, 1000px\" \/><figcaption class=\"wp-element-caption\">Representantes institucionales en el corte de cinta en Do\u00f1a Santos.-Foto : Ricardo Ord\u00f3\u00f1ez.<\/figcaption><\/figure>\n\n\n\n<p>Y las previsiones se cumplieron con una fuga de siete corredores: Javier Romo, Rui Oliveira, Damiano Caruso, Ben Zwiehoff, Rui Costa, Nickolas Zukowsky y Larry Warbase. Se escapaban a 136 kil\u00f3metros de meta.<\/p>\n\n\n\n<figure class=\"wp-block-image size-full\"><img loading=\"lazy\" decoding=\"async\" width=\"1000\" height=\"576\" src=\"https:\/\/www.burgosdeporte.com\/wp-content\/uploads\/2025\/08\/VUELTA-BURGOS-25-3-PRIMERA-ESCAPADA.jpg\" alt=\"\" class=\"wp-image-142793\" srcset=\"https:\/\/www.burgosdeporte.com\/wp-content\/uploads\/2025\/08\/VUELTA-BURGOS-25-3-PRIMERA-ESCAPADA.jpg 1000w, https:\/\/www.burgosdeporte.com\/wp-content\/uploads\/2025\/08\/VUELTA-BURGOS-25-3-PRIMERA-ESCAPADA-300x173.jpg 300w, https:\/\/www.burgosdeporte.com\/wp-content\/uploads\/2025\/08\/VUELTA-BURGOS-25-3-PRIMERA-ESCAPADA-768x442.jpg 768w, https:\/\/www.burgosdeporte.com\/wp-content\/uploads\/2025\/08\/VUELTA-BURGOS-25-3-PRIMERA-ESCAPADA-150x86.jpg 150w, https:\/\/www.burgosdeporte.com\/wp-content\/uploads\/2025\/08\/VUELTA-BURGOS-25-3-PRIMERA-ESCAPADA-696x401.jpg 696w\" sizes=\"auto, (max-width: 1000px) 100vw, 1000px\" \/><figcaption class=\"wp-element-caption\">Foto : Ricardo Ord\u00f3\u00f1ez.<\/figcaption><\/figure>\n\n\n\n<p>La lucha estaba desatada con el pelot\u00f3n perseguidor y varios corredores que buscaban enlazar con los fugados, como ciclistas de la talla de  Julien Bernard y Jos\u00e9 Mar\u00eda Garc\u00eda, que buscaron conectar con el grupo en cabeza. Hubo un momento a poco m\u00e1s de 100 kil\u00f3metros de meta, que parec\u00eda lo iban a lograr, coloc\u00e1ndose a 22 segundos de los escapados, pero poco a poco fueron perdiendo fuerzas sin lograrlo. <\/p>\n\n\n\n<figure class=\"wp-block-image size-large\"><img loading=\"lazy\" decoding=\"async\" width=\"1024\" height=\"684\" src=\"https:\/\/www.burgosdeporte.com\/wp-content\/uploads\/2025\/08\/VUELTA-BURGOS-25-4-5-1024x684.jpg\" alt=\"\" class=\"wp-image-142791\" srcset=\"https:\/\/www.burgosdeporte.com\/wp-content\/uploads\/2025\/08\/VUELTA-BURGOS-25-4-5-1024x684.jpg 1024w, https:\/\/www.burgosdeporte.com\/wp-content\/uploads\/2025\/08\/VUELTA-BURGOS-25-4-5-300x200.jpg 300w, https:\/\/www.burgosdeporte.com\/wp-content\/uploads\/2025\/08\/VUELTA-BURGOS-25-4-5-768x513.jpg 768w, https:\/\/www.burgosdeporte.com\/wp-content\/uploads\/2025\/08\/VUELTA-BURGOS-25-4-5-150x100.jpg 150w, https:\/\/www.burgosdeporte.com\/wp-content\/uploads\/2025\/08\/VUELTA-BURGOS-25-4-5-696x465.jpg 696w, https:\/\/www.burgosdeporte.com\/wp-content\/uploads\/2025\/08\/VUELTA-BURGOS-25-4-5-1068x713.jpg 1068w, https:\/\/www.burgosdeporte.com\/wp-content\/uploads\/2025\/08\/VUELTA-BURGOS-25-4-5.jpg 1093w\" sizes=\"auto, (max-width: 1024px) 100vw, 1024px\" \/><figcaption class=\"wp-element-caption\">Foto : Ricardo Ord\u00f3\u00f1ez.<\/figcaption><\/figure>\n\n\n\n<p>Estaba claro que el grupo de cabeza ten\u00eda muchas posibilidades de llegar y entre los siete corredores que lo integraban se jugar\u00edan sus opciones. A 75 kil\u00f3metros de meta la ventaja de los fugados superaba los 5 minutos. Sin embargo hubo reacci\u00f3n desde el pelot\u00f3n, para no desvanecer en el intento de darles caza, recortando diferencias que parec\u00edan importantes. <\/p>\n\n\n\n<figure class=\"wp-block-image size-full\"><img loading=\"lazy\" decoding=\"async\" width=\"1000\" height=\"609\" src=\"https:\/\/www.burgosdeporte.com\/wp-content\/uploads\/2025\/08\/VUELTA-BURGOS-25-4-4.jpg\" alt=\"\" class=\"wp-image-142792\" srcset=\"https:\/\/www.burgosdeporte.com\/wp-content\/uploads\/2025\/08\/VUELTA-BURGOS-25-4-4.jpg 1000w, https:\/\/www.burgosdeporte.com\/wp-content\/uploads\/2025\/08\/VUELTA-BURGOS-25-4-4-300x183.jpg 300w, https:\/\/www.burgosdeporte.com\/wp-content\/uploads\/2025\/08\/VUELTA-BURGOS-25-4-4-768x468.jpg 768w, https:\/\/www.burgosdeporte.com\/wp-content\/uploads\/2025\/08\/VUELTA-BURGOS-25-4-4-150x91.jpg 150w, https:\/\/www.burgosdeporte.com\/wp-content\/uploads\/2025\/08\/VUELTA-BURGOS-25-4-4-696x424.jpg 696w\" sizes=\"auto, (max-width: 1000px) 100vw, 1000px\" \/><figcaption class=\"wp-element-caption\">Foto : Ricardo Ord\u00f3\u00f1ez.<\/figcaption><\/figure>\n\n\n\n<p>Al Alto del Collado llegaron los fugados con 3 minutos y 42 segundos de ventaja, pero todav\u00eda quedaban m\u00e1s de 40 kil\u00f3metros  por delante para llegar a la meta en Regumiel y todo parec\u00eda posible. Sin embargo el grupo de corredores estaba comprometido en llegar a meta juntos y decantar el ganador, incluso, a medida que avanzaban iban ganando tiempo sobre un pelot\u00f3n que parec\u00eda diluirse. <\/p>\n\n\n\n<figure class=\"wp-block-image size-full\"><img loading=\"lazy\" decoding=\"async\" width=\"900\" height=\"594\" src=\"https:\/\/www.burgosdeporte.com\/wp-content\/uploads\/2025\/08\/VUELTA-BURGOS-25-4-8.jpg\" alt=\"\" class=\"wp-image-142788\" srcset=\"https:\/\/www.burgosdeporte.com\/wp-content\/uploads\/2025\/08\/VUELTA-BURGOS-25-4-8.jpg 900w, https:\/\/www.burgosdeporte.com\/wp-content\/uploads\/2025\/08\/VUELTA-BURGOS-25-4-8-300x198.jpg 300w, https:\/\/www.burgosdeporte.com\/wp-content\/uploads\/2025\/08\/VUELTA-BURGOS-25-4-8-768x507.jpg 768w, https:\/\/www.burgosdeporte.com\/wp-content\/uploads\/2025\/08\/VUELTA-BURGOS-25-4-8-150x99.jpg 150w, https:\/\/www.burgosdeporte.com\/wp-content\/uploads\/2025\/08\/VUELTA-BURGOS-25-4-8-696x459.jpg 696w\" sizes=\"auto, (max-width: 900px) 100vw, 900px\" \/><figcaption class=\"wp-element-caption\">Foto : Ricardo Ord\u00f3\u00f1ez.<\/figcaption><\/figure>\n\n\n\n<p>En los \u00faltimos kil\u00f3metros Javier Romo se descolg\u00f3 del grupo de cabeza al no poder seguir el ritmo en la subida al Alto del Cargadero, a 25 kil\u00f3metros de la meta. Y en ese momento surgi\u00f3 la veteran\u00eda y el buen estado de forma de Damiano Caruso, del equipo Bahrain Victorious, quien a falta de poco m\u00e1s de 15 kil\u00f3metros para meta lanz\u00f3 su ataque y se puso en solitario camino de Regumiel. <\/p>\n\n\n\n<p>Quedaban kil\u00f3metros y sus perseguidores tambi\u00e9n reaccionaron, pero Caruso logr\u00f3 m\u00e1s de un minuto de ventaja a falta de 10 kil\u00f3metros para meta. No hubo relajaci\u00f3n ni demasiada reacci\u00f3n y Caruso lleg\u00f3 triunfante a la l\u00ednea final del recorrido como brillante ganador de la cuarta etapa.  <\/p>\n\n\n\n<figure class=\"wp-block-image size-full\"><img loading=\"lazy\" decoding=\"async\" width=\"1000\" height=\"644\" src=\"https:\/\/www.burgosdeporte.com\/wp-content\/uploads\/2025\/08\/Caruso-entra-en-meta-2.jpg\" alt=\"\" class=\"wp-image-142786\" srcset=\"https:\/\/www.burgosdeporte.com\/wp-content\/uploads\/2025\/08\/Caruso-entra-en-meta-2.jpg 1000w, https:\/\/www.burgosdeporte.com\/wp-content\/uploads\/2025\/08\/Caruso-entra-en-meta-2-300x193.jpg 300w, https:\/\/www.burgosdeporte.com\/wp-content\/uploads\/2025\/08\/Caruso-entra-en-meta-2-768x495.jpg 768w, https:\/\/www.burgosdeporte.com\/wp-content\/uploads\/2025\/08\/Caruso-entra-en-meta-2-150x97.jpg 150w, https:\/\/www.burgosdeporte.com\/wp-content\/uploads\/2025\/08\/Caruso-entra-en-meta-2-696x448.jpg 696w\" sizes=\"auto, (max-width: 1000px) 100vw, 1000px\" \/><figcaption class=\"wp-element-caption\">Foto : Ricardo Ord\u00f3\u00f1ez.<\/figcaption><\/figure>\n\n\n\n<p>Su victoria no mueve al l\u00edder de la clasificaci\u00f3n general, que sigue siendo el franc\u00e9s, Leo Bisiaux, quien ma\u00f1ana s\u00e1bado tendr\u00e1 que dar la gran batalla para mantener su primer puesto si quiere adjudicarse esta Vuelta a Burgos que est\u00e1 resultando muy competida y tremendamente abierta y emocionante. <strong>&nbsp;<\/strong><\/p>\n\n\n\n<p><strong>Clasificaci\u00f3n de la etapa: <\/strong><\/p>\n\n\n\n<ol class=\"wp-block-list\">\n<li>Damiano Caruso (Italia) | 3:33:18<\/li>\n\n\n\n<li>Rui Costa (Portugal) | +1:26<\/li>\n\n\n\n<li>Rui Alves Oliveira (Portugal) | +1:26<\/li>\n\n\n\n<li>Lawrence Warbasse (Estados Unidos) | +1:26<\/li>\n\n\n\n<li>Ben Zwiehoff (Alemania) | +1:26<\/li>\n\n\n\n<li>Javier Romo (Espa\u00f1a) | +1:56<\/li>\n\n\n\n<li>H\u00e9ctor \u00c1lvarez (Espa\u00f1a) | +3:15<\/li>\n\n\n\n<li>Mik\u00e1 Heming (Alemania) | +3:15<\/li>\n\n\n\n<li>David Gonz\u00e1lez (Espa\u00f1a) | +3:15<\/li>\n\n\n\n<li>Antoine Huby (Francia) | +3:15<\/li>\n<\/ol>\n\n\n\n<p><strong>Clasificaci\u00f3n General<\/strong><\/p>\n\n\n\n<ol class=\"wp-block-list\">\n<li>L\u00e9o Bisiaux (Francia) |+ 16:23:02<\/li>\n\n\n\n<li>Giulio Pellizzari (Italia) | +0:22<\/li>\n\n\n\n<li>Isaac del Toro (M\u00e9xico) | +0:26<\/li>\n\n\n\n<li>Lorenzo Fortunato (Italia) | +0:26<\/li>\n\n\n\n<li>Johannes Kulset (Noruega) | +0:40<\/li>\n\n\n\n<li>Giovanni Aleotti (Italia) | +0:40<\/li>\n\n\n\n<li>Urko Berrade (Espa\u00f1a) | +0:40<\/li>\n\n\n\n<li>Andrew August (Estados Unidos) | +0:40<\/li>\n\n\n\n<li>Fabio Christen (Suiza) | +0:52<\/li>\n\n\n\n<li>Egan Bernal (Colombia) | +0:53<\/li>\n<\/ol>\n\n\n\n<figure class=\"wp-block-image size-full\"><img loading=\"lazy\" decoding=\"async\" width=\"873\" height=\"421\" src=\"https:\/\/www.burgosdeporte.com\/wp-content\/uploads\/2025\/08\/Perfil-de-la-quinta-etapa.jpg\" alt=\"\" class=\"wp-image-142800\" srcset=\"https:\/\/www.burgosdeporte.com\/wp-content\/uploads\/2025\/08\/Perfil-de-la-quinta-etapa.jpg 873w, https:\/\/www.burgosdeporte.com\/wp-content\/uploads\/2025\/08\/Perfil-de-la-quinta-etapa-300x145.jpg 300w, https:\/\/www.burgosdeporte.com\/wp-content\/uploads\/2025\/08\/Perfil-de-la-quinta-etapa-768x370.jpg 768w, https:\/\/www.burgosdeporte.com\/wp-content\/uploads\/2025\/08\/Perfil-de-la-quinta-etapa-150x72.jpg 150w, https:\/\/www.burgosdeporte.com\/wp-content\/uploads\/2025\/08\/Perfil-de-la-quinta-etapa-696x336.jpg 696w\" sizes=\"auto, (max-width: 873px) 100vw, 873px\" \/><figcaption class=\"wp-element-caption\">Perfil de la quinta y \u00faltima etapa de la Vuelta a Burgos 2025<\/figcaption><\/figure>\n\n\n\n<p><strong>LA VUELTA A BURGOS SE DECIDE EN NEILA<\/strong><\/p>\n\n\n\n<p>Llega la quinta y \u00faltima etapa de la Vuelta a Burgos entre Santo Domingo de Silos y las Lagunas de Neila, con un\u00a0recorrido de 138 kil\u00f3metros. La subida a Las Lagunas, un tramo conocido por su dureza y belleza natural, suele ser decisivo en la clasificaci\u00f3n general, por lo que se espera un cierre intenso entre los favoritos al t\u00edtulo.<\/p>\n","protected":false},"excerpt":{"rendered":"<p>La ronda burgalesa se decidir\u00e1 ma\u00f1ana s\u00e1bado en la quinta y \u00faltima etapa con final en Neila. El ciclista italiano Damiano Caruso se impuso en la cuarta etapa de la Vuelta a Burgos con meta en Regumiel de la Sierra tras la salida en las instalaciones de Burpellet en Do\u00f1a Santos. &nbsp;Una etapa, en principio [&hellip;]<\/p>\n","protected":false},"author":10,"featured_media":142787,"comment_status":"closed","ping_status":"closed","sticky":false,"template":"","format":"standard","meta":{"_monsterinsights_skip_tracking":false,"_monsterinsights_sitenote_active":false,"_monsterinsights_sitenote_note":"","_monsterinsights_sitenote_category":0,"footnotes":""},"categories":[63],"tags":[1553,266,479,691],"class_list":{"0":"post-142785","1":"post","2":"type-post","3":"status-publish","4":"format-standard","5":"has-post-thumbnail","7":"category-ciclismo","8":"tag-actualidad-2","9":"tag-idjburgos","10":"tag-vueltaaburgos","11":"tag-vueltaburgos"},"views":36,"_links":{"self":[{"href":"https:\/\/www.burgosdeporte.com\/index.php?rest_route=\/wp\/v2\/posts\/142785","targetHints":{"allow":["GET"]}}],"collection":[{"href":"https:\/\/www.burgosdeporte.com\/index.php?rest_route=\/wp\/v2\/posts"}],"about":[{"href":"https:\/\/www.burgosdeporte.com\/index.php?rest_route=\/wp\/v2\/types\/post"}],"author":[{"embeddable":true,"href":"https:\/\/www.burgosdeporte.com\/index.php?rest_route=\/wp\/v2\/users\/10"}],"replies":[{"embeddable":true,"href":"https:\/\/www.burgosdeporte.com\/index.php?rest_route=%2Fwp%2Fv2%2Fcomments&post=142785"}],"version-history":[{"count":3,"href":"https:\/\/www.burgosdeporte.com\/index.php?rest_route=\/wp\/v2\/posts\/142785\/revisions"}],"predecessor-version":[{"id":142801,"href":"https:\/\/www.burgosdeporte.com\/index.php?rest_route=\/wp\/v2\/posts\/142785\/revisions\/142801"}],"wp:featuredmedia":[{"embeddable":true,"href":"https:\/\/www.burgosdeporte.com\/index.php?rest_route=\/wp\/v2\/media\/142787"}],"wp:attachment":[{"href":"https:\/\/www.burgosdeporte.com\/index.php?rest_route=%2Fwp%2Fv2%2Fmedia&parent=142785"}],"wp:term":[{"taxonomy":"category","embeddable":true,"href":"https:\/\/www.burgosdeporte.com\/index.php?rest_route=%2Fwp%2Fv2%2Fcategories&post=142785"},{"taxonomy":"post_tag","embeddable":true,"href":"https:\/\/www.burgosdeporte.com\/index.php?rest_route=%2Fwp%2Fv2%2Ftags&post=142785"}],"curies":[{"name":"wp","href":"https:\/\/api.w.org\/{rel}","templated":true}]}}