{"id":142750,"date":"2025-08-07T17:34:26","date_gmt":"2025-08-07T15:34:26","guid":{"rendered":"https:\/\/www.burgosdeporte.com\/?p=142750"},"modified":"2025-08-08T17:47:53","modified_gmt":"2025-08-08T15:47:53","slug":"valpuesta-corona-a-leo-bisiaux-como-lider-de-la-vuelta-a-burgos","status":"publish","type":"post","link":"https:\/\/www.burgosdeporte.com\/?p=142750","title":{"rendered":"Valpuesta corona a L\u00e9o Bisiaux como l\u00edder de la Vuelta a Burgos"},"content":{"rendered":"\n<h2 class=\"wp-block-heading\">La tercera etapa de la Vuelta a Burgos, como se esperaba, provoc\u00f3 novedades tras la subida al Puerto de Ordu\u00f1a en un final que permiti\u00f3 a Biisiaux lograr su primera victoria en el ciclismo profesional dejando atr\u00e1s a Del Toro y Ciccone.<\/h2>\n\n\n\n<figure class=\"wp-block-image size-full\"><img loading=\"lazy\" decoding=\"async\" width=\"750\" height=\"264\" src=\"https:\/\/www.burgosdeporte.com\/wp-content\/uploads\/2025\/05\/HCB_Amarillo.jpg\" alt=\"\" class=\"wp-image-140420\" srcset=\"https:\/\/www.burgosdeporte.com\/wp-content\/uploads\/2025\/05\/HCB_Amarillo.jpg 750w, https:\/\/www.burgosdeporte.com\/wp-content\/uploads\/2025\/05\/HCB_Amarillo-300x106.jpg 300w, https:\/\/www.burgosdeporte.com\/wp-content\/uploads\/2025\/05\/HCB_Amarillo-150x53.jpg 150w, https:\/\/www.burgosdeporte.com\/wp-content\/uploads\/2025\/05\/HCB_Amarillo-696x245.jpg 696w\" sizes=\"auto, (max-width: 750px) 100vw, 750px\" \/><\/figure>\n\n\n\n<p>Fue una etapa exigente, entre San Pedro de Carde\u00f1a y Valpuesta que movi\u00f3 la clasificaci\u00f3n y puso un nuevo l\u00edder, el corredor franc\u00e9s L\u00e9o Bisiaux. <\/p>\n\n\n\n<p>Tercera etapa de la Vuelta a Burgos que comenz\u00f3 con una enorme intensidad en las que era imposible la escapada del grupo en los primeros kil\u00f3metros como hab\u00eda sucedido en las dos etapas anteriores. Tras medio centenar de kil\u00f3metros se produc\u00eda el primer tir\u00f3n con seis corredores en cabeza: Sander de Pestel (Decathlon), Daniel Cavia (Burgos), Gorka Sorarrain (Caja Rural), Hugo Aznar (Kern Pharma), Iker Mintegi (Euskaltel) y Mario Silva (Illes Balears). El grupo tom\u00f3 ventajas cercanas a los cinco minutos que luego fueron bajando en la medida en la que el pelot\u00f3n apretaba la marcha. <\/p>\n\n\n\n<figure class=\"wp-block-image size-full\"><img loading=\"lazy\" decoding=\"async\" width=\"1000\" height=\"645\" src=\"https:\/\/www.burgosdeporte.com\/wp-content\/uploads\/2025\/08\/vuelta-burgos-25-3.jpg\" alt=\"\" class=\"wp-image-142758\" srcset=\"https:\/\/www.burgosdeporte.com\/wp-content\/uploads\/2025\/08\/vuelta-burgos-25-3.jpg 1000w, https:\/\/www.burgosdeporte.com\/wp-content\/uploads\/2025\/08\/vuelta-burgos-25-3-300x194.jpg 300w, https:\/\/www.burgosdeporte.com\/wp-content\/uploads\/2025\/08\/vuelta-burgos-25-3-768x495.jpg 768w, https:\/\/www.burgosdeporte.com\/wp-content\/uploads\/2025\/08\/vuelta-burgos-25-3-150x97.jpg 150w, https:\/\/www.burgosdeporte.com\/wp-content\/uploads\/2025\/08\/vuelta-burgos-25-3-696x449.jpg 696w\" sizes=\"auto, (max-width: 1000px) 100vw, 1000px\" \/><figcaption class=\"wp-element-caption\">Foto: Ricardo Ord\u00f3\u00f1ez<\/figcaption><\/figure>\n\n\n\n<p>En el Alto de Ozeka, De Pestel y Sorarrain, destacaron entre el grupo de cabeza logrando los primeros puestos. La diferencia con el pelot\u00f3n era entonces de 2:30. Llegaba la hora de Mikel Landa , tras su ca\u00edda en el Giro. El corredor del Movistar se dejaba ver en Las Campas y logr\u00f3 abrir un hueco uni\u00e9ndose a De Pestel, aunque con una ventaja muy escasa. <\/p>\n\n\n\n<figure class=\"wp-block-image size-full\"><img loading=\"lazy\" decoding=\"async\" width=\"1000\" height=\"585\" src=\"https:\/\/www.burgosdeporte.com\/wp-content\/uploads\/2025\/08\/vuelta-burgos-25-3-1111.jpg\" alt=\"\" class=\"wp-image-142755\" srcset=\"https:\/\/www.burgosdeporte.com\/wp-content\/uploads\/2025\/08\/vuelta-burgos-25-3-1111.jpg 1000w, https:\/\/www.burgosdeporte.com\/wp-content\/uploads\/2025\/08\/vuelta-burgos-25-3-1111-300x176.jpg 300w, https:\/\/www.burgosdeporte.com\/wp-content\/uploads\/2025\/08\/vuelta-burgos-25-3-1111-768x449.jpg 768w, https:\/\/www.burgosdeporte.com\/wp-content\/uploads\/2025\/08\/vuelta-burgos-25-3-1111-150x88.jpg 150w, https:\/\/www.burgosdeporte.com\/wp-content\/uploads\/2025\/08\/vuelta-burgos-25-3-1111-696x407.jpg 696w\" sizes=\"auto, (max-width: 1000px) 100vw, 1000px\" \/><figcaption class=\"wp-element-caption\">Foto: Ricardo Ord\u00f3\u00f1ez<\/figcaption><\/figure>\n\n\n\n<p>Llegaba el Puerto de Ordu\u00f1a, que ser\u00eda el juez de la etapa. A 27 kil\u00f3metros de meta  Landa fue neutralizado y poco despu\u00e9s era Ciccone quien se marchaba y al que solo el franc\u00e9s L\u00e9o Bisiaux era capaz de seguir el ritmo. Del Toro se desfondaba y a 23 kil\u00f3metros de la llegada Pellizzari y Fortunato enlazaban con los dos perseguidores. En el descenso se comenzaron a decantar las posiciones con un grupo de cinco corredores que buscaban la victoria final: Del Toro, Pellizzari, Fortunato, Ciccone y Bisiaux.<\/p>\n\n\n\n<figure class=\"wp-block-image size-full\"><img loading=\"lazy\" decoding=\"async\" width=\"1000\" height=\"540\" src=\"https:\/\/www.burgosdeporte.com\/wp-content\/uploads\/2025\/08\/vuelta-burgos-25-3-11111.jpg\" alt=\"\" class=\"wp-image-142754\" srcset=\"https:\/\/www.burgosdeporte.com\/wp-content\/uploads\/2025\/08\/vuelta-burgos-25-3-11111.jpg 1000w, https:\/\/www.burgosdeporte.com\/wp-content\/uploads\/2025\/08\/vuelta-burgos-25-3-11111-300x162.jpg 300w, https:\/\/www.burgosdeporte.com\/wp-content\/uploads\/2025\/08\/vuelta-burgos-25-3-11111-768x415.jpg 768w, https:\/\/www.burgosdeporte.com\/wp-content\/uploads\/2025\/08\/vuelta-burgos-25-3-11111-150x81.jpg 150w, https:\/\/www.burgosdeporte.com\/wp-content\/uploads\/2025\/08\/vuelta-burgos-25-3-11111-696x376.jpg 696w\" sizes=\"auto, (max-width: 1000px) 100vw, 1000px\" \/><figcaption class=\"wp-element-caption\">Foto: Ricardo Ord\u00f3\u00f1ez<\/figcaption><\/figure>\n\n\n\n<p>A 14 kil\u00f3metros de la meta la ventaja de este grupo era de 40 segundos sobre sus perseguidores entre los que se encontraban Egan Bernal, Antonio Pedrero, Jos\u00e9 F\u00e9lix Parra, Urko Berrade y el arandino Mario Aparicio. <\/p>\n\n\n\n<figure class=\"wp-block-image size-full\"><img loading=\"lazy\" decoding=\"async\" width=\"1000\" height=\"665\" src=\"https:\/\/www.burgosdeporte.com\/wp-content\/uploads\/2025\/08\/vuelta-burgos-25-3-1111111.jpg\" alt=\"\" class=\"wp-image-142752\" srcset=\"https:\/\/www.burgosdeporte.com\/wp-content\/uploads\/2025\/08\/vuelta-burgos-25-3-1111111.jpg 1000w, https:\/\/www.burgosdeporte.com\/wp-content\/uploads\/2025\/08\/vuelta-burgos-25-3-1111111-300x200.jpg 300w, https:\/\/www.burgosdeporte.com\/wp-content\/uploads\/2025\/08\/vuelta-burgos-25-3-1111111-768x511.jpg 768w, https:\/\/www.burgosdeporte.com\/wp-content\/uploads\/2025\/08\/vuelta-burgos-25-3-1111111-150x100.jpg 150w, https:\/\/www.burgosdeporte.com\/wp-content\/uploads\/2025\/08\/vuelta-burgos-25-3-1111111-696x463.jpg 696w\" sizes=\"auto, (max-width: 1000px) 100vw, 1000px\" \/><figcaption class=\"wp-element-caption\">Foto: Ricardo Ord\u00f3\u00f1ez<\/figcaption><\/figure>\n\n\n\n<p> Pero no hubo m\u00e1s sorpresas y el quinteto de cabeza llegar\u00eda a la meta para jugarse sus opciones, con triunfo de L\u00e9o&nbsp;Bisiaux, que en los \u00faltimos metros supo irse en solitario y superar a Del Toro y Ciccone. El corredor franc\u00e9s lograba adem\u00e1s de la victoria el liderato en la Vuelta a Burgos con 22 segundos de ventaja sobre Giulio Pellizzari y 26 con Isaac del Toro y Lorenzo Fortunato. La emoci\u00f3n para las pr\u00f3ximas etapas est\u00e1 servida. <\/p>\n\n\n\n<p> <strong>Clasificaci\u00f3n tercera etapa <\/strong><\/p>\n\n\n\n<ol class=\"wp-block-list\">\n<li>L\u00e9o Bisiaux | Francia | 4:19:44<\/li>\n\n\n\n<li>Giulio Ciccone | Italia | +9<\/li>\n\n\n\n<li>Giulio Pellizari | Italia | +9<\/li>\n\n\n\n<li>Isaac del Toro | M\u00e9xico | +9<\/li>\n\n\n\n<li>Lorenzo Fortunato | Italia | +9<\/li>\n\n\n\n<li>Giovanni Aleotti | Italia | +23<\/li>\n\n\n\n<li>Johanes Kulset | Noruega | +23<\/li>\n\n\n\n<li>Urko Berrade | Espa\u00f1a | +23<\/li>\n\n\n\n<li>Andrew August | Estados Unidos | +23<\/li>\n\n\n\n<li>Fabio Christen | Suiza | +39<\/li>\n<\/ol>\n\n\n\n<p><strong>Clasificaci\u00f3n General<\/strong><\/p>\n\n\n\n<ol class=\"wp-block-list\">\n<li>L\u00e9o Bisiaux | Francia | 12:46:29 | (Maillot morado)<\/li>\n\n\n\n<li>Giulio Pellizari | Italia | | +22 | (Maillot blanco)<\/li>\n\n\n\n<li>Isaac del Toro | M\u00e9xico | +26<\/li>\n\n\n\n<li>Lorenzo Fortunato | Italia | +26<\/li>\n\n\n\n<li>Johanes Kulset | Noruega | +40<\/li>\n\n\n\n<li>Giovanni Aleotti | Italia | +40<\/li>\n\n\n\n<li>Urko Berrade | Espa\u00f1a | +40<\/li>\n\n\n\n<li>Andrew August | Estados Unidos | +40<\/li>\n\n\n\n<li>Fabio Christen | Suiza | +52<\/li>\n\n\n\n<li>Egan Bernal | Colombia | +53<\/li>\n<\/ol>\n\n\n\n<p><strong>CUARTA ETAPA: Burpellet en Do\u00f1a Santos &#8211; Regumiel de la Sierra<\/strong><\/p>\n\n\n\n<p>Contin\u00faa la Vuelta a Burgos en su cuarta etapa con un recorrido de media monta\u00f1a de 162 162 kil\u00f3metros. Partir\u00e1 de\u00a0Burpellet, en Do\u00f1a Santos\u00a0y concluir\u00e1 en\u00a0Regumiel de la Sierra,\u00a0nueva l\u00ednea de meta. <\/p>\n\n\n\n<figure class=\"wp-block-image size-full\"><img loading=\"lazy\" decoding=\"async\" width=\"901\" height=\"346\" src=\"https:\/\/www.burgosdeporte.com\/wp-content\/uploads\/2025\/08\/perfil-cuarta-etapa-vb-2025.jpg\" alt=\"\" class=\"wp-image-142766\" srcset=\"https:\/\/www.burgosdeporte.com\/wp-content\/uploads\/2025\/08\/perfil-cuarta-etapa-vb-2025.jpg 901w, https:\/\/www.burgosdeporte.com\/wp-content\/uploads\/2025\/08\/perfil-cuarta-etapa-vb-2025-300x115.jpg 300w, https:\/\/www.burgosdeporte.com\/wp-content\/uploads\/2025\/08\/perfil-cuarta-etapa-vb-2025-768x295.jpg 768w, https:\/\/www.burgosdeporte.com\/wp-content\/uploads\/2025\/08\/perfil-cuarta-etapa-vb-2025-150x58.jpg 150w, https:\/\/www.burgosdeporte.com\/wp-content\/uploads\/2025\/08\/perfil-cuarta-etapa-vb-2025-696x267.jpg 696w\" sizes=\"auto, (max-width: 901px) 100vw, 901px\" \/><figcaption class=\"wp-element-caption\">Perfil de la cuarta etapa de la Vuelta a Burgos 2025. <\/figcaption><\/figure>\n\n\n\n<p>Especial atenci\u00f3n a los \u00faltimos kil\u00f3metros que incluyen dos ascensiones: el Collado de Vilviestre y el Alto del Cargadero, en una zona rica en bosques centenarios. La llegada, en alto, ser\u00e1 un reto para los favoritos a la general.<\/p>\n\n\n\n<p><strong><mark>BURGOSDEPORTE EN LA VUELTA A BURGOS<\/mark><\/strong><\/p>\n\n\n\n<p><strong><mark>SIGUE LA VUELTA A BURGOS EN BURGOSDEPORTE RADIO<\/mark><\/strong><\/p>\n\n\n\n<p><strong><mark>DEL 5 AL 9 DE AGOSTO.- DESDE LAS 15,00 H.&nbsp;<\/mark><\/strong><mark><strong>Retransmisi\u00f3n compartida con Radio Arlanz\u00f3n, Burgosnoticias y La 9 TV&nbsp;<\/strong><\/mark>.-&nbsp;<strong><mark>NO TE LO PIERDAS<\/mark><\/strong><\/p>\n\n\n\n<figure class=\"wp-block-image\"><a href=\"https:\/\/www.burgosdeporte.com\/?p=111930\"><img loading=\"lazy\" decoding=\"async\" width=\"815\" height=\"190\" src=\"https:\/\/www.burgosdeporte.com\/wp-content\/uploads\/2023\/10\/BANNER-BURGOSDEPORTE-RADIO_2.png\" alt=\"\" class=\"wp-image-108527\" srcset=\"https:\/\/www.burgosdeporte.com\/wp-content\/uploads\/2023\/10\/BANNER-BURGOSDEPORTE-RADIO_2.png 815w, https:\/\/www.burgosdeporte.com\/wp-content\/uploads\/2023\/10\/BANNER-BURGOSDEPORTE-RADIO_2-300x70.png 300w, https:\/\/www.burgosdeporte.com\/wp-content\/uploads\/2023\/10\/BANNER-BURGOSDEPORTE-RADIO_2-768x179.png 768w, https:\/\/www.burgosdeporte.com\/wp-content\/uploads\/2023\/10\/BANNER-BURGOSDEPORTE-RADIO_2-150x35.png 150w, https:\/\/www.burgosdeporte.com\/wp-content\/uploads\/2023\/10\/BANNER-BURGOSDEPORTE-RADIO_2-696x162.png 696w\" sizes=\"auto, (max-width: 815px) 100vw, 815px\" \/><\/a><\/figure>\n","protected":false},"excerpt":{"rendered":"<p>La tercera etapa de la Vuelta a Burgos, como se esperaba, provoc\u00f3 novedades tras la subida al Puerto de Ordu\u00f1a en un final que permiti\u00f3 a Biisiaux lograr su primera victoria en el ciclismo profesional dejando atr\u00e1s a Del Toro y Ciccone. Fue una etapa exigente, entre San Pedro de Carde\u00f1a y Valpuesta que movi\u00f3 [&hellip;]<\/p>\n","protected":false},"author":10,"featured_media":142751,"comment_status":"closed","ping_status":"closed","sticky":false,"template":"","format":"standard","meta":{"_monsterinsights_skip_tracking":false,"_monsterinsights_sitenote_active":false,"_monsterinsights_sitenote_note":"","_monsterinsights_sitenote_category":0,"footnotes":""},"categories":[63],"tags":[1553,266,479,691],"class_list":{"0":"post-142750","1":"post","2":"type-post","3":"status-publish","4":"format-standard","5":"has-post-thumbnail","7":"category-ciclismo","8":"tag-actualidad-2","9":"tag-idjburgos","10":"tag-vueltaaburgos","11":"tag-vueltaburgos"},"views":50,"_links":{"self":[{"href":"https:\/\/www.burgosdeporte.com\/index.php?rest_route=\/wp\/v2\/posts\/142750","targetHints":{"allow":["GET"]}}],"collection":[{"href":"https:\/\/www.burgosdeporte.com\/index.php?rest_route=\/wp\/v2\/posts"}],"about":[{"href":"https:\/\/www.burgosdeporte.com\/index.php?rest_route=\/wp\/v2\/types\/post"}],"author":[{"embeddable":true,"href":"https:\/\/www.burgosdeporte.com\/index.php?rest_route=\/wp\/v2\/users\/10"}],"replies":[{"embeddable":true,"href":"https:\/\/www.burgosdeporte.com\/index.php?rest_route=%2Fwp%2Fv2%2Fcomments&post=142750"}],"version-history":[{"count":4,"href":"https:\/\/www.burgosdeporte.com\/index.php?rest_route=\/wp\/v2\/posts\/142750\/revisions"}],"predecessor-version":[{"id":142767,"href":"https:\/\/www.burgosdeporte.com\/index.php?rest_route=\/wp\/v2\/posts\/142750\/revisions\/142767"}],"wp:featuredmedia":[{"embeddable":true,"href":"https:\/\/www.burgosdeporte.com\/index.php?rest_route=\/wp\/v2\/media\/142751"}],"wp:attachment":[{"href":"https:\/\/www.burgosdeporte.com\/index.php?rest_route=%2Fwp%2Fv2%2Fmedia&parent=142750"}],"wp:term":[{"taxonomy":"category","embeddable":true,"href":"https:\/\/www.burgosdeporte.com\/index.php?rest_route=%2Fwp%2Fv2%2Fcategories&post=142750"},{"taxonomy":"post_tag","embeddable":true,"href":"https:\/\/www.burgosdeporte.com\/index.php?rest_route=%2Fwp%2Fv2%2Ftags&post=142750"}],"curies":[{"name":"wp","href":"https:\/\/api.w.org\/{rel}","templated":true}]}}